{"id":24871,"date":"2023-03-26T09:36:21","date_gmt":"2023-03-26T06:36:21","guid":{"rendered":"http:\/\/akdenizolaygazetesi.com\/?p=24871"},"modified":"2023-03-26T09:36:21","modified_gmt":"2023-03-26T06:36:21","slug":"vali-ali-hamza-pehlivan-sahuru-depremzede-vatandaslarimizla-birlikte-yapti","status":"publish","type":"post","link":"https:\/\/mersinkadingazetesi.com\/?p=24871","title":{"rendered":"VAL\u0130 AL\u0130 HAMZA PEHL\u0130VAN, SAHURU DEPREMZEDE VATANDA\u015eLARIMIZLA B\u0130RL\u0130KTE YAPTI"},"content":{"rendered":"<p>Valimiz Ali Hamza Pehlivan, deprem b\u00f6lgesinden gelerek, Akdeniz \u0130l\u00e7emizde, KYK \u00f6\u011frenci yurdunda misafir edilen depremzede vatanda\u015flar\u0131m\u0131zla sahurda bulu\u015ftu.<\/p>\n<p>\u00d6\u011frenci yurdundaki misafirlerimizle yak\u0131ndan ilgilenen Vali Pehlivan, depremlerde hayat\u0131n\u0131 kaybeden vatanda\u015flar\u0131m\u0131za Allahtan rahmet, yaral\u0131lara acil \u015fifalar, yak\u0131nlar\u0131na ve aziz milletimize ge\u00e7mi\u015f olsun dileklerinde bulundu.<\/p>\n<p>Yurdun yemekhanesinde vatanda\u015flarla sohbet ederek, taleplerini dinleyen Vali Pehlivan, devletimizin t\u00fcm imkanlar\u0131yla her zaman vatanda\u015flar\u0131m\u0131z\u0131n yan\u0131nda oldu\u011funu belirterek, Ramazan-\u0131 \u015feriflerini tebrik etti.<\/p>\n<p>Sahur program\u0131nda Vali Ali Hamza Pehlivan&#8217;a Akdeniz Kaymakam\u0131 Zeyit \u015eener, Gen\u00e7lik ve Spor \u0130l M\u00fcd\u00fcr\u00fc \u00d6kke\u015f Demir, Gen\u00e7lik ve Spor Bakan Dan\u0131\u015fman\u0131 S\u00fcleyman Bayraktar e\u015flik etti.<\/p>\n","protected":false},"excerpt":{"rendered":"<p>Valimiz Ali Hamza Pehlivan, deprem b\u00f6lgesinden gelerek, Akdeniz \u0130l\u00e7emizde, KYK \u00f6\u011frenci yurdunda misafir edilen depremzede vatanda\u015flar\u0131m\u0131zla sahurda bulu\u015ftu. \u00d6\u011frenci yurdundaki misafirlerimizle yak\u0131ndan ilgilenen Vali Pehlivan, depremlerde hayat\u0131n\u0131 kaybeden vatanda\u015flar\u0131m\u0131za Allahtan rahmet, yaral\u0131lara acil \u015fifalar, yak\u0131nlar\u0131na ve aziz milletimize ge\u00e7mi\u015f olsun dileklerinde bulundu. Yurdun yemekhanesinde vatanda\u015flarla sohbet ederek, taleplerini dinleyen Vali Pehlivan, devletimizin t\u00fcm imkanlar\u0131yla her [&hellip;]<\/p>\n","protected":false},"author":2,"featured_media":24872,"comment_status":"open","ping_status":"open","sticky":false,"template":"","format":"standard","meta":{"footnotes":""},"categories":[3],"tags":[],"class_list":["post-24871","post","type-post","status-publish","format-standard","has-post-thumbnail","hentry","category-manset"],"views":1,"_links":{"self":[{"href":"https:\/\/mersinkadingazetesi.com\/index.php?rest_route=\/wp\/v2\/posts\/24871"}],"collection":[{"href":"https:\/\/mersinkadingazetesi.com\/index.php?rest_route=\/wp\/v2\/posts"}],"about":[{"href":"https:\/\/mersinkadingazetesi.com\/index.php?rest_route=\/wp\/v2\/types\/post"}],"author":[{"embeddable":true,"href":"https:\/\/mersinkadingazetesi.com\/index.php?rest_route=\/wp\/v2\/users\/2"}],"replies":[{"embeddable":true,"href":"https:\/\/mersinkadingazetesi.com\/index.php?rest_route=%2Fwp%2Fv2%2Fcomments&post=24871"}],"version-history":[{"count":0,"href":"https:\/\/mersinkadingazetesi.com\/index.php?rest_route=\/wp\/v2\/posts\/24871\/revisions"}],"wp:featuredmedia":[{"embeddable":true,"href":"https:\/\/mersinkadingazetesi.com\/index.php?rest_route=\/wp\/v2\/media\/24872"}],"wp:attachment":[{"href":"https:\/\/mersinkadingazetesi.com\/index.php?rest_route=%2Fwp%2Fv2%2Fmedia&parent=24871"}],"wp:term":[{"taxonomy":"category","embeddable":true,"href":"https:\/\/mersinkadingazetesi.com\/index.php?rest_route=%2Fwp%2Fv2%2Fcategories&post=24871"},{"taxonomy":"post_tag","embeddable":true,"href":"https:\/\/mersinkadingazetesi.com\/index.php?rest_route=%2Fwp%2Fv2%2Ftags&post=24871"}],"curies":[{"name":"wp","href":"https:\/\/api.w.org\/{rel}","templated":true}]}}