{"id":24893,"date":"2023-03-27T13:34:06","date_gmt":"2023-03-27T10:34:06","guid":{"rendered":"http:\/\/akdenizolaygazetesi.com\/?p=24893"},"modified":"2023-03-27T13:34:06","modified_gmt":"2023-03-27T10:34:06","slug":"koca-depremzede-misafirlerimizle-bir-araya-geldi","status":"publish","type":"post","link":"https:\/\/mersinkadingazetesi.com\/?p=24893","title":{"rendered":"KOCA DEPREMZEDE M\u0130SAF\u0130RLER\u0130M\u0130ZLE B\u0130R ARAYA GELD\u0130"},"content":{"rendered":"<p>Mersin Orman B\u00f6lge M\u00fcd\u00fcrl\u00fc\u011f\u00fcm\u00fczce Orman Haftas\u0131 Etkinlikleri \u00e7er\u00e7evesinde, halk\u0131m\u0131z\u0131n yo\u011fun olarak bulundu\u011fu Forum Al\u0131\u015fveri\u015f Merkezinde yap\u0131lan \u00fccretsiz fidan da\u011f\u0131t\u0131m\u0131na halk\u0131m\u0131z yo\u011fun ilgi g\u00f6sterdi.<br \/>\nG\u00fcn i\u00e7erisinde binlerce insan\u0131n ziyaret etti\u011fi al\u0131\u015fveri\u015f merkezinde, b\u00f6lge m\u00fcd\u00fcrl\u00fc\u011f\u00fcm\u00fczce fidan da\u011f\u0131t\u0131m\u0131 yap\u0131ld\u0131.<br \/>\n\u00dccretsiz fidan da\u011f\u0131t\u0131m\u0131nda servi, f\u0131st\u0131k \u00e7am\u0131 ve ke\u00e7iboynuzu t\u00fcrlerinden olu\u015fan 3000 adet fidan da\u011f\u0131t\u0131m\u0131 ger\u00e7ekle\u015ftirildi.<br \/>\nMersin Orman B\u00f6lge M\u00fcd\u00fcrl\u00fc\u011f\u00fc olarak fidan da\u011f\u0131t\u0131m etkinliklerimiz bundan sonra da devam edecektir.<\/p>\n","protected":false},"excerpt":{"rendered":"<p>Mersin Orman B\u00f6lge M\u00fcd\u00fcrl\u00fc\u011f\u00fcm\u00fczce Orman Haftas\u0131 Etkinlikleri \u00e7er\u00e7evesinde, halk\u0131m\u0131z\u0131n yo\u011fun olarak bulundu\u011fu Forum Al\u0131\u015fveri\u015f Merkezinde yap\u0131lan \u00fccretsiz fidan da\u011f\u0131t\u0131m\u0131na halk\u0131m\u0131z yo\u011fun ilgi g\u00f6sterdi. G\u00fcn i\u00e7erisinde binlerce insan\u0131n ziyaret etti\u011fi al\u0131\u015fveri\u015f merkezinde, b\u00f6lge m\u00fcd\u00fcrl\u00fc\u011f\u00fcm\u00fczce fidan da\u011f\u0131t\u0131m\u0131 yap\u0131ld\u0131. \u00dccretsiz fidan da\u011f\u0131t\u0131m\u0131nda servi, f\u0131st\u0131k \u00e7am\u0131 ve ke\u00e7iboynuzu t\u00fcrlerinden olu\u015fan 3000 adet fidan da\u011f\u0131t\u0131m\u0131 ger\u00e7ekle\u015ftirildi. Mersin Orman B\u00f6lge M\u00fcd\u00fcrl\u00fc\u011f\u00fc [&hellip;]<\/p>\n","protected":false},"author":2,"featured_media":24894,"comment_status":"open","ping_status":"open","sticky":false,"template":"","format":"standard","meta":{"footnotes":""},"categories":[3],"tags":[],"class_list":["post-24893","post","type-post","status-publish","format-standard","has-post-thumbnail","hentry","category-manset"],"views":0,"_links":{"self":[{"href":"https:\/\/mersinkadingazetesi.com\/index.php?rest_route=\/wp\/v2\/posts\/24893"}],"collection":[{"href":"https:\/\/mersinkadingazetesi.com\/index.php?rest_route=\/wp\/v2\/posts"}],"about":[{"href":"https:\/\/mersinkadingazetesi.com\/index.php?rest_route=\/wp\/v2\/types\/post"}],"author":[{"embeddable":true,"href":"https:\/\/mersinkadingazetesi.com\/index.php?rest_route=\/wp\/v2\/users\/2"}],"replies":[{"embeddable":true,"href":"https:\/\/mersinkadingazetesi.com\/index.php?rest_route=%2Fwp%2Fv2%2Fcomments&post=24893"}],"version-history":[{"count":0,"href":"https:\/\/mersinkadingazetesi.com\/index.php?rest_route=\/wp\/v2\/posts\/24893\/revisions"}],"wp:featuredmedia":[{"embeddable":true,"href":"https:\/\/mersinkadingazetesi.com\/index.php?rest_route=\/wp\/v2\/media\/24894"}],"wp:attachment":[{"href":"https:\/\/mersinkadingazetesi.com\/index.php?rest_route=%2Fwp%2Fv2%2Fmedia&parent=24893"}],"wp:term":[{"taxonomy":"category","embeddable":true,"href":"https:\/\/mersinkadingazetesi.com\/index.php?rest_route=%2Fwp%2Fv2%2Fcategories&post=24893"},{"taxonomy":"post_tag","embeddable":true,"href":"https:\/\/mersinkadingazetesi.com\/index.php?rest_route=%2Fwp%2Fv2%2Ftags&post=24893"}],"curies":[{"name":"wp","href":"https:\/\/api.w.org\/{rel}","templated":true}]}}