{"id":25000,"date":"2023-04-03T13:17:46","date_gmt":"2023-04-03T10:17:46","guid":{"rendered":"http:\/\/akdenizolaygazetesi.com\/?p=25000"},"modified":"2023-04-03T13:17:46","modified_gmt":"2023-04-03T10:17:46","slug":"mersin-buyuksehirden-otizm-farkindaligi-icin-anlamli-etkinlik","status":"publish","type":"post","link":"https:\/\/mersinkadingazetesi.com\/?p=25000","title":{"rendered":"MERS\u0130N B\u00dcY\u00dcK\u015eEH\u0130R&#8217;DEN OT\u0130ZM FARKINDALI\u011eI \u0130\u00c7\u0130N ANLAMLI ETK\u0130NL\u0130K"},"content":{"rendered":"<p>Mersin B\u00fcy\u00fck\u015fehir Belediyesi Sa\u011fl\u0131k \u0130\u015fleri Dairesi &#8216;2 Nisan D\u00fcnya Otizm Fark\u0131ndal\u0131k G\u00fcn\u00fc&#8217; dolay\u0131s\u0131yla anlaml\u0131 bir etkinlik d\u00fczenlendi. Forum AVM&#8217;de ger\u00e7ekle\u015ftirilen etkinlikte otizm hakk\u0131nda insanlar\u0131 ayd\u0131nlatmak ve otizme dikkat \u00e7ekmek amac\u0131yla etkinlik yap\u0131ld\u0131.<\/p>\n<p>Fark\u0131ndal\u0131klar\u0131n yay\u0131lmas\u0131 amac\u0131yla \u00f6nemli g\u00fcnlerde etkinlikler d\u00fczenleyen Mersin B\u00fcy\u00fck\u015fehir Belediyesi, 2 Nisan D\u00fcnya Otizm Fark\u0131ndal\u0131k G\u00fcn\u00fc dolay\u0131s\u0131yla insanlar\u0131n s\u0131kl\u0131kla tercih etti\u011fi Forum AVM&#8217;de bilgilendirici \u015fovalelerin oldu\u011fu bir etkinlik haz\u0131rlad\u0131.<\/p>\n<p>Etkinlikte \u015f\u00f6valelerin \u00fczerindeki pankartlarda otizmle ilgili do\u011fru bilinen yanl\u0131\u015flar ile &#8216;otizmin fark\u0131nday\u0131z onlar\u0131n yan\u0131nday\u0131z&#8217;, &#8216;otizm bir eksiklik de\u011fil farkl\u0131l\u0131kt\u0131r&#8217;, &#8216;erken tan\u0131 ve yo\u011fun e\u011fitimle otizm belirtileri kontrol alt\u0131na al\u0131nabilmektedir&#8217;, &#8216;otizm spektrum bozuklu\u011fu do\u011fu\u015ftan gelen ya da ya\u015fam\u0131n ilk y\u0131llar\u0131nda ortaya \u00e7\u0131kan bir n\u00f6rogeli\u015fimsel farkl\u0131l\u0131kt\u0131r&#8217; gibi bilgiler yer ald\u0131.<\/p>\n<p>Vatanda\u015flar\u0131n ilgiyle kar\u015f\u0131lad\u0131\u011f\u0131 etkinlikte B\u00fcy\u00fck\u015fehir personeli, bilgilendirici bro\u015f\u00fcr da\u011f\u0131tarak, vatanda\u015flardan gelen sorular\u0131 yan\u0131tlad\u0131. Vatanda\u015flar, alandaki foto\u011fraf k\u00f6\u015fesinde &#8216;otizminfark\u0131nday\u0131z&#8217; hashtagli stickerler\u0131 ellerine yap\u0131\u015ft\u0131rarak foto\u011fraf \u00e7ektirdi.<\/p>\n<p>&#8220;Otizm bir eksiklik de\u011fil bir fark\u0131ndal\u0131kt\u0131r&#8221;<\/p>\n<p>Mersin B\u00fcy\u00fck\u015fehir Belediyesi Engelsiz Ya\u015fam Birimi&#8217;nde g\u00f6rev yapan Uzman Psikolog Dila Aslan, otizmin tan\u0131m\u0131n\u0131 yaparken, erken tan\u0131n\u0131n \u00f6nemine dikkat \u00e7ekti. D\u00fczenledikleri etkinli\u011fin amac\u0131na de\u011finen Aslan, &#8220;Bug\u00fcn burada 2 Nisan D\u00fcnya Otizm Fark\u0131ndal\u0131k G\u00fcn\u00fc amac\u0131yla insanlara bilgi vermek, fark\u0131ndal\u0131k yaratmak i\u00e7in buraday\u0131z. Yak\u0131n bir zamanda da Otizm Aile Dan\u0131\u015fmanl\u0131k Merkezimiz a\u00e7\u0131lacak. Buras\u0131 0-6 ya\u015f d\u00f6neminde \u00f6zellikle \u00e7ocuklar\u0131n e\u011fitimine y\u00f6nelik destekleyici bir merkez olacak. Unutmayal\u0131m otizm bir eksiklik de\u011fil bir fark\u0131ndal\u0131kt\u0131r&#8221; dedi.<\/p>\n<p>&#8220;Belediyemiz b\u00f6yle fark\u0131ndal\u0131k yaratt\u0131\u011f\u0131 i\u00e7in bilgilendirdi\u011fi i\u00e7in \u00e7ok mutluyum&#8221;<\/p>\n<p>Otizmli \u00e7ocu\u011fu olan ve etkinli\u011fe kat\u0131lan Hizan Tonga, otizmli \u00e7ocuklar\u0131n fark\u0131nda  olunmas\u0131 a\u00e7\u0131s\u0131ndan bu t\u00fcr etkinliklerin \u00f6nemli oldu\u011funu vurgulayarak,  &#8220;4 ya\u015f\u0131nda otizmli bir \u00e7ocu\u011fum var \u015fu an e\u011fitim g\u00f6r\u00fcyor. Bug\u00fcn fark\u0131ndal\u0131k g\u00fcn\u00fc. Belediyemiz b\u00f6yle fark\u0131ndal\u0131k yaratt\u0131\u011f\u0131 i\u00e7in bilgilendirdi\u011fi i\u00e7in \u00e7ok mutluyum. Bizim  de otizmi \u00e7ocuklar\u0131m\u0131z i\u00e7in g\u00f6sterilerimiz oluyor. Herkesin fark\u0131nda olmas\u0131n\u0131 \u00e7ok isterim. Farkl\u0131 de\u011filiz ayn\u0131y\u0131z. L\u00fctfen bize ba\u015fka g\u00f6zle bakmay\u0131n. \u00c7\u00fcnk\u00fc hi\u00e7bir fark\u0131m\u0131z yok&#8221; ifadelerini kulland\u0131.<\/p>\n<p>Bilgilendirici \u015fovaleler dikkatini \u00e7eken ve etkinli\u011fe kat\u0131lan Behiye Soylu da , &#8220;\u00c7ok g\u00fczel bir \u015fey. \u0130lk ba\u015fta bizim torunuma da \u00f6yle bir \u015fey varsay\u0131mda bulundular. Biz \u00e7ok bocalad\u0131k. Belediyenin \u00e7ocuklar i\u00e7in b\u00f6yle bir \u015fey yap\u0131lmas\u0131 \u00e7ok g\u00fczel. Tebrikler&#8221; diye konu\u015ftu.<\/p>\n","protected":false},"excerpt":{"rendered":"<p>Mersin B\u00fcy\u00fck\u015fehir Belediyesi Sa\u011fl\u0131k \u0130\u015fleri Dairesi &#8216;2 Nisan D\u00fcnya Otizm Fark\u0131ndal\u0131k G\u00fcn\u00fc&#8217; dolay\u0131s\u0131yla anlaml\u0131 bir etkinlik d\u00fczenlendi. Forum AVM&#8217;de ger\u00e7ekle\u015ftirilen etkinlikte otizm hakk\u0131nda insanlar\u0131 ayd\u0131nlatmak ve otizme dikkat \u00e7ekmek amac\u0131yla etkinlik yap\u0131ld\u0131. Fark\u0131ndal\u0131klar\u0131n yay\u0131lmas\u0131 amac\u0131yla \u00f6nemli g\u00fcnlerde etkinlikler d\u00fczenleyen Mersin B\u00fcy\u00fck\u015fehir Belediyesi, 2 Nisan D\u00fcnya Otizm Fark\u0131ndal\u0131k G\u00fcn\u00fc dolay\u0131s\u0131yla insanlar\u0131n s\u0131kl\u0131kla tercih etti\u011fi Forum AVM&#8217;de [&hellip;]<\/p>\n","protected":false},"author":2,"featured_media":25001,"comment_status":"open","ping_status":"open","sticky":false,"template":"","format":"standard","meta":{"footnotes":""},"categories":[3,9],"tags":[],"class_list":["post-25000","post","type-post","status-publish","format-standard","has-post-thumbnail","hentry","category-manset","category-saglik"],"views":1,"_links":{"self":[{"href":"https:\/\/mersinkadingazetesi.com\/index.php?rest_route=\/wp\/v2\/posts\/25000"}],"collection":[{"href":"https:\/\/mersinkadingazetesi.com\/index.php?rest_route=\/wp\/v2\/posts"}],"about":[{"href":"https:\/\/mersinkadingazetesi.com\/index.php?rest_route=\/wp\/v2\/types\/post"}],"author":[{"embeddable":true,"href":"https:\/\/mersinkadingazetesi.com\/index.php?rest_route=\/wp\/v2\/users\/2"}],"replies":[{"embeddable":true,"href":"https:\/\/mersinkadingazetesi.com\/index.php?rest_route=%2Fwp%2Fv2%2Fcomments&post=25000"}],"version-history":[{"count":0,"href":"https:\/\/mersinkadingazetesi.com\/index.php?rest_route=\/wp\/v2\/posts\/25000\/revisions"}],"wp:featuredmedia":[{"embeddable":true,"href":"https:\/\/mersinkadingazetesi.com\/index.php?rest_route=\/wp\/v2\/media\/25001"}],"wp:attachment":[{"href":"https:\/\/mersinkadingazetesi.com\/index.php?rest_route=%2Fwp%2Fv2%2Fmedia&parent=25000"}],"wp:term":[{"taxonomy":"category","embeddable":true,"href":"https:\/\/mersinkadingazetesi.com\/index.php?rest_route=%2Fwp%2Fv2%2Fcategories&post=25000"},{"taxonomy":"post_tag","embeddable":true,"href":"https:\/\/mersinkadingazetesi.com\/index.php?rest_route=%2Fwp%2Fv2%2Ftags&post=25000"}],"curies":[{"name":"wp","href":"https:\/\/api.w.org\/{rel}","templated":true}]}}