{"id":25012,"date":"2023-04-03T13:23:19","date_gmt":"2023-04-03T10:23:19","guid":{"rendered":"http:\/\/akdenizolaygazetesi.com\/?p=25012"},"modified":"2023-04-03T13:23:19","modified_gmt":"2023-04-03T10:23:19","slug":"mercek-kursiyerleri-isaret-dili-ogrenerek-engelleri-asacak","status":"publish","type":"post","link":"https:\/\/mersinkadingazetesi.com\/?p=25012","title":{"rendered":"MERCEK KURS\u0130YERLER\u0130 \u0130\u015eARET D\u0130L\u0130 \u00d6\u011eRENEREK ENGELLER\u0130 A\u015eACAK"},"content":{"rendered":"<p>Mersin B\u00fcy\u00fck\u015fehir Belediyesi, Sosyal Hizmetler Daire Ba\u015fkanl\u0131\u011f\u0131&#8217;na ba\u011fl\u0131 MERCEK&#8217;te &#8216;\u0130\u015faret Dili&#8217; kursu ba\u015flatt\u0131. K\u0131sa s\u00fcre \u00f6nce ba\u015flayan ve yakla\u015f\u0131k 28 ki\u015fi ile devam eden \u0130\u015faret Dili kursu 6 Haziran&#8217;a kadar s\u00fcrecek. Haftan\u0131n her g\u00fcn\u00fc 14.00-16.00 saatleri aras\u0131nda devam eden e\u011fitimde; i\u015fitme engelli vatanda\u015flar\u0131n ileti\u015fim kurma \u015fekilleri \u00f6\u011fretilirken, vatanda\u015flar\u0131n g\u00fcnl\u00fck hayatta i\u015fitme engelli bireylerle rahat\u00e7a ileti\u015fim kurmas\u0131 ama\u00e7lan\u0131yor.<br \/>\nMersinliler \u0130\u015faret Dili \u00f6\u011freniyor<br \/>\nBa\u015fkan Vahap Se\u00e7er \u00f6nc\u00fcl\u00fc\u011f\u00fcnde &#8216;Engelsiz Mersin&#8217; i\u00e7in bir\u00e7ok projeyi hayata ge\u00e7iren B\u00fcy\u00fck\u015fehir, kendi b\u00fcnyesinde personele y\u00f6nelik ger\u00e7ekle\u015ftirdi\u011fi i\u015faret dili e\u011fitimlerinin yan\u0131 s\u0131ra, MERCEK&#8217;te vatanda\u015flar i\u00e7in de bu konuda kurs a\u00e7t\u0131. Yeminli \u0130\u015faret Dili Terc\u00fcman&#8217;\u0131 Esen \u00c7ay&#8217;\u0131n e\u011fitim verdi\u011fi \u0130\u015faret Dili kursu, hafta i\u00e7i her g\u00fcn 14.00-16.00 saatleri aras\u0131nda s\u00fcr\u00fcyor. \u00dccretsiz olarak verilen e\u011fitimde; i\u015fitme engelli vatanda\u015flar\u0131n ileti\u015fim kurma \u015fekilleri, i\u015faret dili ile beden dili aras\u0131ndaki uyum ve T\u00fcrk \u0130\u015faret Dili&#8217;nin temel kurallar\u0131 \u00f6\u011fretilirken, vatanda\u015flar\u0131n g\u00fcnl\u00fck hayatta i\u015fitme engelli bireylerle rahat\u00e7a ileti\u015fim kurmas\u0131 ama\u00e7lan\u0131yor. Kursa kat\u0131lanlar \u015fu ana kadar, temel kelimelerin yan\u0131 s\u0131ra bir\u00e7ok ilk ileti\u015fim c\u00fcmlelerini de \u00f6\u011frendiler.<br \/>\n\u00c7ay: &#8220;\u0130\u015fitme engelli bireylere toplumda yard\u0131mc\u0131 olmak ad\u0131na geliyorlar&#8221;<br \/>\nYeminli \u0130\u015faret Dili Terc\u00fcman\u0131 Esen \u00c7ay, MERCEK&#8217;te verdi\u011fi i\u015faret dili e\u011fitiminden bahsederek, &#8220;Kursumuza baz\u0131 arkada\u015flar d\u00f6n\u00fc\u015f\u00fcml\u00fc, baz\u0131lar\u0131 her g\u00fcn geliyor. \u0130\u015fitme engelli bireylerin de var oldu\u011funu kabul ederek, toplumda onlara yard\u0131mc\u0131 olmak ad\u0131na bu kursa geliyorlar. Herkes bir \u015fekilde, ilk ileti\u015fim c\u00fcmlelerini \u00f6\u011freniyor. En az\u0131ndan kendini ifade edebilecek ve kar\u015f\u0131s\u0131ndakini anlayabilecek kadar \u00f6\u011frenebiliyor. Biz, i\u015faret dili \u00f6\u011frenilmesini ve her yerde insanlara yard\u0131mc\u0131 olunmas\u0131n\u0131 \u00f6neriyoruz&#8221; dedi.<br \/>\n&#8220;Evde bile durdu\u011fum yerde harfleri yapt\u0131\u011f\u0131m\u0131 fark ediyorum&#8221;<br \/>\nBir bisiklet gruplar\u0131n\u0131n oldu\u011funu ve hocalar\u0131n\u0131n \u00f6nerisiyle bu e\u011fitime kat\u0131ld\u0131klar\u0131n\u0131 belirten Canan Ulu\u00e7am; kurs sayesinde hem sosyalle\u015fme, hem de bir cana dokunabilme f\u0131rsat\u0131 yakalad\u0131klar\u0131n\u0131 ifade etti. Kursun \u00e7ok keyifli ge\u00e7ti\u011fini kaydeden Ulu\u00e7am, &#8220;40 y\u0131l d\u00fc\u015f\u00fcnsem b\u00f6yle bir \u015fey akl\u0131ma gelmezdi. Evde bile, durdu\u011fum yerde harfleri yapt\u0131\u011f\u0131m\u0131 fark ediyorum. O anlamda, bir\u00e7ok etkinli\u011fi hayata ge\u00e7iren Belediyemize \u00e7ok te\u015fekk\u00fcr ediyorum&#8221; diye konu\u015ftu.<br \/>\n&#8220;\u00d6\u011frendikten sonra biz de \u00e7evremize \u00f6\u011fretece\u011fiz&#8221;<br \/>\nArkada\u015flar\u0131yla birlikte i\u015faret dili kursuna kat\u0131lan T\u00fclin Do\u011fan, &#8220;Bir faydam\u0131z olsun diye, bize bir art\u0131s\u0131 olur diye bu kursa kat\u0131ld\u0131k. Nas\u0131l olaca\u011f\u0131n\u0131 bilmiyorduk, ama kolaym\u0131\u015f, o kadar da zor de\u011filmi\u015f. \u00c7al\u0131\u015fmak gerekiyor tabii ki, biraz pratik olmadan olmuyor. \u0130n\u015fallah \u00f6\u011frendikten sonra, biz de \u00e7evremize \u00f6\u011fretece\u011fiz&#8221; dedi.<br \/>\n\u0130\u015faret dilini hep \u00f6\u011frenmek istedi\u011fini s\u00f6yleyen 23 ya\u015f\u0131ndaki radyoloji mezunu Aysel \u00d6zdemir, bu kursun bir \u015fans oldu\u011funu d\u00fc\u015f\u00fcnd\u00fc\u011f\u00fcn\u00fc ve B\u00fcy\u00fck\u015fehir Belediyesi&#8217;ne ba\u015fvurdu\u011funu belirterek, &#8220;\u015eu an bir i\u015fitme engelliyle ileti\u015fim kurabilece\u011fim, rahat\u00e7a yard\u0131mc\u0131 olabilece\u011fim, ne demek istedi\u011fini anlayabilece\u011fim seviyedeyim. Onlar\u0131n, zor s\u00fcre\u00e7lerinde yanlar\u0131nda olmak i\u00e7in \u00f6\u011frenmek istiyorum. Bir insan kendini geli\u015ftirmek istedi\u011fi zaman, Belediyemiz buna m\u00fcsaade ediyor ve insan her \u015fekilde kendini geli\u015ftirebiliyor. Belediyemiz bu konuda bize destek oluyor&#8221; ifadelerine yer verdi.<br \/>\n&#8220;Yeni \u015feyler \u00f6\u011frenmekten, yeni insanlar\u0131 tan\u0131maktan \u00e7ok mutlu oluyoruz&#8221;<br \/>\nArkada\u015flar\u0131yla beraber hem yeni \u015feyler \u00f6\u011frenmek, hem de bu \u015fekilde konu\u015fma ve i\u015fitme engelli olan insanlarla ileti\u015fime ge\u00e7ebilmek i\u00e7in kursa geldiklerini belirten Semiha Sevim, &#8220;Benim k\u0131z\u0131m\u0131n arkada\u015f\u0131n\u0131n annesi ve babas\u0131 i\u015fitme ve konu\u015fma engelliydi. Ben onlarla yaz\u0131\u015farak anla\u015f\u0131yordum, ama onlar yazd\u0131\u011f\u0131 zaman bizim gibi c\u00fcmle kuram\u0131yorlar, anlayam\u0131yordum. Yeni \u015feyler \u00f6\u011frenmekten, yeni insanlar\u0131 tan\u0131maktan \u00e7ok mutlu oluyoruz. Belediyeye de ger\u00e7ekten \u00e7ok te\u015fekk\u00fcr ederiz&#8221; dedi.<br \/>\nArap\u00e7a T\u00fcrk\u00e7e Yeminli Terc\u00fcman olarak g\u00f6rev yapt\u0131\u011f\u0131n\u0131 belirten Sibel Berber ise, &#8220;Bu benim i\u00e7in \u00e7ok \u00f6nemliydi. \u00c7\u00fcnk\u00fc ben yeminli terc\u00fcman\u0131m. Hayat\u0131n i\u00e7erisinde her ortamda bulunuyoruz. O y\u00fczden benim hayat\u0131ma da katk\u0131s\u0131 olaca\u011f\u0131n\u0131 d\u00fc\u015f\u00fcnd\u00fc\u011f\u00fcm i\u00e7in, i\u015faret dili kursuna gelmeye karar verdim. Belediyemize, yapm\u0131\u015f oldu\u011fu katk\u0131lardan dolay\u0131 \u00e7ok te\u015fekk\u00fcr ediyorum. Sanata, insana, kad\u0131nlara \u00e7ok de\u011fer veriyor. Mersin&#8217;de olmaktan ve b\u00f6yle bir imkana sahip olmaktan dolay\u0131 \u00e7ok \u015fansl\u0131y\u0131m&#8221; dedi.<\/p>\n","protected":false},"excerpt":{"rendered":"<p>Mersin B\u00fcy\u00fck\u015fehir Belediyesi, Sosyal Hizmetler Daire Ba\u015fkanl\u0131\u011f\u0131&#8217;na ba\u011fl\u0131 MERCEK&#8217;te &#8216;\u0130\u015faret Dili&#8217; kursu ba\u015flatt\u0131. K\u0131sa s\u00fcre \u00f6nce ba\u015flayan ve yakla\u015f\u0131k 28 ki\u015fi ile devam eden \u0130\u015faret Dili kursu 6 Haziran&#8217;a kadar s\u00fcrecek. Haftan\u0131n her g\u00fcn\u00fc 14.00-16.00 saatleri aras\u0131nda devam eden e\u011fitimde; i\u015fitme engelli vatanda\u015flar\u0131n ileti\u015fim kurma \u015fekilleri \u00f6\u011fretilirken, vatanda\u015flar\u0131n g\u00fcnl\u00fck hayatta i\u015fitme engelli bireylerle rahat\u00e7a ileti\u015fim [&hellip;]<\/p>\n","protected":false},"author":2,"featured_media":25013,"comment_status":"open","ping_status":"open","sticky":false,"template":"","format":"standard","meta":{"footnotes":""},"categories":[2,3],"tags":[],"class_list":["post-25012","post","type-post","status-publish","format-standard","has-post-thumbnail","hentry","category-gundem","category-manset"],"views":1,"_links":{"self":[{"href":"https:\/\/mersinkadingazetesi.com\/index.php?rest_route=\/wp\/v2\/posts\/25012"}],"collection":[{"href":"https:\/\/mersinkadingazetesi.com\/index.php?rest_route=\/wp\/v2\/posts"}],"about":[{"href":"https:\/\/mersinkadingazetesi.com\/index.php?rest_route=\/wp\/v2\/types\/post"}],"author":[{"embeddable":true,"href":"https:\/\/mersinkadingazetesi.com\/index.php?rest_route=\/wp\/v2\/users\/2"}],"replies":[{"embeddable":true,"href":"https:\/\/mersinkadingazetesi.com\/index.php?rest_route=%2Fwp%2Fv2%2Fcomments&post=25012"}],"version-history":[{"count":0,"href":"https:\/\/mersinkadingazetesi.com\/index.php?rest_route=\/wp\/v2\/posts\/25012\/revisions"}],"wp:featuredmedia":[{"embeddable":true,"href":"https:\/\/mersinkadingazetesi.com\/index.php?rest_route=\/wp\/v2\/media\/25013"}],"wp:attachment":[{"href":"https:\/\/mersinkadingazetesi.com\/index.php?rest_route=%2Fwp%2Fv2%2Fmedia&parent=25012"}],"wp:term":[{"taxonomy":"category","embeddable":true,"href":"https:\/\/mersinkadingazetesi.com\/index.php?rest_route=%2Fwp%2Fv2%2Fcategories&post=25012"},{"taxonomy":"post_tag","embeddable":true,"href":"https:\/\/mersinkadingazetesi.com\/index.php?rest_route=%2Fwp%2Fv2%2Ftags&post=25012"}],"curies":[{"name":"wp","href":"https:\/\/api.w.org\/{rel}","templated":true}]}}