{"id":27730,"date":"2023-09-20T13:11:41","date_gmt":"2023-09-20T10:11:41","guid":{"rendered":"http:\/\/akdenizolaygazetesi.com\/?p=27730"},"modified":"2023-09-20T13:11:41","modified_gmt":"2023-09-20T10:11:41","slug":"vali-ali-hamza-pehlivan-kore-gazisi-aktas-acikgoz-ve-ailesini-ziyaret-etti","status":"publish","type":"post","link":"https:\/\/mersinkadingazetesi.com\/?p=27730","title":{"rendered":"VAL\u0130 AL\u0130 HAMZA PEHL\u0130VAN, KORE GAZ\u0130S\u0130 AKTA\u015e A\u00c7IKG\u00d6Z VE A\u0130LES\u0130N\u0130 Z\u0130YARET ETT\u0130"},"content":{"rendered":"<p>Valimiz Ali Hamza Pehlivan, e\u015fi Y\u0131ld\u0131z Pehlivan han\u0131mefendi ile birlikte, 19 Eyl\u00fcl Gaziler G\u00fcn\u00fc vesilesiyle, 1950-1953 y\u0131llar\u0131 aras\u0131nda ger\u00e7ekle\u015fen Kore Sava\u015f\u0131nda g\u00f6rev alarak Gazi olan Akta\u015f A\u00e7\u0131kg\u00f6z ve ailesine ziyarette bulundu.<br \/>\n\u2028Vali Pehlivan ve Y\u0131ld\u0131z Pehlivan han\u0131mefendi, gazimize \u00e7i\u00e7ek takdiminde bulundu, bir s\u00fcre sohbet etti.<br \/>\n\u2028Vali Pehlivan; devletimizin varl\u0131\u011f\u0131 ve ba\u011f\u0131ms\u0131zl\u0131\u011f\u0131n\u0131n, milletimizin birlik ve beraberli\u011finin teminat\u0131 aziz \u015eehitlerimiz ile ebediyete irtihal eden Gazilerimizi rahmet ve minnetle y\u00e2d ederek hayatta olan Gazilerimize sa\u011fl\u0131k ve afiyetler diledi.<br \/>\n\u00a0<br \/>\nZiyarete; Akdeniz B\u00f6lge ve Garnizon Komutan\u0131 Tu\u011famiral Murat F\u0131rat, Yeni\u015fehir Kaymakam\u0131 Nevzat \u015eeng\u00f6k, Aile ve Sosyal Politikalar \u0130l M\u00fcd\u00fcr\u00fc Veysel Topkaya e\u015flik etti.<\/p>\n","protected":false},"excerpt":{"rendered":"<p>Valimiz Ali Hamza Pehlivan, e\u015fi Y\u0131ld\u0131z Pehlivan han\u0131mefendi ile birlikte, 19 Eyl\u00fcl Gaziler G\u00fcn\u00fc vesilesiyle, 1950-1953 y\u0131llar\u0131 aras\u0131nda ger\u00e7ekle\u015fen Kore Sava\u015f\u0131nda g\u00f6rev alarak Gazi olan Akta\u015f A\u00e7\u0131kg\u00f6z ve ailesine ziyarette bulundu. \u2028Vali Pehlivan ve Y\u0131ld\u0131z Pehlivan han\u0131mefendi, gazimize \u00e7i\u00e7ek takdiminde bulundu, bir s\u00fcre sohbet etti. \u2028Vali Pehlivan; devletimizin varl\u0131\u011f\u0131 ve ba\u011f\u0131ms\u0131zl\u0131\u011f\u0131n\u0131n, milletimizin birlik ve beraberli\u011finin [&hellip;]<\/p>\n","protected":false},"author":2,"featured_media":27731,"comment_status":"open","ping_status":"open","sticky":false,"template":"","format":"standard","meta":{"footnotes":""},"categories":[1,3],"tags":[],"class_list":["post-27730","post","type-post","status-publish","format-standard","has-post-thumbnail","hentry","category-genel","category-manset"],"views":43,"_links":{"self":[{"href":"https:\/\/mersinkadingazetesi.com\/index.php?rest_route=\/wp\/v2\/posts\/27730"}],"collection":[{"href":"https:\/\/mersinkadingazetesi.com\/index.php?rest_route=\/wp\/v2\/posts"}],"about":[{"href":"https:\/\/mersinkadingazetesi.com\/index.php?rest_route=\/wp\/v2\/types\/post"}],"author":[{"embeddable":true,"href":"https:\/\/mersinkadingazetesi.com\/index.php?rest_route=\/wp\/v2\/users\/2"}],"replies":[{"embeddable":true,"href":"https:\/\/mersinkadingazetesi.com\/index.php?rest_route=%2Fwp%2Fv2%2Fcomments&post=27730"}],"version-history":[{"count":0,"href":"https:\/\/mersinkadingazetesi.com\/index.php?rest_route=\/wp\/v2\/posts\/27730\/revisions"}],"wp:featuredmedia":[{"embeddable":true,"href":"https:\/\/mersinkadingazetesi.com\/index.php?rest_route=\/wp\/v2\/media\/27731"}],"wp:attachment":[{"href":"https:\/\/mersinkadingazetesi.com\/index.php?rest_route=%2Fwp%2Fv2%2Fmedia&parent=27730"}],"wp:term":[{"taxonomy":"category","embeddable":true,"href":"https:\/\/mersinkadingazetesi.com\/index.php?rest_route=%2Fwp%2Fv2%2Fcategories&post=27730"},{"taxonomy":"post_tag","embeddable":true,"href":"https:\/\/mersinkadingazetesi.com\/index.php?rest_route=%2Fwp%2Fv2%2Ftags&post=27730"}],"curies":[{"name":"wp","href":"https:\/\/api.w.org\/{rel}","templated":true}]}}