{"id":27821,"date":"2023-09-26T13:21:24","date_gmt":"2023-09-26T10:21:24","guid":{"rendered":"http:\/\/akdenizolaygazetesi.com\/?p=27821"},"modified":"2023-09-26T13:21:24","modified_gmt":"2023-09-26T10:21:24","slug":"yenisehir-belediyesi-eczaci-muzik-konserine-ev-sahipligi-yapiyor","status":"publish","type":"post","link":"https:\/\/mersinkadingazetesi.com\/?p=27821","title":{"rendered":"Yeni\u015fehir Belediyesi Eczac\u0131 M\u00fczik konserine ev sahipli\u011fi yap\u0131yor"},"content":{"rendered":"<p>T\u00fcrkiye\u2019nin d\u00f6rt bir yan\u0131ndan m\u00fczi\u011fe g\u00f6n\u00fcl vermi\u015f eczac\u0131lar\u0131n kurdu\u011fu Eczac\u0131 M\u00fczik Grubu, Yeni\u015fehir Belediyesinin ev sahipli\u011finde sahne alacak.<br \/>\nSanat\u0131 ve k\u00fclt\u00fcr\u00fc toplumun her kesimine ula\u015ft\u0131rma hedefiyle \u00e7al\u0131\u015fmalar\u0131n\u0131 s\u00fcrd\u00fcren ve birbirinden de\u011ferli sanat gruplar\u0131n\u0131 Mersin\u2019e getiren Yeni\u015fehir Belediyesi bu kez de \u201cEczac\u0131 M\u00fczik Grubu\u201dna ev sahipli\u011fi yapacak.<br \/>\nYeni\u015fehir Belediye Ba\u015fkan\u0131 Abdullah \u00d6zyi\u011fit, 29 Eyl\u00fcl Cuma g\u00fcn\u00fc saat 20.00\u2019de Yeni\u015fehir Belediyesi Atat\u00fcrk K\u00fclt\u00fcr Merkezi\u2019nde ger\u00e7ekle\u015fecek konsere t\u00fcm vatanda\u015flar\u0131 davet etti. <\/p>\n","protected":false},"excerpt":{"rendered":"<p>T\u00fcrkiye\u2019nin d\u00f6rt bir yan\u0131ndan m\u00fczi\u011fe g\u00f6n\u00fcl vermi\u015f eczac\u0131lar\u0131n kurdu\u011fu Eczac\u0131 M\u00fczik Grubu, Yeni\u015fehir Belediyesinin ev sahipli\u011finde sahne alacak. Sanat\u0131 ve k\u00fclt\u00fcr\u00fc toplumun her kesimine ula\u015ft\u0131rma hedefiyle \u00e7al\u0131\u015fmalar\u0131n\u0131 s\u00fcrd\u00fcren ve birbirinden de\u011ferli sanat gruplar\u0131n\u0131 Mersin\u2019e getiren Yeni\u015fehir Belediyesi bu kez de \u201cEczac\u0131 M\u00fczik Grubu\u201dna ev sahipli\u011fi yapacak. Yeni\u015fehir Belediye Ba\u015fkan\u0131 Abdullah \u00d6zyi\u011fit, 29 Eyl\u00fcl Cuma g\u00fcn\u00fc [&hellip;]<\/p>\n","protected":false},"author":2,"featured_media":27822,"comment_status":"open","ping_status":"open","sticky":false,"template":"","format":"standard","meta":{"footnotes":""},"categories":[2,3],"tags":[],"class_list":["post-27821","post","type-post","status-publish","format-standard","has-post-thumbnail","hentry","category-gundem","category-manset"],"views":1,"_links":{"self":[{"href":"https:\/\/mersinkadingazetesi.com\/index.php?rest_route=\/wp\/v2\/posts\/27821"}],"collection":[{"href":"https:\/\/mersinkadingazetesi.com\/index.php?rest_route=\/wp\/v2\/posts"}],"about":[{"href":"https:\/\/mersinkadingazetesi.com\/index.php?rest_route=\/wp\/v2\/types\/post"}],"author":[{"embeddable":true,"href":"https:\/\/mersinkadingazetesi.com\/index.php?rest_route=\/wp\/v2\/users\/2"}],"replies":[{"embeddable":true,"href":"https:\/\/mersinkadingazetesi.com\/index.php?rest_route=%2Fwp%2Fv2%2Fcomments&post=27821"}],"version-history":[{"count":0,"href":"https:\/\/mersinkadingazetesi.com\/index.php?rest_route=\/wp\/v2\/posts\/27821\/revisions"}],"wp:featuredmedia":[{"embeddable":true,"href":"https:\/\/mersinkadingazetesi.com\/index.php?rest_route=\/wp\/v2\/media\/27822"}],"wp:attachment":[{"href":"https:\/\/mersinkadingazetesi.com\/index.php?rest_route=%2Fwp%2Fv2%2Fmedia&parent=27821"}],"wp:term":[{"taxonomy":"category","embeddable":true,"href":"https:\/\/mersinkadingazetesi.com\/index.php?rest_route=%2Fwp%2Fv2%2Fcategories&post=27821"},{"taxonomy":"post_tag","embeddable":true,"href":"https:\/\/mersinkadingazetesi.com\/index.php?rest_route=%2Fwp%2Fv2%2Ftags&post=27821"}],"curies":[{"name":"wp","href":"https:\/\/api.w.org\/{rel}","templated":true}]}}