{"id":28038,"date":"2023-10-09T13:10:41","date_gmt":"2023-10-09T10:10:41","guid":{"rendered":"http:\/\/mersinkadingazetesi.com\/?p=28038"},"modified":"2023-10-09T13:10:41","modified_gmt":"2023-10-09T10:10:41","slug":"buyuksehirden-hem-genc-istihdamina-hem-turizm-sektorune-katki","status":"publish","type":"post","link":"https:\/\/mersinkadingazetesi.com\/?p=28038","title":{"rendered":"B\u00dcY\u00dcK\u015eEH\u0130R&#8217;DEN HEM GEN\u00c7 \u0130ST\u0130HDAMINA HEM TUR\u0130ZM SEKT\u00d6R\u00dcNE KATKI"},"content":{"rendered":"<p>Mersin B\u00fcy\u00fck\u015fehir Belediyesi, gen\u00e7lerin istihdamda daha fazla yer almalar\u0131 i\u00e7in bir projeye daha imza att\u0131. B\u00fcy\u00fck\u015fehir Belediyesi ve Avrupa Birli\u011fi i\u015f birli\u011finde hayata ge\u00e7irilen &#8216;Mersin&#8217;in Gen\u00e7lerinin Turizm Sekt\u00f6r\u00fc i\u00e7in G\u00fc\u00e7lendirilmesi Projesi&#8217; (MERTUSEG) ile gen\u00e7lere turizm ve konaklama sekt\u00f6rlerine y\u00f6nelik mesleki e\u011fitim verilerek, istihdama kat\u0131lmalar\u0131 sa\u011flanacak. Proje kapsam\u0131nda Mersin&#8217;de ya\u015fayan, 18-29 ya\u015f aras\u0131nda olan ve i\u015f hayat\u0131nda veya e\u011fitimde yer almayan 30&#8217;u kad\u0131n, 15&#8217;i erkek olmak \u00fczere toplam 45 gence; \u00d6n B\u00fcro (Resepsiyonist), Servis Eleman\u0131 ve Kat Hizmetleri (Housekeeping) alanlar\u0131nda mesleki e\u011fitim verilecek.<\/p>\n<p>Mesleki e\u011fitim alan gen\u00e7ler, sekt\u00f6r bulu\u015fmalar\u0131 ve \u00e7al\u0131\u015ftaylara da kat\u0131larak i\u015fverenlerle bir araya gelebilecek ve \u00e7e\u015fitli otellerde i\u015f imk\u00e2n\u0131 yakalayabilecek. Projede yer alacak gen\u00e7ler, tamamen \u00fccretsiz bir \u015fekilde e\u011fitim g\u00f6recek. E\u011fitim sonunda Mersin&#8217;de otellerde staj g\u00f6ren kursiyerler, g\u00fcnl\u00fck harc\u0131rah da alabilecek.<\/p>\n<p>Maya: &#8220;Toplam 45 kursiyer kat g\u00f6revlisi, servis eleman\u0131 ve resepsiyonist e\u011fitimi alacak&#8221;<\/p>\n<p>Proje hakk\u0131nda detayl\u0131 bilgi veren Sosyal Hizmetler Daire Ba\u015fkanl\u0131\u011f\u0131&#8217;na ba\u011fl\u0131 MERCEK Mesleki E\u011fitim Merkezleri E\u011fitim Koordinat\u00f6r\u00fc G\u00fcl Kadem Maya, &#8220;Avrupa Birli\u011fi ve Mersin B\u00fcy\u00fck\u015fehir Belediyesi&#8217;nin ortak bir projesi olan &#8216;Mersin&#8217;in Gen\u00e7lerinin Turizm Sekt\u00f6r\u00fc i\u00e7in G\u00fc\u00e7lendirilmesi Projesi, ne istihdamda ne de e\u011fitimde olan gen\u00e7lerin istihdama y\u00f6nlendirilmesi ile alakal\u0131 olan bir proje. Biz bu proje i\u00e7erisinde \u00fc\u00e7 adet e\u011fitim alan\u0131 belirledik. 30&#8217;u kad\u0131n ve 15&#8217;i erkek olmak \u00fczere projeye kat\u0131lan toplam 45 kursiyer kat g\u00f6revlisi, servis eleman\u0131 ve resepsiyonist e\u011fitimi alacaklar&#8221; dedi.<\/p>\n<p>&#8220;Amac\u0131m\u0131z gen\u00e7lerin turizm sekt\u00f6r\u00fcne d\u00e2hil olmalar\u0131&#8221;<\/p>\n<p>Projeye gen\u00e7lerin yo\u011fun ilgi g\u00f6sterdi\u011fini ve \u00e7ok fazla ba\u015fvuru oldu\u011funu belirten Maya, &#8220;\u00c7ok yo\u011fun bir ba\u015fvuru s\u00fcrecimiz var. Bizim amac\u0131m\u0131z 18 ve 29 ya\u015f aras\u0131nda olan gen\u00e7lerin turizm sekt\u00f6r\u00fcne d\u00e2hil olmalar\u0131 ve sekt\u00f6r\u00fc g\u00fc\u00e7lendirmeleri&#8221; diye konu\u015ftu. Ba\u015fvurular\u0131n sona ermesinin ard\u0131ndan e\u011fitim s\u00fcrecinin ba\u015flayaca\u011f\u0131n\u0131 aktaran Maya, &#8220;Mersin \u00dcniversitesi i\u015f birli\u011fi ile \u00fcniversiteden \u00f6\u011fretim \u00fcyeleri de e\u011fitime d\u00e2hil olacaklar. 5 ayl\u0131k s\u00fcre\u00e7 bitti\u011finde, kursiyerlerimizi bir staj d\u00f6nemi bekliyor olacak. Mersin&#8217;deki yerel otellerde staj yapacaklar. Sonras\u0131nda da istihdama y\u00f6nlendirilmeleri ile onlar\u0131 bu alanlara d\u00e2hil etmi\u015f olaca\u011f\u0131z&#8221; ifadelerine yer verdi.<\/p>\n","protected":false},"excerpt":{"rendered":"<p>Mersin B\u00fcy\u00fck\u015fehir Belediyesi, gen\u00e7lerin istihdamda daha fazla yer almalar\u0131 i\u00e7in bir projeye daha imza att\u0131. B\u00fcy\u00fck\u015fehir Belediyesi ve Avrupa Birli\u011fi i\u015f birli\u011finde hayata ge\u00e7irilen &#8216;Mersin&#8217;in Gen\u00e7lerinin Turizm Sekt\u00f6r\u00fc i\u00e7in G\u00fc\u00e7lendirilmesi Projesi&#8217; (MERTUSEG) ile gen\u00e7lere turizm ve konaklama sekt\u00f6rlerine y\u00f6nelik mesleki e\u011fitim verilerek, istihdama kat\u0131lmalar\u0131 sa\u011flanacak. Proje kapsam\u0131nda Mersin&#8217;de ya\u015fayan, 18-29 ya\u015f aras\u0131nda olan ve i\u015f [&hellip;]<\/p>\n","protected":false},"author":2,"featured_media":28039,"comment_status":"open","ping_status":"open","sticky":false,"template":"","format":"standard","meta":{"footnotes":""},"categories":[1,2,3],"tags":[],"class_list":["post-28038","post","type-post","status-publish","format-standard","has-post-thumbnail","hentry","category-genel","category-gundem","category-manset"],"views":4,"_links":{"self":[{"href":"https:\/\/mersinkadingazetesi.com\/index.php?rest_route=\/wp\/v2\/posts\/28038"}],"collection":[{"href":"https:\/\/mersinkadingazetesi.com\/index.php?rest_route=\/wp\/v2\/posts"}],"about":[{"href":"https:\/\/mersinkadingazetesi.com\/index.php?rest_route=\/wp\/v2\/types\/post"}],"author":[{"embeddable":true,"href":"https:\/\/mersinkadingazetesi.com\/index.php?rest_route=\/wp\/v2\/users\/2"}],"replies":[{"embeddable":true,"href":"https:\/\/mersinkadingazetesi.com\/index.php?rest_route=%2Fwp%2Fv2%2Fcomments&post=28038"}],"version-history":[{"count":0,"href":"https:\/\/mersinkadingazetesi.com\/index.php?rest_route=\/wp\/v2\/posts\/28038\/revisions"}],"wp:featuredmedia":[{"embeddable":true,"href":"https:\/\/mersinkadingazetesi.com\/index.php?rest_route=\/wp\/v2\/media\/28039"}],"wp:attachment":[{"href":"https:\/\/mersinkadingazetesi.com\/index.php?rest_route=%2Fwp%2Fv2%2Fmedia&parent=28038"}],"wp:term":[{"taxonomy":"category","embeddable":true,"href":"https:\/\/mersinkadingazetesi.com\/index.php?rest_route=%2Fwp%2Fv2%2Fcategories&post=28038"},{"taxonomy":"post_tag","embeddable":true,"href":"https:\/\/mersinkadingazetesi.com\/index.php?rest_route=%2Fwp%2Fv2%2Ftags&post=28038"}],"curies":[{"name":"wp","href":"https:\/\/api.w.org\/{rel}","templated":true}]}}