{"id":28055,"date":"2023-10-10T13:21:09","date_gmt":"2023-10-10T10:21:09","guid":{"rendered":"http:\/\/mersinkadingazetesi.com\/?p=28055"},"modified":"2023-10-10T13:21:09","modified_gmt":"2023-10-10T10:21:09","slug":"bozan-10-ekim-anma-ve-yas-gunu-ilan-edilsin","status":"publish","type":"post","link":"https:\/\/mersinkadingazetesi.com\/?p=28055","title":{"rendered":"Bozan: &#8220;10 Ekim, Anma ve Yas G\u00fcn\u00fc ilan edilsin!&#8221;"},"content":{"rendered":"<p>Ye\u015fil Sol Parti Mersin Milletvekili Av. Ali Bozan, 10 Ekim Ankara Gar\u0131 Katliam\u0131&#8217;n\u0131n &#8220;Anma ve Yas G\u00fcn\u00fc&#8221; ilan edilmesi i\u00e7in kanun teklifi verdi. Ankara Katliam\u0131&#8217;n\u0131n bar\u0131\u015fa, karde\u015fli\u011fe inanan insanlara y\u00f6nelik ger\u00e7ekle\u015ftirildi\u011fini s\u00f6yleyen Milletvekili Bozan, bu katliam\u0131n unutulmamas\u0131 ve y\u00fczle\u015filmesi i\u00e7in gerekli yasal d\u00fczenlemelerin yap\u0131lmas\u0131 gerekti\u011fini savundu.<\/p>\n<p>Ye\u015filler ve Sol Gelecek Partisi (Ye\u015fil Sol Parti) Mersin Milletvekili Av. Ali Bozan, DA\u0130\u015e \u00e7eteleri taraf\u0131ndan 104 bar\u0131\u015f insan\u0131n\u0131n katledildi\u011fi 10 Ekim 2015 tarihiyle y\u00fczle\u015filmesi ve 10 Ekim&#8217;in &#8220;Anma ve Yas G\u00fcn\u00fc&#8221; ilan edilmesi i\u00e7in Meclis&#8217;e kanun teklifi verdi.<\/p>\n<p>Ye\u015fil Sol Parti Mersin Milletvekili Av. Ali Bozan, kanun teklifinin gerek\u00e7esinde; &#8220;Tarihimizin ya\u015fad\u0131\u011f\u0131 en b\u00fcy\u00fck ve en kanl\u0131 katliamlardan biri olan bu sald\u0131r\u0131, \u00fclkenin t\u00fcm renklerini i\u00e7inde bulunduran insanl\u0131k yelpazesine, bar\u0131\u015fa, karde\u015fli\u011fe ve demokrasiye inanan ve bu u\u011furda m\u00fccadele eden insanlara y\u00f6nelik ger\u00e7ekle\u015ftirilmi\u015ftir. Toplumsal bar\u0131\u015f\u0131n kal\u0131c\u0131 olarak sa\u011flanmas\u0131 i\u00e7in gerekli yasal d\u00fczenlemelerin yap\u0131lmas\u0131 ve b\u00f6yle olas\u0131 katliamlar\u0131n ya\u015fanmamas\u0131 i\u00e7in hat\u0131rlan\u0131p y\u00fczle\u015filmesi \u015fartt\u0131r. B\u00f6yle bir anma ve yas g\u00fcn\u00fc ilan edilerek; olas\u0131 provokasyonlar kar\u015f\u0131 toplum i\u00e7erisinde \u00e7\u0131kabilecek her t\u00fcrl\u00fc lin\u00e7 ve katliam giri\u015fiminin \u00f6n\u00fcne ge\u00e7erek, fa\u015fizmle m\u00fccadele edilebilmesi i\u00e7in gerekli toplumsal fark\u0131ndal\u0131\u011f\u0131n yarat\u0131lmas\u0131 ve bir karde\u015flik bilincinin a\u015f\u0131lanmas\u0131 ama\u00e7lanmaktad\u0131r. Bu kanun teklifi ile; 10 Ekim 2015&#8217;te Ankara Bar\u0131\u015f mitinginde ger\u00e7ekle\u015fen katliamda hayatlar\u0131n\u0131 kaybedenlere y\u00f6nelik duyarl\u0131l\u0131k ve fark\u0131ndal\u0131k yaratmak ama\u00e7lanm\u0131\u015f ve 10 Ekim g\u00fcn\u00fcn\u00fcn 10 Ekim Ankara Gar Katliam\u0131nda Hayat\u0131n\u0131 Kaybedenleri Anma ve Yas G\u00fcn\u00fc olarak ilan edilmesi \u00f6ng\u00f6r\u00fclm\u00fc\u015ft\u00fcr&#8221; ifadelerine yer verdi.<\/p>\n","protected":false},"excerpt":{"rendered":"<p>Ye\u015fil Sol Parti Mersin Milletvekili Av. Ali Bozan, 10 Ekim Ankara Gar\u0131 Katliam\u0131&#8217;n\u0131n &#8220;Anma ve Yas G\u00fcn\u00fc&#8221; ilan edilmesi i\u00e7in kanun teklifi verdi. Ankara Katliam\u0131&#8217;n\u0131n bar\u0131\u015fa, karde\u015fli\u011fe inanan insanlara y\u00f6nelik ger\u00e7ekle\u015ftirildi\u011fini s\u00f6yleyen Milletvekili Bozan, bu katliam\u0131n unutulmamas\u0131 ve y\u00fczle\u015filmesi i\u00e7in gerekli yasal d\u00fczenlemelerin yap\u0131lmas\u0131 gerekti\u011fini savundu. Ye\u015filler ve Sol Gelecek Partisi (Ye\u015fil Sol Parti) Mersin [&hellip;]<\/p>\n","protected":false},"author":2,"featured_media":28056,"comment_status":"open","ping_status":"open","sticky":false,"template":"","format":"standard","meta":{"footnotes":""},"categories":[6],"tags":[],"class_list":["post-28055","post","type-post","status-publish","format-standard","has-post-thumbnail","hentry","category-siyaset-2"],"views":2,"_links":{"self":[{"href":"https:\/\/mersinkadingazetesi.com\/index.php?rest_route=\/wp\/v2\/posts\/28055"}],"collection":[{"href":"https:\/\/mersinkadingazetesi.com\/index.php?rest_route=\/wp\/v2\/posts"}],"about":[{"href":"https:\/\/mersinkadingazetesi.com\/index.php?rest_route=\/wp\/v2\/types\/post"}],"author":[{"embeddable":true,"href":"https:\/\/mersinkadingazetesi.com\/index.php?rest_route=\/wp\/v2\/users\/2"}],"replies":[{"embeddable":true,"href":"https:\/\/mersinkadingazetesi.com\/index.php?rest_route=%2Fwp%2Fv2%2Fcomments&post=28055"}],"version-history":[{"count":0,"href":"https:\/\/mersinkadingazetesi.com\/index.php?rest_route=\/wp\/v2\/posts\/28055\/revisions"}],"wp:featuredmedia":[{"embeddable":true,"href":"https:\/\/mersinkadingazetesi.com\/index.php?rest_route=\/wp\/v2\/media\/28056"}],"wp:attachment":[{"href":"https:\/\/mersinkadingazetesi.com\/index.php?rest_route=%2Fwp%2Fv2%2Fmedia&parent=28055"}],"wp:term":[{"taxonomy":"category","embeddable":true,"href":"https:\/\/mersinkadingazetesi.com\/index.php?rest_route=%2Fwp%2Fv2%2Fcategories&post=28055"},{"taxonomy":"post_tag","embeddable":true,"href":"https:\/\/mersinkadingazetesi.com\/index.php?rest_route=%2Fwp%2Fv2%2Ftags&post=28055"}],"curies":[{"name":"wp","href":"https:\/\/api.w.org\/{rel}","templated":true}]}}