{"id":28107,"date":"2023-10-12T12:44:16","date_gmt":"2023-10-12T09:44:16","guid":{"rendered":"http:\/\/mersinkadingazetesi.com\/?p=28107"},"modified":"2023-10-12T12:44:16","modified_gmt":"2023-10-12T09:44:16","slug":"deva-partili-ekmenden-akkuyu-nukleer-santrali-hakkindaki-endiselerin-aydinlatilmasi-icin-cagri","status":"publish","type":"post","link":"https:\/\/mersinkadingazetesi.com\/?p=28107","title":{"rendered":"DEVA PART\u0130L\u0130 EKMEN&#8217;DEN, AKKUYU N\u00dcKLEER SANTRAL\u0130 HAKKINDAK\u0130 END\u0130\u015eELER\u0130N AYDINLATILMASI \u0130\u00c7\u0130N \u00c7A\u011eRI"},"content":{"rendered":"<p>DEVA Partili Milletvekili Mehmet Emin Ekmen, Meclis&#8217;te yapt\u0131\u011f\u0131 konu\u015fmada, hakk\u0131nda bir\u00e7ok tart\u0131\u015fma bulunan Akkuyu N\u00fckleer Enerji Santrali hakk\u0131nda kamuoyunun bilgilendirilmesi i\u00e7in \u00e7a\u011fr\u0131da bulundu. Ekmen, &#8220;Bunlar sadece Mersin&#8217;in de\u011fil, T\u00fcrkiye&#8217;nin meseleleridir. Meclis do\u011fru bir y\u00f6ntemle bunlar\u0131 mutlaka g\u00fcndemine almal\u0131 ve ayd\u0131nlatmal\u0131d\u0131r&#8221; dedi.<\/p>\n<p>T\u00fcrkiye B\u00fcy\u00fck Millet Meclisi&#8217;nde s\u00f6z alan DEVA Partisi Mersin Milletvekili ve Genel Ba\u015fkan Yard\u0131mc\u0131s\u0131 Mehmet Emin Ekmen, Mersin&#8217;de yap\u0131m\u0131na devam edilen Akkuyu N\u00fckleer Enerji Santrali hakk\u0131nda kamuoyunun ayd\u0131nlat\u0131lmas\u0131 i\u00e7in \u00e7a\u011fr\u0131da bulundu.<\/p>\n<p>Santralin \u00fczerinde b\u00fcy\u00fck bir gri bulut oldu\u011funu belirten Ekmen, herhangi bir kamu kurumunun santral s\u00f6zle\u015fmesine eri\u015femedi\u011fini, s\u00f6z\u00fc verildi\u011fi halde teknoloji transferi yap\u0131lmad\u0131\u011f\u0131n\u0131 ve T\u00fcrk m\u00fchendislerin burada ancak i\u015f\u00e7i olarak \u00e7al\u0131\u015fabildi\u011fini vurgulad\u0131.<\/p>\n<p>&#8216;Siyaset\u00e7iler ve EMO santrale giremiyor&#8217;<\/p>\n<p>Daha \u00f6nce konuyla ilgili ara\u015ft\u0131rma \u00f6nergesi veren, ancak verdi\u011fi \u00f6nerge AK Parti ve MHP oylar\u0131yla reddedilen Ali Mahir Ba\u015far\u0131r ile CHP Mersin Milletvekili G\u00fclcan K\u0131\u015f&#8217;\u0131n yan\u0131 s\u0131ra Mersin Elektrik M\u00fchendisleri Odas\u0131&#8217;n\u0131n da tesise kabul edilmedi\u011fini ifade eden Ekmen, &#8220;Rusya&#8217;ya g\u00f6nderilip e\u011fitim alan i\u015f\u00e7iler burada i\u015fe ba\u015flat\u0131lmam\u0131\u015ft\u0131r ve s\u0131kl\u0131kla ya\u015fanan zehirlenme vakalar\u0131 hakk\u0131nda dahi kamuoyu herhangi bir \u015fekilde do\u011fru bilgilendirilmemektedir&#8221; dedi.<\/p>\n<p>Bu meselenin sadece Mersin&#8217;i de\u011fil T\u00fcrkiye&#8217;yi ilgilendirdi\u011finin alt\u0131n\u0131 \u00e7izen Ekmen, Meclis&#8217;in do\u011fru bir y\u00f6ntemle bu konular\u0131 g\u00fcndemine alarak ayd\u0131nlatmas\u0131n\u0131 talep etti. <\/p>\n","protected":false},"excerpt":{"rendered":"<p>DEVA Partili Milletvekili Mehmet Emin Ekmen, Meclis&#8217;te yapt\u0131\u011f\u0131 konu\u015fmada, hakk\u0131nda bir\u00e7ok tart\u0131\u015fma bulunan Akkuyu N\u00fckleer Enerji Santrali hakk\u0131nda kamuoyunun bilgilendirilmesi i\u00e7in \u00e7a\u011fr\u0131da bulundu. Ekmen, &#8220;Bunlar sadece Mersin&#8217;in de\u011fil, T\u00fcrkiye&#8217;nin meseleleridir. Meclis do\u011fru bir y\u00f6ntemle bunlar\u0131 mutlaka g\u00fcndemine almal\u0131 ve ayd\u0131nlatmal\u0131d\u0131r&#8221; dedi. T\u00fcrkiye B\u00fcy\u00fck Millet Meclisi&#8217;nde s\u00f6z alan DEVA Partisi Mersin Milletvekili ve Genel Ba\u015fkan Yard\u0131mc\u0131s\u0131 [&hellip;]<\/p>\n","protected":false},"author":2,"featured_media":28108,"comment_status":"open","ping_status":"open","sticky":false,"template":"","format":"standard","meta":{"footnotes":""},"categories":[3,6],"tags":[],"class_list":["post-28107","post","type-post","status-publish","format-standard","has-post-thumbnail","hentry","category-manset","category-siyaset-2"],"views":15,"_links":{"self":[{"href":"https:\/\/mersinkadingazetesi.com\/index.php?rest_route=\/wp\/v2\/posts\/28107"}],"collection":[{"href":"https:\/\/mersinkadingazetesi.com\/index.php?rest_route=\/wp\/v2\/posts"}],"about":[{"href":"https:\/\/mersinkadingazetesi.com\/index.php?rest_route=\/wp\/v2\/types\/post"}],"author":[{"embeddable":true,"href":"https:\/\/mersinkadingazetesi.com\/index.php?rest_route=\/wp\/v2\/users\/2"}],"replies":[{"embeddable":true,"href":"https:\/\/mersinkadingazetesi.com\/index.php?rest_route=%2Fwp%2Fv2%2Fcomments&post=28107"}],"version-history":[{"count":0,"href":"https:\/\/mersinkadingazetesi.com\/index.php?rest_route=\/wp\/v2\/posts\/28107\/revisions"}],"wp:featuredmedia":[{"embeddable":true,"href":"https:\/\/mersinkadingazetesi.com\/index.php?rest_route=\/wp\/v2\/media\/28108"}],"wp:attachment":[{"href":"https:\/\/mersinkadingazetesi.com\/index.php?rest_route=%2Fwp%2Fv2%2Fmedia&parent=28107"}],"wp:term":[{"taxonomy":"category","embeddable":true,"href":"https:\/\/mersinkadingazetesi.com\/index.php?rest_route=%2Fwp%2Fv2%2Fcategories&post=28107"},{"taxonomy":"post_tag","embeddable":true,"href":"https:\/\/mersinkadingazetesi.com\/index.php?rest_route=%2Fwp%2Fv2%2Ftags&post=28107"}],"curies":[{"name":"wp","href":"https:\/\/api.w.org\/{rel}","templated":true}]}}