{"id":28128,"date":"2023-10-13T13:04:16","date_gmt":"2023-10-13T10:04:16","guid":{"rendered":"http:\/\/mersinkadingazetesi.com\/?p=28128"},"modified":"2023-10-13T13:04:16","modified_gmt":"2023-10-13T10:04:16","slug":"chpli-kis-universitelilerin-barinma-sorununu-tbmmde-cozelim","status":"publish","type":"post","link":"https:\/\/mersinkadingazetesi.com\/?p=28128","title":{"rendered":"CHP&#8217;L\u0130 KI\u015e: &#8220;\u00dcN\u0130VERS\u0130TEL\u0130LER\u0130N BARINMA SORUNUNU TBMM&#8217;DE \u00c7\u00d6ZEL\u0130M&#8221;"},"content":{"rendered":"<p>CHP Mersin Milletvekili G\u00fclcan K\u0131\u015f, \u00fcniversite \u00f6\u011frencilerinin bar\u0131nma sorununun \u00e7\u00f6z\u00fclmesi i\u00e7in TBMM&#8217;ye komisyon kurulmas\u0131 \u00e7a\u011fr\u0131s\u0131 yapt\u0131. K\u0131\u015f, &#8220;KYK yurtlar\u0131 yetersiz, \u00f6zel yurtlar ve ev kiralar\u0131 \u00e7ok y\u00fcksek. Bar\u0131nma sorunu TBMM&#8217;de \u00e7\u00f6z\u00fclmelidir&#8221; dedi.<\/p>\n<p>M\u0130LYONLARCA \u00d6\u011eRENC\u0130N\u0130N BARINMA SORUNU TBMM G\u00dcNDEM\u0130NDE<\/p>\n<p>CHP Mersin Milletvekili G\u00fclcan K\u0131\u015f, daha \u00fcniversiteler a\u00e7\u0131lmadan \u00f6\u011frencilerin bar\u0131nma krizi ile kar\u015f\u0131 kar\u015f\u0131ya kalmamas\u0131 i\u00e7in Meclis Ara\u015ft\u0131rma \u00d6nergesi vermi\u015fti.<\/p>\n<p>CHP&#8217;li K\u0131\u015f, artan kira fiyatlar\u0131 sebebiyle \u00f6\u011frencilerin \u00fcniversite okumak i\u00e7in gidecekleri kentlerde, bar\u0131nma s\u0131k\u0131nt\u0131s\u0131 ya\u015fayacaklar\u0131 uyar\u0131s\u0131n\u0131 yaparak, konunun \u00e7\u00f6z\u00fcm yerinin TBMM oldu\u011funu belirtmi\u015fti.<\/p>\n<p>\u00d6\u011frencilerin e\u011fitim hayat\u0131na ba\u015flamadan bu sorunun g\u00fcndeme al\u0131nmas\u0131 \u00e7a\u011fr\u0131s\u0131 yapt\u0131klar\u0131n\u0131 belirten K\u0131\u015f, \u00f6\u011frencilerin ev kiralar\u0131 sebebiyle a\u00e7\u0131kta kald\u0131\u011f\u0131n\u0131 hala bar\u0131nma s\u0131k\u0131nt\u0131s\u0131 ya\u015fayan binlerce \u00f6\u011frenci oldu\u011funu ifade etti.<\/p>\n<p>Y\u00fcksek enflasyon ve zamlar sebebiyle, \u00fcniversite kazanan \u00f6\u011frencilerin bar\u0131nma sorunu ba\u015fta olmak \u00fczere, ge\u00e7im s\u0131k\u0131nt\u0131s\u0131 ya\u015fayaca\u011f\u0131n\u0131 vurgulayan CHP&#8217;li K\u0131\u015f, konunun TBMM&#8217;de g\u00fcndeme al\u0131nmas\u0131 gerekti\u011fini ifade etti.<\/p>\n<p>K\u0131\u015f, KYK yurtlar\u0131n\u0131n yetersizli\u011fi, \u00f6zel yurtlar\u0131n ve ev kiralar\u0131n\u0131n y\u00fcksek olmas\u0131 sebebiyle \u00f6\u011frencilerin \u00e7aresiz kald\u0131\u011f\u0131n\u0131 belirtti.<\/p>\n<p>TBMM Genel Kurulu&#8217;nda s\u00f6z alarak \u00f6\u011frencilerin ya\u015fad\u0131klar\u0131 s\u0131k\u0131nt\u0131lar\u0131 aktaran K\u0131\u015f, CHP&#8217;li Belediyelerin \u00f6\u011frencilerin bar\u0131nma sorununu \u00e7\u00f6zecek \u00f6nemli projeler y\u00fcr\u00fctt\u00fc\u011f\u00fcn\u00fc anlatt\u0131. K\u0131\u015f, Mersin B\u00fcy\u00fck\u015fehir Belediyesi&#8217;nin de \u00f6\u011frencilere verdi\u011fi desteklerle &#8220;\u00dcniversiteli Dostu Belediyeler&#8221; listesinde ilk 5&#8217;te yer ald\u0131\u011f\u0131n\u0131 s\u00f6yledi.<\/p>\n<p>Genel Kurul&#8217;da bulunan milletvekillerine hitap eden K\u0131\u015f, t\u00fcm bu nedenlerle \u00f6\u011frencilerin bar\u0131nma krizini \u00e7\u00f6zmek i\u00e7in TBMM&#8217;de Komisyon Kurulmas\u0131 gerekti\u011fini ifade etti.<\/p>\n","protected":false},"excerpt":{"rendered":"<p>CHP Mersin Milletvekili G\u00fclcan K\u0131\u015f, \u00fcniversite \u00f6\u011frencilerinin bar\u0131nma sorununun \u00e7\u00f6z\u00fclmesi i\u00e7in TBMM&#8217;ye komisyon kurulmas\u0131 \u00e7a\u011fr\u0131s\u0131 yapt\u0131. K\u0131\u015f, &#8220;KYK yurtlar\u0131 yetersiz, \u00f6zel yurtlar ve ev kiralar\u0131 \u00e7ok y\u00fcksek. Bar\u0131nma sorunu TBMM&#8217;de \u00e7\u00f6z\u00fclmelidir&#8221; dedi. M\u0130LYONLARCA \u00d6\u011eRENC\u0130N\u0130N BARINMA SORUNU TBMM G\u00dcNDEM\u0130NDE CHP Mersin Milletvekili G\u00fclcan K\u0131\u015f, daha \u00fcniversiteler a\u00e7\u0131lmadan \u00f6\u011frencilerin bar\u0131nma krizi ile kar\u015f\u0131 kar\u015f\u0131ya kalmamas\u0131 i\u00e7in Meclis [&hellip;]<\/p>\n","protected":false},"author":2,"featured_media":28129,"comment_status":"open","ping_status":"open","sticky":false,"template":"","format":"standard","meta":{"footnotes":""},"categories":[1],"tags":[],"class_list":["post-28128","post","type-post","status-publish","format-standard","has-post-thumbnail","hentry","category-genel"],"views":41,"_links":{"self":[{"href":"https:\/\/mersinkadingazetesi.com\/index.php?rest_route=\/wp\/v2\/posts\/28128"}],"collection":[{"href":"https:\/\/mersinkadingazetesi.com\/index.php?rest_route=\/wp\/v2\/posts"}],"about":[{"href":"https:\/\/mersinkadingazetesi.com\/index.php?rest_route=\/wp\/v2\/types\/post"}],"author":[{"embeddable":true,"href":"https:\/\/mersinkadingazetesi.com\/index.php?rest_route=\/wp\/v2\/users\/2"}],"replies":[{"embeddable":true,"href":"https:\/\/mersinkadingazetesi.com\/index.php?rest_route=%2Fwp%2Fv2%2Fcomments&post=28128"}],"version-history":[{"count":0,"href":"https:\/\/mersinkadingazetesi.com\/index.php?rest_route=\/wp\/v2\/posts\/28128\/revisions"}],"wp:featuredmedia":[{"embeddable":true,"href":"https:\/\/mersinkadingazetesi.com\/index.php?rest_route=\/wp\/v2\/media\/28129"}],"wp:attachment":[{"href":"https:\/\/mersinkadingazetesi.com\/index.php?rest_route=%2Fwp%2Fv2%2Fmedia&parent=28128"}],"wp:term":[{"taxonomy":"category","embeddable":true,"href":"https:\/\/mersinkadingazetesi.com\/index.php?rest_route=%2Fwp%2Fv2%2Fcategories&post=28128"},{"taxonomy":"post_tag","embeddable":true,"href":"https:\/\/mersinkadingazetesi.com\/index.php?rest_route=%2Fwp%2Fv2%2Ftags&post=28128"}],"curies":[{"name":"wp","href":"https:\/\/api.w.org\/{rel}","templated":true}]}}