{"id":28167,"date":"2023-10-15T10:46:40","date_gmt":"2023-10-15T07:46:40","guid":{"rendered":"http:\/\/mersinkadingazetesi.com\/?p=28167"},"modified":"2023-10-15T10:46:40","modified_gmt":"2023-10-15T07:46:40","slug":"baskan-secer-mersinin-uretici-kadinlari-ile-bir-araya-geldi","status":"publish","type":"post","link":"https:\/\/mersinkadingazetesi.com\/?p=28167","title":{"rendered":"BA\u015eKAN SE\u00c7ER, MERS\u0130N&#8217;\u0130N \u00dcRET\u0130C\u0130 KADINLARI \u0130LE B\u0130R ARAYA GELD\u0130"},"content":{"rendered":"<p>Mersin B\u00fcy\u00fck\u015fehir Belediye Ba\u015fkan\u0131 Vahap Se\u00e7er, B\u00fcy\u00fck\u015fehir Belediyesi taraf\u0131ndan &#8216;Kad\u0131n\u0131n eli, topra\u011f\u0131n bereketi&#8217; slogan\u0131yla d\u00fczenlenen &#8216;D\u00fcnya Kad\u0131n \u00c7ift\u00e7iler G\u00fcn\u00fc Etkinli\u011fi&#8217;ne kat\u0131larak \u00fcretici kad\u0131nlar ile bir araya geldi.<\/p>\n<p>Yeni\u015fehir Atat\u00fcrk K\u00fclt\u00fcr Merkezi&#8217;ndeki etkinli\u011fe; Mersin B\u00fcy\u00fck\u015fehir Belediye Ba\u015fkan\u0131 Vahap Se\u00e7er ve e\u015fi Mersinden Kad\u0131n Kooperatifi Ba\u015fkan\u0131 Meral Se\u00e7er, Cumhuriyet Halk Partisi (CHP) Mersin \u0130l Ba\u015fkan\u0131 Koral \u00d6m\u00fcr, Mersin Milletvekili G\u00fclcan K\u0131\u015f, Mersin Ticaret ve Sanayi Odas\u0131 (MTSO) Meclis Ba\u015fkan\u0131 Hamit \u0130zol, Mersin Baro Ba\u015fkan\u0131 Gazi \u00d6zdemir, siyasi partilerin temsilcileri, B\u00fcy\u00fck\u015fehir Belediyesi b\u00fcrokratlar\u0131, Meclis \u00dcyeleri, oda ve dernek y\u00f6neticileri ile \u00fcretici kad\u0131nlar kat\u0131ld\u0131.<\/p>\n<p>B\u00fcy\u00fck\u015fehir Belediyesi&#8217;nin desteklerinden yararlanan \u00fcretici kad\u0131nlar ile ilgili bir tan\u0131t\u0131m videosu ile ba\u015flayan etkinlik, konu\u015fmalar ile devam etti.<\/p>\n<p>&#8220;Hepinizin eline, y\u00fcre\u011fine sa\u011fl\u0131k&#8221;<\/p>\n<p>T\u00f6rende konu\u015fan Ba\u015fkan Vahap Se\u00e7er, D\u00fcnya Kad\u0131n \u00c7ift\u00e7iler G\u00fcn\u00fc dolay\u0131s\u0131yla Tarsus&#8217;tan Anamur&#8217;a, Mut&#8217;tan \u00c7aml\u0131yayla&#8217;ya kadar Mersin&#8217;in her k\u00f6\u015fesinden programa kat\u0131lan t\u00fcm kad\u0131nlara te\u015fekk\u00fcr etti.<\/p>\n<p>Kad\u0131nlar\u0131n y\u00f6netici olarak toplum i\u00e7erisinde daha fazla yer almas\u0131 gerekti\u011fine dikkat \u00e7eken Ba\u015fkan Se\u00e7er, &#8220;Parlamentoda 300 kad\u0131n milletvekili olmas\u0131 laz\u0131m ama \u00f6yle de\u011fil. Mersin&#8217;de 13 il\u00e7e belediyesi var. Bunun hi\u00e7 olmazsa yar\u0131s\u0131n\u0131n kad\u0131n belediye ba\u015fkan\u0131 olmas\u0131 laz\u0131m ama de\u011fil. Ge\u00e7enlerde bunu s\u00f6yledim, k\u0131yamet koptu. Erkek adaylar \u00e7ok bozulmu\u015f. Ben &#8216;Ne kadar kad\u0131n y\u00f6netici olursa o kadar iyi olur&#8217; diyorum. Kad\u0131nlar; milletvekili, belediye ba\u015fkan\u0131, meclis \u00fcyesi, B\u00fcy\u00fck\u015fehir Belediye Ba\u015fkan\u0131 olsun. T\u00fcrkiye&#8217;de 30 B\u00fcy\u00fck\u015fehir Belediye ba\u015fkan\u0131 var, 28&#8217;i erkek. Bir tanesi de kar\u015f\u0131n\u0131zda duruyor&#8221; dedi.<\/p>\n<p>Kad\u0131nlar\u0131n temsiliyetinin \u00e7o\u011fu alanda az olmas\u0131na kar\u015f\u0131n tar\u0131m sekt\u00f6r\u00fcnde \u00e7al\u0131\u015fan n\u00fcfusun y\u00fczde 43&#8217;\u00fcn\u00fcn kad\u0131nlardan olu\u015ftu\u011funu dile getiren Se\u00e7er, &#8220;Di\u011fer sekt\u00f6rlerde; hizmet, turizm, sanayi sekt\u00f6r\u00fcnde veya siyasette temsiliyeti bu kadar y\u00fcksek de\u011fil. Tar\u0131m kolay bir i\u015f de\u011fil. Portakal, limon, meyve, sebze bah\u00e7elerine bak\u0131n, g\u00fcne\u015fin alt\u0131nda ayaz\u0131n r\u00fczg\u00e2r\u0131nda \u00e7al\u0131\u015fan kad\u0131n&#8221; diye konu\u015ftu.<\/p>\n<p>Kendisinin \u00e7ift\u00e7i bir belediye ba\u015fkan\u0131 oldu\u011funu hat\u0131rlatan Ba\u015fkan Se\u00e7er, &#8220;Siyaset\u00e7inin derdini siyaset\u00e7i, i\u015f\u00e7inin derdini i\u015f\u00e7i, kad\u0131n\u0131n derdini kad\u0131n, \u00e7ift\u00e7inin derdini de \u00e7ift\u00e7i bilir. Ben de \u00e7ift\u00e7i bir ba\u015fkan\u0131m. Toprak, a\u011fa\u00e7, hayvan, g\u00fcbre, ila\u00e7, mazot, trakt\u00f6r, bunlar\u0131 bileceksin. Bunlar\u0131 bilmezsen, kitapta okudu\u011fun gibi anlat\u0131ld\u0131\u011f\u0131 gibi ise anlamazs\u0131n bu i\u015flerden. Bu i\u015f \u00e7ok zor. \u00c7ift\u00e7ilik me\u015fakkatli bir i\u015f. Gece g\u00fcnd\u00fcz hi\u00e7 dinlenmez \u00e7ift\u00e7i. Bir de kol g\u00fcc\u00fc kullan\u0131yor. Hepinizin eline, y\u00fcre\u011fine sa\u011fl\u0131k&#8221; ifadelerini kulland\u0131.<\/p>\n<p>&#8220;Kad\u0131nlar, ayaklar\u0131n\u0131n \u00fczerinde durmak istiyor&#8221;<\/p>\n<p>Mersin B\u00fcy\u00fck\u015fehir Belediyesi olarak kad\u0131nlar ve k\u00fc\u00e7\u00fck \u00f6l\u00e7ekli \u00fcreticileri \u00f6ncelediklerinden s\u00f6z eden Se\u00e7er, &#8220;Kad\u0131nlar &#8216;Ayaklar\u0131m\u0131n \u00fczerinde duray\u0131m, \u00e7ocu\u011fum okula giderken har\u00e7l\u0131\u011f\u0131n\u0131 vermek i\u00e7in elimi cebime atay\u0131m, \u00e7\u0131kan para benim kazand\u0131\u011f\u0131m olsun&#8217; istiyor. Bu bir kad\u0131n i\u00e7in b\u00fcy\u00fck bir onur. &#8216;S\u00fct satt\u0131m, ine\u011fe bakt\u0131m, paray\u0131 kazand\u0131m, \u00e7ocu\u011fuma har\u00e7l\u0131k verdim.&#8217; Bu bir kad\u0131n i\u00e7in \u00e7ok \u00f6nemli bir onurdur; bunu anlayabilene&#8230; &#8216;\u00c7ocu\u011fu \u00fcniversiteye g\u00f6nderdik, m\u00fchendis oldu, doktor oldu.&#8217; Sen o kad\u0131na d\u00fcnyay\u0131 ver, bu kadar mutlu edemezsin. &#8216;\u00c7ocu\u011fumu okuttum&#8217; diyor; \u00e7al\u0131\u015farak, emek ederek. Ben hepinizin eme\u011fine sayg\u0131 duyuyorum&#8221; dedi.<\/p>\n<p>&#8220;Belediyemiz sizin emrinizde, para ve kaynak sizin&#8221;<\/p>\n<p>B\u00fcy\u00fck\u015fehir Belediyesi olarak hizmetleri en iyi \u015fekilde aktarmak i\u00e7in \u00e7al\u0131\u015fmalar y\u00fcr\u00fctt\u00fcklerinden s\u00f6z eden Se\u00e7er, &#8220;Belediyemiz sizin emrinizde. Para sizin, kaynak sizin. Ben emanet\u00e7iyim, bek\u00e7iyim. O para sizin. En iyi \u015fekilde hizmetleri aktarmak bizim g\u00f6revimiz. Mersin B\u00fcy\u00fck\u015fehir Belediyesi g\u00fc\u00e7l\u00fcd\u00fcr. Herkes a\u011flamay\u0131 sever, ben dik durmay\u0131 seviyorum. Biz kimseye muhta\u00e7 olmay\u0131z, bizim g\u00fcc\u00fcm\u00fcz bize yeter, her \u015feyin de \u00fcstesinden geliriz. 1 milyon 900 bin n\u00fcfusu var bu memleketin ama bu belediye 2,5 milyona hizmet ediyor. Kimseye de el avu\u00e7 a\u00e7m\u0131yor, zaten a\u00e7sa da bakan kimse yok. Olsun, dimdik ayakta dururuz. Kimsenin kar\u015f\u0131s\u0131nda da e\u011filip b\u00fck\u00fclmeyiz. Kimseye diklenmeyiz ama dik dururuz&#8221; diye konu\u015ftu.<\/p>\n<p>&#8220;Ben Belediye Ba\u015fkan\u0131 kald\u0131\u011f\u0131m s\u00fcrece binlerce aileye bu \u015fekilde hayvanc\u0131l\u0131k yapt\u0131raca\u011f\u0131m&#8221;<\/p>\n<p>Hayata ge\u00e7irdikleri projelerin \u00e7o\u011funlu\u011funun kad\u0131nlara y\u00f6nelik oldu\u011funu vurgulayan Se\u00e7er, bu projelerin de herkes taraf\u0131ndan duyulmas\u0131n\u0131 istediklerini s\u00f6yledi. Se\u00e7er, &#8216;Hadi Gel K\u00f6y\u00fcm\u00fcze Destek Verelim&#8217; projesi kapsam\u0131nda verdikleri desteklerden s\u00f6z ederek, &#8220;Her y\u0131l 60 aileye koyun veriliyor. 1 tane, 2 tane, 3 tane de\u011fil&#8221; dedi ve kat\u0131l\u0131mc\u0131lardan bir \u00fcretici kad\u0131n ile sohbet etti. Sohbetin \u00fczerine konu\u015fmas\u0131na devam eden Se\u00e7er, &#8220;Nazire gibi 240 \u00fcretici var, bunun 121&#8217;i Nazire gibi kad\u0131n. 240 \u00fcretici, 25 hayvan ald\u0131. 240 \u00e7arp\u0131 25; 6 bin dam\u0131zl\u0131k k\u00fc\u00e7\u00fckba\u015f eder. \u015eimdi 25 hayvan\u0131 \u00f6deyecek ama biz almayaca\u011f\u0131z onu, bir ba\u015fka \u00fcreticiye verece\u011fiz. Biz arabay\u0131 hareket ettirdik, motoru \u00e7al\u0131\u015ft\u0131rd\u0131k. Kendili\u011finden b\u00f6yle binlerce aile olacak. Ben Belediye Ba\u015fkan\u0131 kald\u0131\u011f\u0131m s\u00fcrece binlerce aileye bu \u015fekilde hayvanc\u0131l\u0131k yapt\u0131raca\u011f\u0131m&#8221; ifadelerine yer verdi.<\/p>\n<p>Fide-fidandan ar\u0131c\u0131l\u0131\u011fa, g\u00fcne\u015f enerji paneli deste\u011finden atal\u0131k tohuma, ceviz ve badem soyma makinesinden dal k\u0131rma makinesine kadar verdikleri desteklerden bahseden Se\u00e7er, bu projelerin \u00e7ok \u00f6nemli ve hepsinin i\u00e7inde de kad\u0131nlar oldu\u011funu kaydetti.<\/p>\n<p>&#8220;Hepimiz karde\u015fiz&#8221;<\/p>\n<p>\u0130\u015fleri bilerek yapman\u0131n, b\u00f6lgenin \u00fcr\u00fcnlerini T\u00fcrkiye ve d\u00fcnyaya duyurmak i\u00e7in \u00f6nemli oldu\u011funu kaydeden Se\u00e7er, &#8220;Mersinimizi herkes \u00f6\u011frensin. B\u00fct\u00fcn il\u00e7elerimizi \u00e7ok seviyoruz, her taraf bizim. Her taraf\u0131n insan\u0131n\u0131 seviyoruz. Biz karde\u015f bir \u00fclkeyiz. Hepimiz karde\u015fiz. \u00c7ok farkl\u0131 renkler var. B\u00fct\u00fcn karde\u015fler bir araya gelmi\u015f, \u00f6zellikle Mersin. T\u00fcrkiye gibi, Do\u011fu&#8217;dan, Bat\u0131&#8217;dan, Kuzey&#8217;den, G\u00fcney&#8217;den, Orta Anadolu&#8217;dan, Ege&#8217;den bir araya gelmi\u015fiz, bir potada erimi\u015fiz. Biz Mersinliyiz. Ayr\u0131m gayr\u0131m yok, bunu reddediyoruz&#8221; dedi.<\/p>\n<p>G\u00fclnar Bademi i\u00e7in de co\u011frafi i\u015faret m\u00fcracaat\u0131 yapt\u0131klar\u0131ndan s\u00f6z eden Se\u00e7er, &#8220;Sizler i\u00e7in \u00e7al\u0131\u015f\u0131yoruz, \u00e7al\u0131\u015fmaya devam edece\u011fiz. 4,5 y\u0131ll\u0131k g\u00f6rev s\u00fcremizi tamaml\u0131yoruz. Yakla\u015f\u0131k 5,5 ay sonra se\u00e7im var. Say\u0131l\u0131 g\u00fcn \u00e7abuk ge\u00e7er ama Mersin i\u00e7in Vahap Se\u00e7er. \u0130n\u015fallah Cumhuriyet Halk Partisi&#8217;nin Belediye Ba\u015fkan Aday\u0131 olarak, ama herkesin Belediye Ba\u015fkan\u0131 olarak; partimizin amblemi ile se\u00e7iliriz. Bizim yolumuz belli. Biz Mustafa Kemal Atat\u00fcrk&#8217;\u00fcn izinde gidiyoruz&#8221; diye konu\u015ftu.<\/p>\n<p>&#8220;Bizi \u00e7al\u0131\u015fmak kurtar\u0131r&#8221;<\/p>\n<p>B\u00f6yle \u00f6zel bir g\u00fcnde kad\u0131nlarla bir arada olmaktan \u00e7ok mutlu olduklar\u0131n\u0131 kaydeden Se\u00e7er, &#8220;Bug\u00fcn D\u00fcnya Kad\u0131n \u00c7ift\u00e7iler G\u00fcn\u00fc. Sizlerin D\u00fcnya Kad\u0131n \u00c7ift\u00e7iler G\u00fcn\u00fcn\u00fc kutluyorum. Bundan sonra da i\u015f birli\u011fi i\u00e7erisinde, birbirimizi dinleyerek, anlayarak, birbirimize yard\u0131mc\u0131 olarak \u00e7al\u0131\u015fmalar\u0131m\u0131z\u0131 s\u00fcrd\u00fcrece\u011fiz. Mersinimiz i\u00e7in, \u00fclkemiz i\u00e7in, insanl\u0131k i\u00e7in hep beraber \u00e7al\u0131\u015faca\u011f\u0131z. Bizi \u00e7al\u0131\u015fmak kurtar\u0131r. Hepinizi \u00e7ok seviyoruz&#8221; dedi.<\/p>\n<p>Meral Se\u00e7er: &#8220;Sizler; Mersin&#8217;i kad\u0131nlar y\u00f6n\u00fcnden de T\u00fcrkiye&#8217;nin parlayan y\u0131ld\u0131z yapacaks\u0131n\u0131z&#8221;<\/p>\n<p>Mersinden Kad\u0131n Kooperatifi Y\u00f6netim Kurulu Ba\u015fkan\u0131 Meral Se\u00e7er, 4 y\u0131ld\u0131r D\u00fcnya Kad\u0131n \u00c7ift\u00e7iler G\u00fcn\u00fc&#8217;nde \u00fcretici kad\u0131nlarla bir araya geldiklerini kaydederek, &#8220;Burada ilk g\u00fcn\u00fc hat\u0131rl\u0131yorum; \u00e7ok hayallerimiz ve bu hayalleri s\u00fcsleyen projelerimiz vard\u0131. Bu projelerde pek \u00e7ok kad\u0131nla birlikte konu\u015ftuk, fikir al\u0131\u015fveri\u015fleri yapt\u0131k ve yola \u00e7\u0131kt\u0131k. &#8216;\u00dcretici stantlar\u0131 olsun, bizim \u00fcretti\u011fimiz \u00fcr\u00fcnler sat\u0131ls\u0131n&#8217; diye hayal ediyorduk. Onlar ger\u00e7ekle\u015fti, \u00e7ok mutlu oldum. Kad\u0131nlar, tam Anadolu&#8217;nun k\u00fclt\u00fcr\u00fcne uygun, imece usul\u00fc birbirine destek oldular. Yine kad\u0131nlar buralardan, ba\u015fka yerlerden yeni i\u015fletmeler a\u00e7t\u0131lar, mevcut i\u015fletmelerini geli\u015ftirdiler. Bunun yan\u0131nda ger\u00e7ekten Anadolu kad\u0131n\u0131 \u00f6zellikle Mersin&#8217;in kad\u0131n\u0131 \u00e7ok \u00e7al\u0131\u015fkan ve enerjisi \u00e7ok y\u00fcksek. \u00dcretmeye o kadar inan\u00e7l\u0131lar ki bu inan\u00e7lar\u0131yla Mersin&#8217;e ayr\u0131 bir enerji getirdiniz. Ben \u015funa \u00e7ok inan\u0131yorum, sizler; bu enerji, bu sab\u0131r, bu inan\u00e7 olduktan sonra Mersin&#8217;i kad\u0131nlar y\u00f6n\u00fcnden de T\u00fcrkiye&#8217;nin parlayan y\u0131ld\u0131z yapacaks\u0131n\u0131z&#8221; diye konu\u015ftu.<\/p>\n<p>K\u0131\u015f: &#8220;Bir yerde bir kad\u0131n g\u00fc\u00e7l\u00fcyse ve \u00fcretiyorsa orada t\u00fcm aile g\u00fc\u00e7l\u00fc oluyor&#8221;<\/p>\n<p>CHP Mersin Milletvekili G\u00fclcan K\u0131\u015f, Mersin&#8217;in tar\u0131m\u0131n \u00fcretim merkezi, kad\u0131n\u0131n da tar\u0131msal \u00fcretimin dire\u011fi oldu\u011funu ifade ederek, &#8220;Ba\u015fkan\u0131m\u0131z Vahap Se\u00e7er&#8217;in tar\u0131ma olan ilgisi, tar\u0131ma verdi\u011fi destekleri hepimiz biliyoruz. \u00c7ift\u00e7inin \u00fcretmesi i\u00e7in ne gerekiyorsa b\u00fct\u00fcn destekleri verdi\u011fini s\u00f6ylediniz ki bunlara hepimiz sahada da \u015fahit oluyoruz. Ba\u015fkan\u0131m\u0131z\u0131n \u00f6zellikle \u00fcretici kad\u0131na destek veriyor olmas\u0131n\u0131 da ayr\u0131ca \u00f6nemsiyor ve k\u0131ymetli buluyorum. \u00c7\u00fcnk\u00fc biliyoruz ki bir yerde bir kad\u0131n g\u00fc\u00e7l\u00fcyse, kad\u0131n \u00fcretiyorsa orada t\u00fcm aile g\u00fc\u00e7l\u00fc oluyor, t\u00fcm aile \u00fcretici oluyor. Siz bir kad\u0131na bir fidan verirsiniz o size bir bah\u00e7e kurar, bir avu\u00e7 un verirsiniz o size bereketli sofralar kurar&#8221; dedi.<\/p>\n<p>Kevser: &#8220;Bizlere kendimizi g\u00fcvende hissetti\u011fimiz alanlar olu\u015fturuluyor&#8221;<\/p>\n<p>Mut Kad\u0131n Kooperatifi Ba\u015fkan\u0131 G\u00fcls\u00fcm Kevser, \u00e7ift\u00e7iler olarak son y\u0131llarda ya\u015fad\u0131klar\u0131 ekonomik zorluklar\u0131 anlatarak, yanl\u0131\u015f tar\u0131m uygulamalar\u0131n\u0131n da kendilerini etkiledi\u011fini ifade etti. \u00c7ift\u00e7i kad\u0131nlar\u0131n samimi bir deste\u011fe ihtiyac\u0131 oldu\u011funu s\u00f6zlerine ekleyen Kevser, &#8220;Bu anlamda kad\u0131n kooperatifleri do\u011fru bir modeldir ve desteklenmelidir. Biz Mersin olarak \u00e7ok \u015fansl\u0131y\u0131z. Bunu her zaman her yerde dile getiriyorum. \u00c7\u00fcnk\u00fc bizim her zaman yan\u0131m\u0131zda olan bir belediye ba\u015fkan\u0131m\u0131z var. \u0130nsan zor g\u00fcn\u00fcnde, yok g\u00fcn\u00fcnde yan\u0131nda olan\u0131 hi\u00e7bir zaman unutmaz, unutamaz. Ba\u015fkan\u0131m\u0131z; bir bak\u0131yorum tar\u0131m\u0131n i\u00e7inde, bir bak\u0131yorum hayvanlarla beraber, bir bak\u0131yorum se\u00e7kin bir galada, bir bak\u0131yorum denizde bal\u0131k\u00e7\u0131larla, bir bak\u0131yorum bisiklet s\u00fcr\u00fcyor. Ne diyeyim; halk lideri olmak bu olsa gerek&#8221; ifadelerini kulland\u0131.<\/p>\n<p>Memi\u015f: &#8220;Ba\u015fkan\u0131m\u0131z\u0131n vermi\u015f oldu\u011fu destekleri \u00f6nemsiyoruz&#8221;<\/p>\n<p>G\u00fclnar Ziraat Odas\u0131 Ba\u015fkan\u0131 Hacer Memi\u015f, Mersin B\u00fcy\u00fck\u015fehir Belediyesi&#8217;nin kendileri i\u00e7in verdi\u011fi deste\u011fin olduk\u00e7a \u00f6nemli oldu\u011funu ifade etti. Memi\u015f, &#8220;G\u00fclnar ku\u015f \u00fcz\u00fcm\u00fcm\u00fcze sahip \u00e7\u0131k\u0131p, co\u011frafi i\u015faret belgesine m\u00fcracaat edip, gerekli emekleri sarf eden B\u00fcy\u00fck\u015fehir Belediye Ba\u015fkan\u0131m\u0131z Say\u0131n Vahap Se\u00e7er&#8217;e, daire ba\u015fkanl\u0131\u011f\u0131na \u00e7ok te\u015fekk\u00fcr ederim. \u0130n\u015fallah bizlere kesin m\u00fcjdeli haberi bir g\u00fcn verecekler, inan\u0131yoruz. Ayr\u0131ca il\u00e7emize yap\u0131lan yard\u0131mlar\u0131, vermi\u015f oldu\u011fu destekleri \u00f6nemsiyoruz&#8221; dedi. G\u00fclnar&#8217;da \u00fcretilen badem i\u00e7in de co\u011frafi i\u015faret belgesi ba\u015fvurusu talep eden Memi\u015f, &#8220;B\u00fcy\u00fck\u015fehir Belediyesi olarak co\u011frafi i\u015faret belgesi al\u0131nmas\u0131n\u0131, tescillenmesini sizlerden talep ediyoruz. G\u00fclnar bademinin sadece G\u00fclnar Bademi ad\u0131yla sat\u0131lmas\u0131n\u0131 \u00e7ift\u00e7ilerimiz \u00f6nemsiyor, bademlerimizin gelece\u011fi i\u00e7in tescillenmesi \u00f6nem arz etmektedir&#8221; ifadelerini kulland\u0131.<\/p>\n<p>\u015een: &#8220;Bu proje benim i\u00e7in \u00e7ok anlaml\u0131&#8221;<\/p>\n<p>B\u00fcy\u00fck\u015fehir Belediyesi&#8217;nin &#8216;Hadi Gel K\u00f6y\u00fcm\u00fcze Destek Verelim Projesi&#8217;nden faydalanan Tarsus&#8217;un Dedeler Mahallesi&#8217;nden \u00fcretici K\u00fcbra \u015een, projeye ba\u015fvuru s\u00fcrecini anlatt\u0131. \u015een, projeye Alo 185 \u00fczerinden ba\u015fvuru yapt\u0131\u011f\u0131ndan s\u00f6z ederek, &#8220;Belli bir s\u00fcreden sonra beni arayarak talebimin olumlu oldu\u011funu s\u00f6ylediler. \u00c7ok mutlu oldum. \u00c7\u00fcnk\u00fc ben \u00fcniversite mezunu gen\u00e7 bir giri\u015fimciyim. Bu proje benim i\u00e7in \u00e7ok anlaml\u0131. Bir kad\u0131n\u0131n kendi ayaklar\u0131n\u0131n \u00fczerinde durmas\u0131 ger\u00e7ekten \u00e7ok \u00f6zel ve \u00e7ok anlaml\u0131 bir \u015fey&#8221; dedi ve ba\u015fta Ba\u015fkan Vahap Se\u00e7er olmak \u00fczere projede eme\u011fi ge\u00e7enlere te\u015fekk\u00fcr etti.<\/p>\n<p>Kaya: &#8220;Verilen malzeme deste\u011fi ile yok say\u0131lmad\u0131\u011f\u0131m\u0131z\u0131, var oldu\u011fumuzu hissettik&#8221;<\/p>\n<p>K\u00fc\u00e7\u00fck \u00d6l\u00e7ekli Bal\u0131k\u00e7\u0131l\u0131\u011fa Malzeme Deste\u011fi&#8217;nden faydalanan ve Erdemli&#8217;nin Alata Mahallesi&#8217;nde ya\u015fayan \u00fcretici Sevda Kaya ise &#8220;Artan mazot ve malzeme fiyatlar\u0131 belimizi b\u00fckm\u00fc\u015fken, herkes taraf\u0131ndan yok say\u0131ld\u0131\u011f\u0131m\u0131z bir anda Say\u0131n Vahap Se\u00e7er Ba\u015fkan\u0131m\u0131n bize vermi\u015f oldu\u011fu malzeme deste\u011fi sayesinde yok say\u0131lmad\u0131\u011f\u0131m\u0131z\u0131, bizim de var oldu\u011fumuzu hissettik. Tar\u0131m\u0131n her alan\u0131 bir \u015fekilde destekleniyor ama bal\u0131k\u00e7\u0131l\u0131k ger\u00e7ekten yok. Merkezi idarenin bizi var saymas\u0131 gerekti\u011fi yerde, belediye ba\u015fkan\u0131m\u0131z\u0131n bizi yok saymamas\u0131 \u00e7ok b\u00fcy\u00fck bir destek ve can suyu oldu bize. \u0130lk defa k\u00fc\u00e7\u00fck \u00f6l\u00e7ekli bal\u0131k\u00e7\u0131l\u0131\u011fa b\u00f6yle bir destek verildi&#8221; diye konu\u015farak, desteklerin devam\u0131n\u0131 beklediklerini kaydetti.<\/p>\n<p>Mersin B\u00fcy\u00fck\u015fehir Belediyesi&#8217;nin Passiflora Fidesi Da\u011f\u0131t\u0131m Projesi&#8217;nden faydalanan Anamur Kad\u0131n Giri\u015fimi \u00dcretim ve \u0130\u015fletme Kooperatifi Ba\u015fkan\u0131 \u00fcretici Neslihan Do\u011fan, &#8220;Ba\u015fkan\u0131m her zaman s\u00f6yler; &#8216;Ben pozitif ayr\u0131mc\u0131y\u0131m&#8217; der. Bu pozitif ayr\u0131mc\u0131l\u0131\u011f\u0131n\u0131 ger\u00e7ekten \u00e7ok be\u011fenerek, minnettar olarak burada deklare etmek istiyorum. \u00c7\u00fcnk\u00fc biz Anamur Kad\u0131n Giri\u015fimi \u00dcretim ve \u0130\u015fletme Kooperatifi&#8217;nin kurulu\u015f ama\u00e7lar\u0131ndan bir tanesi; kad\u0131n \u00e7ift\u00e7ilerin \u00fcretmesi. Vahap Se\u00e7er Ba\u015fkan\u0131ma, ilk \u00f6nce kad\u0131nlar i\u00e7in pozitif ayr\u0131mc\u0131 oldu\u011fu i\u00e7in, ayr\u0131ca \u00fcretime hizmet etti\u011fi i\u00e7in \u00e7ok te\u015fekk\u00fcr ediyorum ve D\u00fcnya Kad\u0131n \u00c7ift\u00e7iler G\u00fcn\u00fcm\u00fcz kutlu olsun&#8221; dedi.<\/p>\n<p>Konu\u015fmalar\u0131n ard\u0131ndan Ba\u015fkan Se\u00e7er ve Meral Se\u00e7er taraf\u0131ndan projelerde ba\u015far\u0131l\u0131 olan kad\u0131n \u00fcreticilere \u00e7i\u00e7ek verildi. Daha sonra \u00fcreticiler, Ba\u015fkan Se\u00e7er&#8217;e ve Meral Se\u00e7er&#8217;e re\u00e7el, meyve ve sebze gibi \u00fcrettikleri \u00fcr\u00fcnleri hediye etti. Etkinlik, B\u00fcy\u00fck\u015fehir Belediyesi Kent Orkestras\u0131 konseri ve ard\u0131ndan yemek ikram\u0131 ile sona erdi.<\/p>\n","protected":false},"excerpt":{"rendered":"<p>Mersin B\u00fcy\u00fck\u015fehir Belediye Ba\u015fkan\u0131 Vahap Se\u00e7er, B\u00fcy\u00fck\u015fehir Belediyesi taraf\u0131ndan &#8216;Kad\u0131n\u0131n eli, topra\u011f\u0131n bereketi&#8217; slogan\u0131yla d\u00fczenlenen &#8216;D\u00fcnya Kad\u0131n \u00c7ift\u00e7iler G\u00fcn\u00fc Etkinli\u011fi&#8217;ne kat\u0131larak \u00fcretici kad\u0131nlar ile bir araya geldi. Yeni\u015fehir Atat\u00fcrk K\u00fclt\u00fcr Merkezi&#8217;ndeki etkinli\u011fe; Mersin B\u00fcy\u00fck\u015fehir Belediye Ba\u015fkan\u0131 Vahap Se\u00e7er ve e\u015fi Mersinden Kad\u0131n Kooperatifi Ba\u015fkan\u0131 Meral Se\u00e7er, Cumhuriyet Halk Partisi (CHP) Mersin \u0130l Ba\u015fkan\u0131 Koral \u00d6m\u00fcr, [&hellip;]<\/p>\n","protected":false},"author":2,"featured_media":28168,"comment_status":"open","ping_status":"open","sticky":false,"template":"","format":"standard","meta":{"footnotes":""},"categories":[8,1,2,3],"tags":[],"class_list":["post-28167","post","type-post","status-publish","format-standard","has-post-thumbnail","hentry","category-ekonomi","category-genel","category-gundem","category-manset"],"views":8,"_links":{"self":[{"href":"https:\/\/mersinkadingazetesi.com\/index.php?rest_route=\/wp\/v2\/posts\/28167"}],"collection":[{"href":"https:\/\/mersinkadingazetesi.com\/index.php?rest_route=\/wp\/v2\/posts"}],"about":[{"href":"https:\/\/mersinkadingazetesi.com\/index.php?rest_route=\/wp\/v2\/types\/post"}],"author":[{"embeddable":true,"href":"https:\/\/mersinkadingazetesi.com\/index.php?rest_route=\/wp\/v2\/users\/2"}],"replies":[{"embeddable":true,"href":"https:\/\/mersinkadingazetesi.com\/index.php?rest_route=%2Fwp%2Fv2%2Fcomments&post=28167"}],"version-history":[{"count":0,"href":"https:\/\/mersinkadingazetesi.com\/index.php?rest_route=\/wp\/v2\/posts\/28167\/revisions"}],"wp:featuredmedia":[{"embeddable":true,"href":"https:\/\/mersinkadingazetesi.com\/index.php?rest_route=\/wp\/v2\/media\/28168"}],"wp:attachment":[{"href":"https:\/\/mersinkadingazetesi.com\/index.php?rest_route=%2Fwp%2Fv2%2Fmedia&parent=28167"}],"wp:term":[{"taxonomy":"category","embeddable":true,"href":"https:\/\/mersinkadingazetesi.com\/index.php?rest_route=%2Fwp%2Fv2%2Fcategories&post=28167"},{"taxonomy":"post_tag","embeddable":true,"href":"https:\/\/mersinkadingazetesi.com\/index.php?rest_route=%2Fwp%2Fv2%2Ftags&post=28167"}],"curies":[{"name":"wp","href":"https:\/\/api.w.org\/{rel}","templated":true}]}}