{"id":28173,"date":"2023-10-15T10:48:48","date_gmt":"2023-10-15T07:48:48","guid":{"rendered":"http:\/\/mersinkadingazetesi.com\/?p=28173"},"modified":"2023-10-15T10:48:48","modified_gmt":"2023-10-15T07:48:48","slug":"mersin-buyuksehirin-100-yil-donumunde-cumhuriyetimiz-sempozyumu-sona-erdi","status":"publish","type":"post","link":"https:\/\/mersinkadingazetesi.com\/?p=28173","title":{"rendered":"MERS\u0130N B\u00dcY\u00dcK\u015eEH\u0130R&#8217;\u0130N &#8216;100. YIL D\u00d6N\u00dcM\u00dcNDE CUMHUR\u0130YET\u0130M\u0130Z SEMPOZYUMU&#8217; SONA ERD\u0130"},"content":{"rendered":"<p>Mersin B\u00fcy\u00fck\u015fehir Belediyesi b\u00fcnyesindeki Mersin&#8217;e De\u011fer Katanlar Kurulu (MEDEKA) Kent Tarihi Kurulu ve \u0130\u00e7el Sanat Kul\u00fcb\u00fc i\u015f birli\u011fiyle ger\u00e7ekle\u015ftirilen &#8216;100. Y\u0131l D\u00f6n\u00fcm\u00fcnde Cumhuriyetimiz Sempozyumu&#8217; sona erdi.<\/p>\n<p>Mersin B\u00fcy\u00fck\u015fehir Belediyesi K\u00fclt\u00fcr ve Sosyal \u0130\u015fler Dairesi Ba\u015fkanl\u0131\u011f\u0131&#8217;n\u0131n Cumhuriyet&#8217;in 100. y\u0131l\u0131na \u00f6zel d\u00fczenledi\u011fi sempozyum13-14-15 Ekim tarihlerinde 3 g\u00fcn boyunca 4 oturum ve 1 arkeolojik gezi \u015feklinde ger\u00e7ekle\u015ftirildi. Sempozyumda; T\u00fcrkiye Cumhuriyeti&#8217;nin kurulu\u015f ve geli\u015fme s\u00fcreci tarihi, siyas\u00ee, sosyal, k\u00fclt\u00fcrel ve ekonomik boyutlar\u0131 akademik bir anlay\u0131\u015fla ortaya konuldu.<\/p>\n<p>Oturumlar verimli ge\u00e7ti<\/p>\n<p>Kongre ve Sergi Saray\u0131&#8217;nda yap\u0131lan sempozyumun 2. g\u00fcn\u00fcnde devam eden 2. Oturum&#8217;da Dokuz Eyl\u00fcl \u00dcniversitesi&#8217;nden Prof. Dr. Dil\u015fen \u0130nce Erdo\u011fan taraf\u0131ndan &#8216;\u0130ngiliz Bas\u0131n\u0131nda T\u00fcrk &#8211; Rum Ahali De\u011fi\u015fimi&#8217;; T\u00fcrk Alman \u00dcniversitesi&#8217;nden Prof. Dr. B. Aykut Ar\u0131kan taraf\u0131ndan &#8216;Cumhuriyet D\u00f6neminde Bas\u0131n ve Medya&#8217;; Ba\u015fkent \u00dcniversitesi&#8217;nden Prof. Dr. H. Hale K\u00fcn\u00fc\u00e7en taraf\u0131ndan &#8216;Cumhuriyet&#8217;in 100. Y\u0131l\u0131nda Atat\u00fcrk&#8217; ve Emekli \u00d6\u011fretim \u00dcyesi Do\u00e7. Dr. \u0130hsan Tayhani taraf\u0131nda da &#8216;Lozan&#8217;a \u00d6m\u00fcr Bi\u00e7me Bilgi\u00e7li\u011fi, Adalar Ger\u00e7e\u011fi ve Y\u00fcz Ya\u015f\u0131na Giren Atat\u00fcrk Cumhuriyeti&#8217; konu ba\u015fl\u0131klar\u0131ndan sempozyum verildi.<\/p>\n<p>3. Oturumun Ba\u015fkanl\u0131\u011f\u0131&#8217;n\u0131 Ba\u015fkent \u00dcniversitesi&#8217;nden Prof. Dr. Se\u00e7il Karal Akg\u00fcn yapt\u0131. Mersin \u00dcniversitesi&#8217;nden Prof. Dr. H\u00fcrriyet G\u00f6kday\u0131 taraf\u0131ndan &#8216;Cumhuriyet D\u00f6neminde T\u00fcrk Dilinin Geli\u015fimi&#8217;; \u0130\u015f Bankas\u0131 Y\u00f6netim Kurulu Eski Ba\u015fkan\u0131 Ersin \u00d6zince taraf\u0131ndan &#8216;Erken Cumhuriyet D\u00f6neminde Milli Sermayenin Olu\u015fturulma \u00c7al\u0131\u015fmalar\u0131 Ba\u011flam\u0131nda \u0130\u015f Bankas\u0131 \u00d6rne\u011fi&#8217;; Mersin \u00dcniversitesi&#8217;nden Do\u00e7. Dr. Birg\u00fcl Bozkurt ve Do\u00e7. Dr. \u0130brahim Bozkurt taraf\u0131ndan &#8216;Cumhuriyet D\u00f6neminde \u00c7a\u011fda\u015fla\u015fma ve Ulusalla\u015fma S\u00fcrecinde E\u011fitim&#8217; ve Mersin \u00dcniversitesi&#8217;nden Do\u00e7. Dr. Esra Dik taraf\u0131ndan da &#8216;Cumhuriyet D\u00f6nemi Kamu Y\u00f6netimi Reform Giri\u015fimleri&#8217; konu ba\u015fl\u0131klar\u0131nda sempozyum verildi.<\/p>\n<p>4. Oturum Ba\u015fkanl\u0131\u011f\u0131&#8217;n\u0131 Prof. Dr. H\u00fcrriyet G\u00f6kday\u0131 yapt\u0131. Mersin \u00dcniversitesi&#8217;nden Prof. Dr. Ayla \u00c7elik taraf\u0131ndan  &#8216;Atat\u00fcrk&#8217;\u00fcn G\u00f6z\u00fcnden Fen Bilimlerine Bak\u0131\u015f&#8217;; Mersin \u00dcniversitesi&#8217;nden Do\u00e7. Dr. Fikret Zorlu ve Dr. \u00d6\u011fretim \u00dcyesi Z. Sara Belge taraf\u0131ndan &#8216;Mersin&#8217;in Kentsel Geli\u015fimi: 1923-2023&#8217;; Mersin \u00dcniversitesi&#8217;nden Do\u00e7. Dr. Mehmet G\u00fcng\u00f6r taraf\u0131ndan &#8216;Cumhuriyet&#8217;in Modernle\u015fme Projesi Ba\u011flam\u0131nda Yurtta\u015fl\u0131k ve Kad\u0131n&#8217; ile i\u015f insan\u0131 Selami Gedik taraf\u0131ndan da &#8216;Cumhuriyet D\u00f6neminde Mersin Uray Caddesi&#8217;nin, Toplumsal, Siyasal ve Ekonomik \u00d6nemi&#8217; konu ba\u015fl\u0131klar\u0131 \u00fczerinde konu\u015fuldu.<\/p>\n<p>Erdo\u011fan: &#8220;Kendimi bana bug\u00fcn bir Mersinli gibi hissettirdiniz&#8221;<\/p>\n<p>Oturumlar\u0131n tamamlanmas\u0131n\u0131n ard\u0131ndan Dokuz Eyl\u00fcl \u00dcniversitesi&#8217;nden Prof. Dr. Dil\u015fen \u0130nce Erdo\u011fan, yapt\u0131\u011f\u0131 kapan\u0131\u015f konu\u015fmas\u0131nda, son s\u00f6z\u00fcn bir Cumhuriyet kad\u0131n\u0131na kald\u0131\u011f\u0131ndan s\u00f6z ederek, &#8220;Tabi ki son s\u00f6z\u00fc s\u00f6ylemek \u00e7ok zor. \u00c7ok s\u00f6z s\u00f6ylendi. Kendimi bana bug\u00fcn bir Mersinli gibi hissettirdiniz. Onun i\u00e7in ilk \u00f6nce \u00e7ok te\u015fekk\u00fcr ediyorum. Mersin&#8217;i g\u00f6rmedim ama konu\u015fmalarla gitmi\u015f, g\u00f6rm\u00fc\u015f kadar oldum. Bug\u00fcn sizlerle birlikte \u00e7ok de\u011ferli, e\u011fitimli ve bilin\u00e7li bir toplulu\u011fa hitap etmekten \u00e7ok mutlu oldum. Son 2 y\u0131ldan bu yana gitti\u011fim toplant\u0131larda ya de\u011ferlendirme oturumunda, ya de\u011ferlendirme bildirgesinin haz\u0131rlanmas\u0131nda ya da kapan\u0131\u015f konu\u015fmas\u0131n\u0131 yapmakta \u015fahs\u0131ma hep g\u00f6rev verildi. Bu ba\u011flamda \u00e7ok mutluyum&#8221; dedi.<\/p>\n<p>&#8220;Gitti\u011fim her toplant\u0131da, bir Cumhuriyet kad\u0131n\u0131 olarak &#8216;Buraday\u0131m&#8217; diye s\u00f6ze ba\u015flad\u0131m&#8221;<\/p>\n<p>2012 y\u0131l\u0131ndan beri akademinin i\u00e7inde oldu\u011funu kaydeden Erdo\u011fan, &#8220;Gitti\u011fim her toplant\u0131da, bir Cumhuriyet kad\u0131n\u0131 olarak &#8216;Buraday\u0131m&#8217; diye s\u00f6ze ba\u015flad\u0131m. \u0130\u00e7imizde bir \u0131\u015f\u0131k, hep \u00fcmit \u0131\u015f\u0131\u011f\u0131 var. Biz kad\u0131nlar, akademisyenler, \u00f6\u011frenciler her zaman \u00fcmitli, co\u015fkulu ve heyecanl\u0131 olmal\u0131y\u0131z ki arkadaki bizi dinleyen gen\u00e7lere bunu hissettirebilelim. Bug\u00fcn 2 g\u00fcnden bu yana Mersin&#8217;de ger\u00e7ekten muhte\u015fem bir \u015fekilde a\u011f\u0131rland\u0131k&#8221; dedi ve sempozyumda eme\u011fi ge\u00e7enlere te\u015fekk\u00fcr etti. Erdo\u011fan son olarak da &#8220;Yar\u0131m g\u00fcn daha olsayd\u0131 ben art\u0131k Mersin&#8217;den bir n\u00fcfus ka\u011f\u0131d\u0131 \u00e7\u0131kart\u0131p gidecektim. Cumhuriyetimizin nice 100 y\u0131llar\u0131n\u0131 kutlamak \u00fczere burada sizlerle tekrardan g\u00f6r\u00fc\u015fmek dile\u011fiyle&#8221; diye konu\u015ftu.<\/p>\n<p>\u00c7elik: &#8220;Kentimizin ruhunu yans\u0131tan bir sempozyum oldu&#8221;<\/p>\n<p>Mersin \u00dcniversitesi&#8217;nden Prof. Dr. Ayla \u00c7elik, sempozyumla ilgili de\u011ferlendirmeler yaparak, &#8220;\u00c7ok g\u00fczeldi, etkinlikler iyiydi. Konu\u015fmac\u0131lar\u0131m\u0131z \u00e7ok a\u00e7\u0131klay\u0131c\u0131yd\u0131lar, bizi \u00e7ok mutlu ettiler. Bu sempozyuma katk\u0131 sunmak beni \u00e7ok mutlu etti. Kentimizin ruhunu yans\u0131tan bir sempozyum oldu. B\u00fcy\u00fck\u015fehir Belediyesi&#8217;ne ve \u0130\u00e7el Sanat Kul\u00fcb\u00fc&#8217;ne te\u015fekk\u00fcr ederim. Sunumlarda Mersin&#8217;in tarihini, Mersin&#8217;de ya\u015fananlar\u0131 ve Mersin&#8217;in nas\u0131l geli\u015fti\u011fi ile n\u00fcfusunun nas\u0131l artt\u0131\u011f\u0131 gibi konularda hem kat\u0131l\u0131mc\u0131lar hem de panelistler \u00e7ok \u00f6nemli bilgiler verdiler. Kat\u0131l\u0131mc\u0131lar konuyu sorular\u0131yla derinle\u015ftirdiler&#8221; dedi.<\/p>\n<p>Bozkurt: &#8220;Bilgimizi, g\u00f6rg\u00fcm\u00fcz\u00fc bir kat daha artt\u0131rd\u0131&#8221;<\/p>\n<p>Mersin \u00dcniversitesi&#8217;nden Do\u00e7. Dr. Birg\u00fcl Bozkurt da, sempozyum fikrinin \u0130\u00e7el Sanat Kul\u00fcb\u00fc&#8217;yle ba\u015flad\u0131\u011f\u0131n\u0131 ve Mersin B\u00fcy\u00fck\u015fehir Belediyesi&#8217;nin de \u00e7ok \u00f6nemli katk\u0131lar\u0131 oldu\u011funu s\u00f6yleyerek, &#8220;Ba\u015ftan zaten beklentilerimiz b\u00fcy\u00fckt\u00fc ama \u00e7ok verimli ge\u00e7ti. 2 g\u00fcnd\u00fcr pek \u00e7ok y\u00f6n\u00fcyle Cumhuriyetimize dair de\u011ferlendirmeler ele al\u0131nd\u0131.  Ger\u00e7ekten \u00e7ok keyifliydi. Biz zaten Mersin&#8217;de ya\u015f\u0131yoruz. Mersin&#8217;in tarihi alan\u0131nda da \u00e7al\u0131\u015fmalar\u0131m\u0131z oluyor ama bu sempozyum bilgimizi, g\u00f6rg\u00fcm\u00fcz\u00fc bir kat daha artt\u0131rd\u0131. Her \u015fey \u00e7ok g\u00fczeldi&#8221; diye konu\u015ftu.<\/p>\n<p>Bozkurt: &#8220;Ya\u015fas\u0131n Cumhuriyet&#8221;<\/p>\n<p>Mersin \u00dcniversitesi&#8217;nden Do\u00e7. Dr. \u0130brahim Bozkurt &#8216;100. Y\u0131l\u0131nda Cumhuriyetimiz Sempozyumu&#8217;nun, alan\u0131nda uzman bir\u00e7ok ki\u015finin kat\u0131l\u0131m\u0131yla ger\u00e7ekle\u015ftirdiklerini belirtti. Cumhuriyet&#8217;in 100. y\u0131l\u0131nda \u00e7e\u015fitli kentlerde bir\u00e7ok etkinliklerin yap\u0131ld\u0131\u011f\u0131na dikkat \u00e7eken Bozkurt, &#8220;Mersin de Cumhuriyet Sempozyumu&#8217;na yer veren kentlerden biri oldu. Verimli ge\u00e7ti\u011fini d\u00fc\u015f\u00fcn\u00fcyorum. Cumhuriyet&#8217;i &#8216;Modernle\u015fme Projesi&#8217; olarak adland\u0131rm\u0131\u015ft\u0131k. Dolay\u0131s\u0131yla T\u00fcrkiye&#8217;nin y\u00fcz\u00fcn\u00fcn \u00e7a\u011fda\u015f d\u00fcnyaya d\u00f6n\u00fck, modernle\u015fme yolunda h\u0131zl\u0131 ad\u0131mlar atan bir \u00fclke olmas\u0131, e\u015fit haklara sahip yurtta\u015flar ba\u011flam\u0131nda mutlu insanlar\u0131n ya\u015fad\u0131\u011f\u0131 bir \u00fclke olmas\u0131 direkleriyle &#8216;Ya\u015fas\u0131n Cumhuriyet!&#8217; diyorum&#8221; ifadelerine yer verdi.<\/p>\n<p>K\u00fcn\u00fc\u00e7en: &#8220;Mersin&#8217;in bamba\u015fka bir y\u00fcz\u00fcn\u00fc g\u00f6rd\u00fck&#8221;<\/p>\n<p>Ba\u015fkent \u00dcniversitesi&#8217;nden Do\u00e7. Dr. Hale K\u00fcn\u00fc\u00e7en ise \u00e7ok anlaml\u0131 bir sempozyum ger\u00e7ekle\u015ftirdiklerini vurgulayarak, sempozyumun ger\u00e7ekle\u015fmesinde eme\u011fi ge\u00e7enlere te\u015fekk\u00fcrlerini iletti. K\u00fcn\u00fc\u00e7en, &#8220;Hem \u00e7ok anlaml\u0131 bir zaman diliminde hem de \u00e7ok anlaml\u0131 konu\u015fmalarla Mersin&#8217;in bamba\u015fka bir y\u00fcz\u00fcn\u00fc g\u00f6rd\u00fck. Mersin&#8217;in kent tarihine ili\u015fkin \u00e7ok enteresan sunumlar dinledik. Cumhuriyet&#8217;in kurulu\u015fundan bug\u00fcne ge\u00e7en 100 y\u0131l i\u00e7inde hem sosyal bilimin temel alanlar\u0131 ile ilgili, \u00f6rne\u011fin iktisat, sosyoloji, mimari, sinema sanat\u0131, i\u015fletme, hukuk ve tarihle ilgili \u00e7ok g\u00fczel sunumlar yap\u0131ld\u0131 hem de an\u0131lar, anekdotlar ve \u00e7e\u015fitli g\u00f6rsellerle bizi adeta tarihe \u0131\u015f\u0131nlad\u0131lar. \u00c7ok anlaml\u0131, keyifli, yararl\u0131 ve verimli bir sempozyum oldu\u011funu d\u00fc\u015f\u00fcn\u00fcyorum&#8221; dedi.<\/p>\n<p>Erdo\u011fan: &#8220;Bir \u00f6\u011frenci g\u00f6z\u00fcyle; bizim i\u00e7in \u00e7ok verimli bir sempozyum oldu&#8221;<\/p>\n<p>Sempozyuma kat\u0131lan Mersin \u00dcniversitesi Tarih B\u00f6l\u00fcm\u00fc 4. s\u0131n\u0131f \u00f6\u011frencisi Ya\u011fmur Erdo\u011fan da, &#8220;Bir \u00f6\u011frenci g\u00f6z\u00fcyle anlatmam gerekirse a\u00e7\u0131k\u00e7as\u0131 bizim i\u00e7in \u00e7ok verimli ve faydal\u0131 bir sempozyum oldu. Cumhuriyet&#8217;in y\u00fcz\u00fcnc\u00fc y\u0131l d\u00f6n\u00fcm\u00fcnde b\u00f6yle bir sempozyum i\u00e7erisinde olmak, bu an\u0131 bu \u015fekilde ya\u015famak bizim i\u00e7in ger\u00e7ekten \u00e7ok g\u00fczeldi&#8221; ifadelerini kulland\u0131.<\/p>\n<p>Bars: &#8220;Daha \u00f6nce b\u00f6yle kapsaml\u0131 bir sempozyuma kat\u0131lma \u015fans\u0131m olmam\u0131\u015ft\u0131&#8221;<\/p>\n<p>Mersin \u00dcniversitesi Tarih B\u00f6l\u00fcm\u00fc 4. s\u0131n\u0131f \u00f6\u011frencisi Damla G\u00fcl Bars ise, &#8220;Daha \u00f6nce b\u00f6yle kapsaml\u0131 bir sempozyuma kat\u0131lma \u015fans\u0131m olmam\u0131\u015ft\u0131. Benim i\u00e7in \u00e7ok verimli oldu. Hem sempozyumun i\u015fleyi\u015fini \u00f6\u011frenmi\u015f oldum hem de Cumhuriyet ve Mersin tarihi hakk\u0131nda bir\u00e7ok bilgi edindim. Farkl\u0131 hocalarla tan\u0131\u015fma \u015fans\u0131m oldu, farkl\u0131 g\u00f6r\u00fc\u015flere tan\u0131k oldum. Benim i\u00e7in ger\u00e7ekten \u00e7ok verimliydi, \u00e7ok g\u00fczel ve \u00f6zenliydi&#8221; diye konu\u015farak eme\u011fi ge\u00e7enlere te\u015fekk\u00fcrlerini iletti.<\/p>\n<p>Sempozyumda son olarak panelistlere kat\u0131l\u0131m ve te\u015fekk\u00fcr belgeleri takdim edilirken; sempozyum aile foto\u011fraf\u0131 \u00e7ekilmesi ile sona erdi.<\/p>\n","protected":false},"excerpt":{"rendered":"<p>Mersin B\u00fcy\u00fck\u015fehir Belediyesi b\u00fcnyesindeki Mersin&#8217;e De\u011fer Katanlar Kurulu (MEDEKA) Kent Tarihi Kurulu ve \u0130\u00e7el Sanat Kul\u00fcb\u00fc i\u015f birli\u011fiyle ger\u00e7ekle\u015ftirilen &#8216;100. Y\u0131l D\u00f6n\u00fcm\u00fcnde Cumhuriyetimiz Sempozyumu&#8217; sona erdi. Mersin B\u00fcy\u00fck\u015fehir Belediyesi K\u00fclt\u00fcr ve Sosyal \u0130\u015fler Dairesi Ba\u015fkanl\u0131\u011f\u0131&#8217;n\u0131n Cumhuriyet&#8217;in 100. y\u0131l\u0131na \u00f6zel d\u00fczenledi\u011fi sempozyum13-14-15 Ekim tarihlerinde 3 g\u00fcn boyunca 4 oturum ve 1 arkeolojik gezi \u015feklinde ger\u00e7ekle\u015ftirildi. Sempozyumda; [&hellip;]<\/p>\n","protected":false},"author":2,"featured_media":28174,"comment_status":"open","ping_status":"open","sticky":false,"template":"","format":"standard","meta":{"footnotes":""},"categories":[2,3],"tags":[],"class_list":["post-28173","post","type-post","status-publish","format-standard","has-post-thumbnail","hentry","category-gundem","category-manset"],"views":3,"_links":{"self":[{"href":"https:\/\/mersinkadingazetesi.com\/index.php?rest_route=\/wp\/v2\/posts\/28173"}],"collection":[{"href":"https:\/\/mersinkadingazetesi.com\/index.php?rest_route=\/wp\/v2\/posts"}],"about":[{"href":"https:\/\/mersinkadingazetesi.com\/index.php?rest_route=\/wp\/v2\/types\/post"}],"author":[{"embeddable":true,"href":"https:\/\/mersinkadingazetesi.com\/index.php?rest_route=\/wp\/v2\/users\/2"}],"replies":[{"embeddable":true,"href":"https:\/\/mersinkadingazetesi.com\/index.php?rest_route=%2Fwp%2Fv2%2Fcomments&post=28173"}],"version-history":[{"count":0,"href":"https:\/\/mersinkadingazetesi.com\/index.php?rest_route=\/wp\/v2\/posts\/28173\/revisions"}],"wp:featuredmedia":[{"embeddable":true,"href":"https:\/\/mersinkadingazetesi.com\/index.php?rest_route=\/wp\/v2\/media\/28174"}],"wp:attachment":[{"href":"https:\/\/mersinkadingazetesi.com\/index.php?rest_route=%2Fwp%2Fv2%2Fmedia&parent=28173"}],"wp:term":[{"taxonomy":"category","embeddable":true,"href":"https:\/\/mersinkadingazetesi.com\/index.php?rest_route=%2Fwp%2Fv2%2Fcategories&post=28173"},{"taxonomy":"post_tag","embeddable":true,"href":"https:\/\/mersinkadingazetesi.com\/index.php?rest_route=%2Fwp%2Fv2%2Ftags&post=28173"}],"curies":[{"name":"wp","href":"https:\/\/api.w.org\/{rel}","templated":true}]}}