{"id":28254,"date":"2023-10-19T13:00:38","date_gmt":"2023-10-19T10:00:38","guid":{"rendered":"http:\/\/mersinkadingazetesi.com\/?p=28254"},"modified":"2023-10-19T13:00:38","modified_gmt":"2023-10-19T10:00:38","slug":"chpli-kis-muhendis-mimar-ve-sehir-plancilarinin-taleplerini-meclise-tasidi","status":"publish","type":"post","link":"https:\/\/mersinkadingazetesi.com\/?p=28254","title":{"rendered":"CHP&#8217;li K\u0131\u015f m\u00fchendis, mimar ve \u015fehir planc\u0131lar\u0131n\u0131n taleplerini meclise ta\u015f\u0131d\u0131"},"content":{"rendered":"<p>CHP Mersin Milletvekili G\u00fclcan K\u0131\u015f, T\u00fcrkiye&#8217;de m\u00fchendislerin y\u00fczde 60&#8217;tan fazlas\u0131n\u0131n asgari \u00fccret ile \u00e7al\u0131\u015fmak zorunda oldu\u011funa dikkat \u00e7ekti. T\u00fcrk M\u00fchendis ve Mimar Odalar\u0131 Birli\u011finin &#8220;Bo\u015funa m\u0131 okuduk&#8221; kampanyas\u0131na destek veren G\u00fclcan K\u0131\u015f, &#8220;Ben de bir in\u015faat m\u00fchendisi olarak bu hakl\u0131 davada yanlar\u0131nday\u0131m&#8221; dedi.<\/p>\n<p>Cumhuriyet Halk Partisi (CHP) Mersin Milletvekili G\u00fclcan K\u0131\u015f m\u00fchendis, mimar ve \u015fehir planc\u0131lar\u0131n\u0131n taleplerini meclis genel kurulunda dile getirdi.<\/p>\n<p>T\u00fcrkiye&#8217;nin tarihinin en b\u00fcy\u00fck ekonomik krizlerinden birini ya\u015fad\u0131\u011f\u0131na de\u011finen G\u00fclcan K\u0131\u015f, hayat pahal\u0131l\u0131\u011f\u0131 ve artan fiyatlar\u0131n m\u00fchendis ve mimarlar\u0131 da derinden etkiledi\u011fini s\u00f6yledi. <\/p>\n<p>K\u0131\u015f, &#8220;\u00dclkemizin kalk\u0131nmas\u0131, sanayile\u015fmesi ve geli\u015fmesi s\u00fcrecinde m\u00fchendis, mimar ve \u015fehir planc\u0131lar\u0131n\u0131n katk\u0131lar\u0131 son derece b\u00fcy\u00fckt\u00fcr. \u0130\u015fsizlik, hayat pahal\u0131l\u0131\u011f\u0131, d\u00fc\u015f\u00fck \u00fccretler, g\u00fcvencesizlik m\u00fchendis, mimar ve \u015fehir planc\u0131lar\u0131n\u0131n \u00f6ncelikli sorunlar\u0131 olmaya devam ediyor.<\/p>\n<p>Bug\u00fcn, m\u00fchendislerin y\u00fczde 60&#8217;tan fazlas\u0131 asgari \u00fccretle \u00e7al\u0131\u015f\u0131yor, mezun olan her gen\u00e7 ya i\u015fsizlikle ya da d\u00fc\u015f\u00fck \u00fccretle kar\u015f\u0131 kar\u015f\u0131ya. \u00dcreten ve geli\u015fen bir T\u00fcrkiye i\u00e7in bilimin \u0131\u015f\u0131\u011f\u0131nda \u00e7al\u0131\u015fan T\u00fcrk M\u00fchendis ve Mimar Odalar\u0131 Birli\u011fi seslerini duyurmak, sorunlar\u0131na dikkat \u00e7ekmek ad\u0131na &#8220;Bo\u015funa m\u0131 okuduk?&#8221; kampanyas\u0131 ba\u015flatm\u0131\u015flard\u0131r. Ben de bir in\u015faat m\u00fchendisi olarak, bu hakl\u0131 davada yanlar\u0131nda oldu\u011fumu iletiyor, T\u00fcrk M\u00fchendis ve Mimar Odalar\u0131 Birli\u011finin 69&#8217;uncu kurulu\u015f y\u0131l d\u00f6n\u00fcm\u00fcn\u00fc kutluyorum&#8221; dedi.<\/p>\n","protected":false},"excerpt":{"rendered":"<p>CHP Mersin Milletvekili G\u00fclcan K\u0131\u015f, T\u00fcrkiye&#8217;de m\u00fchendislerin y\u00fczde 60&#8217;tan fazlas\u0131n\u0131n asgari \u00fccret ile \u00e7al\u0131\u015fmak zorunda oldu\u011funa dikkat \u00e7ekti. T\u00fcrk M\u00fchendis ve Mimar Odalar\u0131 Birli\u011finin &#8220;Bo\u015funa m\u0131 okuduk&#8221; kampanyas\u0131na destek veren G\u00fclcan K\u0131\u015f, &#8220;Ben de bir in\u015faat m\u00fchendisi olarak bu hakl\u0131 davada yanlar\u0131nday\u0131m&#8221; dedi. Cumhuriyet Halk Partisi (CHP) Mersin Milletvekili G\u00fclcan K\u0131\u015f m\u00fchendis, mimar ve \u015fehir [&hellip;]<\/p>\n","protected":false},"author":2,"featured_media":28255,"comment_status":"open","ping_status":"open","sticky":false,"template":"","format":"standard","meta":{"footnotes":""},"categories":[3,6],"tags":[],"class_list":["post-28254","post","type-post","status-publish","format-standard","has-post-thumbnail","hentry","category-manset","category-siyaset-2"],"views":6,"_links":{"self":[{"href":"https:\/\/mersinkadingazetesi.com\/index.php?rest_route=\/wp\/v2\/posts\/28254"}],"collection":[{"href":"https:\/\/mersinkadingazetesi.com\/index.php?rest_route=\/wp\/v2\/posts"}],"about":[{"href":"https:\/\/mersinkadingazetesi.com\/index.php?rest_route=\/wp\/v2\/types\/post"}],"author":[{"embeddable":true,"href":"https:\/\/mersinkadingazetesi.com\/index.php?rest_route=\/wp\/v2\/users\/2"}],"replies":[{"embeddable":true,"href":"https:\/\/mersinkadingazetesi.com\/index.php?rest_route=%2Fwp%2Fv2%2Fcomments&post=28254"}],"version-history":[{"count":0,"href":"https:\/\/mersinkadingazetesi.com\/index.php?rest_route=\/wp\/v2\/posts\/28254\/revisions"}],"wp:featuredmedia":[{"embeddable":true,"href":"https:\/\/mersinkadingazetesi.com\/index.php?rest_route=\/wp\/v2\/media\/28255"}],"wp:attachment":[{"href":"https:\/\/mersinkadingazetesi.com\/index.php?rest_route=%2Fwp%2Fv2%2Fmedia&parent=28254"}],"wp:term":[{"taxonomy":"category","embeddable":true,"href":"https:\/\/mersinkadingazetesi.com\/index.php?rest_route=%2Fwp%2Fv2%2Fcategories&post=28254"},{"taxonomy":"post_tag","embeddable":true,"href":"https:\/\/mersinkadingazetesi.com\/index.php?rest_route=%2Fwp%2Fv2%2Ftags&post=28254"}],"curies":[{"name":"wp","href":"https:\/\/api.w.org\/{rel}","templated":true}]}}