{"id":28277,"date":"2023-10-20T13:26:17","date_gmt":"2023-10-20T10:26:17","guid":{"rendered":"http:\/\/mersinkadingazetesi.com\/?p=28277"},"modified":"2023-10-20T13:26:17","modified_gmt":"2023-10-20T10:26:17","slug":"buyuksehir-kultur-yayinlari-ile-fuardaki-yerini-aldi","status":"publish","type":"post","link":"https:\/\/mersinkadingazetesi.com\/?p=28277","title":{"rendered":"B\u00dcY\u00dcK\u015eEH\u0130R, K\u00dcLT\u00dcR YAYINLARI \u0130LE FUARDAK\u0130 YER\u0130N\u0130 ALDI"},"content":{"rendered":"<p>Akdeniz B\u00f6lgesi&#8217;nin en \u00f6nemli k\u00fclt\u00fcrel etkinliklerinden biri olan ve bu y\u0131l 8.&#8217;si ger\u00e7ekle\u015fen &#8216;CNR Mersin Kitap Fuar\u0131&#8217; her ya\u015ftan Mersinli&#8217;den yo\u011fun ilgi g\u00f6rmeye devam ediyor.<\/p>\n<p>CNR Yeni\u015fehir Fuar Alan\u0131&#8217;nda birbirinden se\u00e7kin yazarlar\u0131 kitapseverlerle bulu\u015fturan fuarda yer alan Mersin B\u00fcy\u00fck\u015fehir Belediyesi stand\u0131nda, Mersin Kent Kitapl\u0131\u011f\u0131 taraf\u0131ndan bas\u0131m\u0131 yap\u0131lan 18 eser, yazarlar\u0131n imza g\u00fcnlerinde imzalan\u0131p okurlara \u00fccretsiz olarak hediye ediliyor.<\/p>\n<p>Bu kapsamda K\u00fclt\u00fcr ve Sosyal \u0130\u015fler Dairesi Ba\u015fkanl\u0131\u011f\u0131&#8217;n\u0131n stant a\u00e7t\u0131\u011f\u0131 etkinlikte yazar Ali Toydemir &#8216;Mersin&#8217;i Tan\u0131yoruz&#8217;, Duygu \u00d6zcanl\u0131 \u0130\u00e7li &#8216;Can&#8217;\u0131n Yoga Yolculu\u011fu&#8217; kitaplar\u0131n\u0131 \u00e7ocuklar i\u00e7in imzalarken, Fatma Aymer, &#8216;Mersin&#8217;e Adanm\u0131\u015f Bir \u00d6m\u00fcr; Gazetecilik&#8217; adl\u0131 kitab\u0131n\u0131 okurlar\u0131 i\u00e7in imzalad\u0131.<\/p>\n<p>Toydemir: &#8220;\u00c7ocuklar\u0131n Mersin&#8217;i g\u00fczel bir \u015fekilde tan\u0131mas\u0131 i\u00e7in bu kitab\u0131 haz\u0131rlad\u0131m&#8221;<\/p>\n<p>Kitap Fuar\u0131&#8217;nda imza g\u00fcnlerinin yan\u0131 s\u0131ra, s\u00f6yle\u015fi gibi \u00e7e\u015fitli programlar\u0131n yap\u0131ld\u0131\u011f\u0131n\u0131 ve B\u00fcy\u00fck\u015fehir Belediyesi&#8217;nin de fuarda stant a\u00e7arak yazarlar ve okurlar\u0131, okumay\u0131 seven kitap tutkunlar\u0131n\u0131 bir araya getirdi\u011fini belirten foto\u011fraf\u00e7\u0131 yazar Ali Toydemir, &#8216;Mersin&#8217;i Tan\u0131yoruz&#8217; kitab\u0131n\u0131 eski bir hik\u00e2yeden yola \u00e7\u0131karak yazd\u0131\u011f\u0131n\u0131 ifade etti. Kitapla ilgili bilgi aktaran Toydemir, &#8220;Mersinli olan, ama Diyarbak\u0131r&#8217;\u0131n \u00c7ermik il\u00e7esinde ya\u015fayan bir \u00f6\u011fretmen bizlere sosyal medya \u00fczerinden ula\u015farak, orada ya\u015fayan \u00e7ocuklar\u0131n Mersin hakk\u0131nda hi\u00e7bir \u015fey bilmedi\u011fini iletti. Biz de onlara ula\u015farak Mersin&#8217;e y\u00f6nelik bilgiler, bro\u015f\u00fcrler, Mersin&#8217;in limonu, cezeryesi gibi \u00fcr\u00fcnlerin yan\u0131 s\u0131ra, Atam\u0131z\u0131n &#8216;Nutuk&#8217; kitab\u0131n\u0131 ula\u015ft\u0131rd\u0131k. Benim 8 ya\u015f\u0131nda bir k\u0131z\u0131m var. O&#8217;nun da b\u00fcy\u00fcrken Mersin&#8217;i g\u00fczel bir \u015fekilde tan\u0131mas\u0131 amac\u0131yla bu kitab\u0131 haz\u0131rlad\u0131m&#8221; dedi.<\/p>\n<p>&#8220;Kitab\u0131m\u0131n B\u00fcy\u00fck\u015fehir Belediyesi K\u00fclt\u00fcr Yay\u0131nlar\u0131 aras\u0131nda yer almas\u0131 benim i\u00e7in onur verici&#8221;<\/p>\n<p>Kitab\u0131n i\u00e7eri\u011fini, faydal\u0131 bilgiler ve bulmaca gibi unsurlarla daha da zenginle\u015ftirip, biraz daha e\u011flenceli bir hale getirmek istedi\u011fini s\u00f6yleyen Toydemir, &#8220;Kitab\u0131m\u0131n Mersin B\u00fcy\u00fck\u015fehir Belediyesi K\u00fclt\u00fcr Yay\u0131nlar\u0131 aras\u0131nda yer almas\u0131, benim i\u00e7in ayr\u0131ca bir onur. Mersin&#8217;i tan\u0131tmam\u0131zda bizlere destek veren herkese te\u015fekk\u00fcr ediyorum. Bazen hi\u00e7 bilmedi\u011fimiz, daha \u00f6nce g\u00f6rmedi\u011fimiz bir k\u00f6yde kendi kitab\u0131m\u0131 g\u00f6rebiliyorum. Mersin B\u00fcy\u00fck\u015fehir Belediyesi bu kitab\u0131 oralara kadar ula\u015ft\u0131rabiliyor. Kendi kitab\u0131n\u0131z\u0131, hi\u00e7 akl\u0131n\u0131zda yokken birinin elinde g\u00f6rebiliyorsunuz veya y\u0131llard\u0131r g\u00f6rmedi\u011finiz bir dostunuz size ula\u015f\u0131p, &#8216;Senin kitab\u0131n elime ula\u015ft\u0131&#8217; deyip tebriklerini iletebiliyor. Bir insan\u0131n kendi evlad\u0131 ve kentinde ya\u015fayan \u00e7ocuklar i\u00e7in haz\u0131rlam\u0131\u015f oldu\u011fu bir kitab\u0131 ba\u015fka \u00e7ocuklar\u0131n ellerinde g\u00f6rmek ve bundan faydal\u0131 bir d\u00f6n\u00fc\u015f almak mutluluk verici&#8221; diye konu\u015ftu.<\/p>\n<p>\u0130\u00e7li: &#8220;Yazarl\u0131k olduk\u00e7a emek isteyen bir s\u00fcre\u00e7, deneyimlemi\u015f oldum&#8221;<\/p>\n<p>&#8216;Can&#8217;\u0131n Yoga Yolculu\u011fu&#8217; adl\u0131 kitab\u0131n yazar\u0131 ve ayn\u0131 zamanda Edebiyat \u00d6\u011fretmeni olan Duygu \u00d6zcanl\u0131 \u0130\u00e7li, bir d\u00f6nem \u00f6\u011fretmenlikten uzakla\u015farak yoga e\u011fitmenli\u011fi yapt\u0131\u011f\u0131n\u0131 ve \u00e7ocuk yogas\u0131n\u0131 \u00e7ok sevdi\u011fini, kitab\u0131n da bu ikisinin harmanlanmas\u0131yla olu\u015ftu\u011funu ifade ederek, &#8220;\u00c7ocuk klasiklerini, \u00e7ocuk yogas\u0131n\u0131 \u00e7ocuklara tan\u0131tmak amac\u0131yla bu kitab\u0131 yazd\u0131m. \u00c7ok uzun s\u00fcrd\u00fc. Kitap yazmak \u00e7ok zormu\u015f. Y\u0131llard\u0131r okuyucuydum. Yazarl\u0131k ise olduk\u00e7a emek isteyen bir s\u00fcre\u00e7mi\u015f. Bunu da deneyimlemi\u015f oldum&#8221; \u015feklinde konu\u015ftu.<\/p>\n<p>&#8220;B\u00fcy\u00fck\u015fehir, Mersin&#8217;in renkli bir \u00e7i\u00e7ek bah\u00e7esi olmas\u0131 i\u00e7in elinden geleni yapm\u0131\u015f&#8221;<\/p>\n<p>B\u00fcy\u00fck\u015fehir Belediyesi&#8217;nin destekleriyle kitab\u0131n\u0131n bas\u0131ld\u0131\u011f\u0131n\u0131 ve bu sayede daha fazla \u00e7ocu\u011fa ula\u015f\u0131labilece\u011fini kaydeden \u0130\u00e7li, &#8220;K\u00fclt\u00fcre, kitaba ve \u00e7ocu\u011fa verdi\u011fi de\u011ferden dolay\u0131 B\u00fcy\u00fck\u015fehir Belediyesi&#8217;ne te\u015fekk\u00fcr ediyorum. Burada olmak, \u00e7ocuklara ula\u015fabilmek ve onlar\u0131n bana ula\u015fabilmesi b\u00fcy\u00fck bir mutluluk. Gurur duyuyorum&#8221; dedi. \u0130\u00e7li s\u00f6zlerine ek olarak da, &#8220;Ben Ya\u015far Kemal&#8217;i \u00e7ok seviyorum. O, &#8216;D\u00fcnya bin bir \u00e7i\u00e7ekli bah\u00e7e olsun istiyorum. Herkesin bar\u0131\u015f ve \u00f6zg\u00fcrce ya\u015fayabilece\u011fi&#8217; diyor. B\u00fcy\u00fck\u015fehir Belediyemiz de, \u00e7ocuklar ve kitaplarla bu \u015fehrin renkli bir \u00e7i\u00e7ek bah\u00e7esi olmas\u0131 i\u00e7in elinden geleni yapm\u0131\u015f. \u015eu anda ko\u015fullar \u00e7ok zor. Biliyorsunuz k\u00e2\u011f\u0131t \u00e7ok pahaland\u0131. B\u00fcy\u00fck\u015fehir Belediyesi&#8217;nin \u00e7ocuklara, insanlara ve \u015fehrimize bunu \u00fccretsiz bir \u015fekilde sa\u011flamas\u0131, b\u00fcy\u00fck bir mutluluk&#8221; dedi.<\/p>\n<p>Aymer: &#8220;Kitab\u0131mda, tarihe kaynakl\u0131k eden ar\u015fiv \u00e7al\u0131\u015fmas\u0131 ortaya \u00e7\u0131kard\u0131m&#8221;<\/p>\n<p>Mersin&#8217;de 65 y\u0131ld\u0131r faaliyet g\u00f6steren Sonhaber adl\u0131 gazetenin sorumlusu ve yazar\u0131 Fatma Aymer, as\u0131l i\u015finin reklamc\u0131l\u0131k oldu\u011funu ve e\u015finin vefat\u0131 \u00fczerine gazetenin sorumlulu\u011funu almaya ba\u015flad\u0131\u011f\u0131n\u0131 dile getirerek, &#8220;E\u015fim Mersin&#8217;de daha \u00e7ok tan\u0131n\u0131rd\u0131. \u00c7ok iyi bir kalemi vard\u0131. O&#8217;nun unutulmamas\u0131 ad\u0131na bu kitab\u0131 haz\u0131rlad\u0131m. Bu kitap 1980 ve 1990&#8217;l\u0131 y\u0131llarda Tankut Tufan&#8217;\u0131n makalelerinden ve gazetenin o g\u00fcnk\u00fc man\u015fetlerinden olu\u015fuyor. Yani geriye bir \u015feyler kals\u0131n diye, anlaml\u0131 bir \u00e7al\u0131\u015fma ortaya \u00e7\u0131kard\u0131m&#8221; dedi.<\/p>\n<p>Aymer kitab\u0131n\u0131n ar\u015fiv \u00e7al\u0131\u015fmas\u0131 oldu\u011funu ve bu y\u00fczden de tarihe kaynakl\u0131k etti\u011fini belirterek, &#8220;\u00c7al\u0131\u015fma 2 y\u0131l\u0131m\u0131 ald\u0131. 1935&#8217;ten itibaren Yeni Mersin&#8217;in ard\u0131ndan, Sonhaber&#8217;in 1958&#8217;den g\u00fcn\u00fcm\u00fcze kadar ar\u015fivi bulunuyor. Bu bir ar\u015fiv \u00e7al\u0131\u015fmas\u0131 ve Mersin&#8217;in o g\u00fcnk\u00fc tarihi ile ilgili. Bence her k\u00fct\u00fcphanede bulunmas\u0131 gereken bir kitap&#8221; ifadelerini kulland\u0131.<\/p>\n<p>Fuarda kitapseverler ve yazarlar, bulu\u015fman\u0131n ve i\u00e7 i\u00e7e olman\u0131n mutlulu\u011funu ya\u015fad\u0131<\/p>\n<p>Ge\u00e7ti\u011fimiz y\u0131llarda Mersin&#8217;de K\u00fclt\u00fcr ve Turizm M\u00fcd\u00fcrl\u00fc\u011f\u00fc yapt\u0131\u011f\u0131n\u0131 ve Mersin&#8217;i \u00e7ok sevdi\u011fini s\u00f6yleyen Bahattin Kabahasano\u011flu da, &#8220;Mersin bir k\u00fclt\u00fcr ve sanat \u015fehri. Deniz \u015fehri. Mersin i\u00e7in hem sevin\u00e7li, hem de \u00fcz\u00fcnt\u00fcl\u00fcy\u00fcz. Antalya&#8217;n\u0131n yan\u0131 ba\u015f\u0131nda, ayn\u0131 denizin k\u0131y\u0131s\u0131nda, ayn\u0131 da\u011f\u0131n yamac\u0131nda, ayn\u0131 iklim ku\u015fa\u011f\u0131nda oldu\u011fu halde, Mersin&#8217;in Antalya&#8217;dan daha iyi olmas\u0131 laz\u0131m. Biraz \u015fanss\u0131zl\u0131k olmu\u015f maalesef. Umar\u0131m k\u00fclt\u00fcr ve sanatla u\u011fra\u015fanlar\u0131n yeni vizyonlar\u0131yla, kent biraz daha sevdi\u011fi renklere kavu\u015fur&#8221; dedi. Kabahasano\u011flu ek olarak, kentte k\u00fclt\u00fcr ve sanat alan\u0131nda \u00fcretim yapan insanlara sahip \u00e7\u0131kmak ve onlar\u0131 iyi tan\u0131tmak gerekti\u011finin de alt\u0131n\u0131 \u00e7izdi.<\/p>\n<p>Kitapseverlerden Nimet C\u00fcc\u00fccengiz ise, fuar\u0131n y\u0131l i\u00e7erisinde tekrar edilmesini istedi\u011fini belirterek, &#8220;Mersin&#8217;de bu t\u00fcr etkinlikler k\u00fclt\u00fcrel a\u00e7\u0131dan iyi oluyor. Bir de \u015fehirde okumay\u0131 \u00e7o\u011faltmam\u0131z laz\u0131m&#8221; dedi.<\/p>\n","protected":false},"excerpt":{"rendered":"<p>Akdeniz B\u00f6lgesi&#8217;nin en \u00f6nemli k\u00fclt\u00fcrel etkinliklerinden biri olan ve bu y\u0131l 8.&#8217;si ger\u00e7ekle\u015fen &#8216;CNR Mersin Kitap Fuar\u0131&#8217; her ya\u015ftan Mersinli&#8217;den yo\u011fun ilgi g\u00f6rmeye devam ediyor. CNR Yeni\u015fehir Fuar Alan\u0131&#8217;nda birbirinden se\u00e7kin yazarlar\u0131 kitapseverlerle bulu\u015fturan fuarda yer alan Mersin B\u00fcy\u00fck\u015fehir Belediyesi stand\u0131nda, Mersin Kent Kitapl\u0131\u011f\u0131 taraf\u0131ndan bas\u0131m\u0131 yap\u0131lan 18 eser, yazarlar\u0131n imza g\u00fcnlerinde imzalan\u0131p okurlara \u00fccretsiz [&hellip;]<\/p>\n","protected":false},"author":2,"featured_media":28278,"comment_status":"open","ping_status":"open","sticky":false,"template":"","format":"standard","meta":{"footnotes":""},"categories":[3],"tags":[],"class_list":["post-28277","post","type-post","status-publish","format-standard","has-post-thumbnail","hentry","category-manset"],"views":36,"_links":{"self":[{"href":"https:\/\/mersinkadingazetesi.com\/index.php?rest_route=\/wp\/v2\/posts\/28277"}],"collection":[{"href":"https:\/\/mersinkadingazetesi.com\/index.php?rest_route=\/wp\/v2\/posts"}],"about":[{"href":"https:\/\/mersinkadingazetesi.com\/index.php?rest_route=\/wp\/v2\/types\/post"}],"author":[{"embeddable":true,"href":"https:\/\/mersinkadingazetesi.com\/index.php?rest_route=\/wp\/v2\/users\/2"}],"replies":[{"embeddable":true,"href":"https:\/\/mersinkadingazetesi.com\/index.php?rest_route=%2Fwp%2Fv2%2Fcomments&post=28277"}],"version-history":[{"count":0,"href":"https:\/\/mersinkadingazetesi.com\/index.php?rest_route=\/wp\/v2\/posts\/28277\/revisions"}],"wp:featuredmedia":[{"embeddable":true,"href":"https:\/\/mersinkadingazetesi.com\/index.php?rest_route=\/wp\/v2\/media\/28278"}],"wp:attachment":[{"href":"https:\/\/mersinkadingazetesi.com\/index.php?rest_route=%2Fwp%2Fv2%2Fmedia&parent=28277"}],"wp:term":[{"taxonomy":"category","embeddable":true,"href":"https:\/\/mersinkadingazetesi.com\/index.php?rest_route=%2Fwp%2Fv2%2Fcategories&post=28277"},{"taxonomy":"post_tag","embeddable":true,"href":"https:\/\/mersinkadingazetesi.com\/index.php?rest_route=%2Fwp%2Fv2%2Ftags&post=28277"}],"curies":[{"name":"wp","href":"https:\/\/api.w.org\/{rel}","templated":true}]}}