{"id":28387,"date":"2023-10-26T13:36:18","date_gmt":"2023-10-26T10:36:18","guid":{"rendered":"http:\/\/mersinkadingazetesi.com\/?p=28387"},"modified":"2023-10-26T13:36:18","modified_gmt":"2023-10-26T10:36:18","slug":"kent-konseyinden-cumhuriyet-ataturk-ve-mersin-100-yil-konferansi","status":"publish","type":"post","link":"https:\/\/mersinkadingazetesi.com\/?p=28387","title":{"rendered":"KENT KONSEY\u0130&#8217;NDEN &#8216;CUMHUR\u0130YET, ATAT\u00dcRK VE MERS\u0130N 100. YIL KONFERANSI&#8217;"},"content":{"rendered":"<p>Mersin Kent Konseyi, Cumhuriyet&#8217;in 100. Y\u0131l\u0131 kutlamalar\u0131 kapsam\u0131nda &#8216;Cumhuriyet, Atat\u00fcrk ve Mersin 100. Y\u0131l Konferans\u0131&#8217; ger\u00e7ekle\u015ftirdi. Ger\u00e7ekle\u015fen konferansta, Cumhuriyet&#8217;in kurulu\u015f d\u00f6nemine ait \u00f6nemli konular ele al\u0131nd\u0131. Konferans, Mersin Kent Konseyi g\u00f6n\u00fcll\u00fc \u00fcyeleri Baha Sad\u0131k Ak\u0131ner ve Nuray \u00d6nge\u00e7&#8217;in, Cumhuriyet&#8217;in tarihine ili\u015fkin sohbetleri ile ba\u015flad\u0131.<\/p>\n<p>Tu\u011fcu: &#8220;Cumhuriyetimizi, daha da b\u00fcy\u00fcyerek kutlayaca\u011f\u0131m\u0131za y\u00fcrekten inan\u0131yoruz&#8221;<\/p>\n<p>Konferans \u00f6ncesi g\u00fcn\u00fcn \u00f6nemi ile ilgili konu\u015fan Kent Konseyi Ba\u015fkan\u0131 Ayferi Tu\u011fcu, &#8220;Cumhuriyetimizin 100. Y\u0131l\u0131nda, \u00f6nemli bir etkinlik i\u00e7in bir araday\u0131z. Kent Konseyi olarak Cumhuriyet kutlamalar\u0131 kapsam\u0131nda bu t\u00fcr etkinliklerimiz devam edecek. Daha nice 100. y\u0131llar\u0131nda Cumhuriyetimizi bu ihti\u015famla, bu g\u00f6rkemle, daha da b\u00fcy\u00fcyerek kutlayaca\u011f\u0131m\u0131za y\u00fcrekten inan\u0131yoruz&#8221; dedi.<\/p>\n<p>Kayam: &#8220;Mersin&#8217;in demokrasi tarihindeki yeri, \u00e7ok \u00f6nemli \u00f6rnekle dolu&#8221;<\/p>\n<p>Ard\u0131ndan Mersin \u00dcniversitesi Atat\u00fcrk \u0130lke ve \u0130nk\u0131laplar\u0131 Tarihi B\u00f6l\u00fcm\u00fc \u00d6\u011fretim G\u00f6revlisi Dr. Melike Kayam, &#8216;Atat\u00fcrk, Cumhuriyet ve Mersin&#8217; konu ba\u015fl\u0131\u011f\u0131nda \u00f6nemli bilgiler verdi.<\/p>\n<p>Kayam yapt\u0131\u011f\u0131 sunumda Atat\u00fcrk&#8217;\u00fcn, cumhuriyet ve demokrasi kavramlar\u0131na yakla\u015f\u0131m\u0131n\u0131 ele ald\u0131. T\u00fcrkiye Cumhuriyeti&#8217;nin nas\u0131l ve hangi \u015fartlarda kuruldu\u011funa dair bilgiler de veren Kayam, Mersin&#8217;in Cumhuriyet tarihindeki yerinden bahsetti. &#8216;\u0130lk Kad\u0131n Belediye Ba\u015fkan\u0131 M\u00fcfide \u0130lhan&#8217; ve &#8216;1947 Arslank\u00f6y Hadisesi&#8217; gibi \u00f6nemli \u00f6rnekler \u00fczerinden Mersin&#8217;in demokrasi tarihindeki yerini anlatan Kayam, \u00f6nemli bilgilerin yer ald\u0131\u011f\u0131 bir sunum ger\u00e7ekle\u015ftirdi.<\/p>\n<p>&#8220;Emperyalist devletler, muazzam bir direni\u015fle kar\u015f\u0131la\u015facaklar\u0131n\u0131 hesap edemediler&#8221;<\/p>\n<p>Ulu \u00d6nder Mustafa Kemal Atat\u00fcrk&#8217;\u00fcn, halk\u0131na sonsuz bir g\u00fcven ve sevgi besleyen bir lider oldu\u011funu s\u00f6yleyen Kayam, &#8220;Benim ara\u015ft\u0131rmalar\u0131mda kar\u015f\u0131ma \u00e7\u0131kan olgu \u015fu; Atat\u00fcrk halk\u0131n\u0131, milletini ger\u00e7ekten \u00e7ok seviyor. Bu da T\u00fcrkiye Cumhuriyeti&#8217;nin kurulma s\u00fcrecinde, Atat\u00fcrk&#8217;e en \u00e7ok cesaret veren nokta. Bug\u00fcn de belki bizlerin en fazla hat\u0131rlamas\u0131 gereken konu bu&#8221; dedi.<\/p>\n<p>T\u00fcrkiye Cumhuriyeti&#8217;nin nas\u0131l ve hangi \u015fartlarda kuruldu\u011funa dair bilgiler de veren Kayam; Cumhuriyet&#8217;in, 600 y\u0131l h\u00fck\u00fcm s\u00fcrm\u00fc\u015f bir imparatorlu\u011fun ard\u0131ndan, emperyalist devletlere kar\u015f\u0131 verilen sava\u015fla kuruldu\u011funa de\u011finerek, &#8220;Topraklar\u0131m\u0131za ba\u015flatt\u0131klar\u0131 i\u015fgalleri hesaps\u0131zca ilerletebileceklerini ve bu topraklarda kal\u0131c\u0131 olduklar\u0131n\u0131 d\u00fc\u015f\u00fcnen, fakat bu denli \u015fiddetli bir direni\u015fi beklemeyen bu emperyalist devletlere, T\u00fcrk devrimi ve Kurtulu\u015f Sava\u015f\u0131 \u015funu g\u00f6steriyor; bu topraklarda diledi\u011finiz gibi, hesaps\u0131zca davranamazs\u0131n\u0131z. Bu y\u00f6n\u00fcyle T\u00fcrk devrimi; mazlum, ezilen ve ayn\u0131 emperyal devletlerin pek \u00e7ok \u015fiddetine maruz kalan toplumlar i\u00e7in de bir \u00f6rnektir&#8221; diye konu\u015ftu.<\/p>\n<p>Mersin Kent Konseyi \u00fcyesi Ece \u00d6nge\u00e7&#8217;in de \u015fiir dinletisi ger\u00e7ekle\u015ftirdi\u011fi konferans\u0131n sonunda, kat\u0131l\u0131mc\u0131lara plaket verildi.<\/p>\n","protected":false},"excerpt":{"rendered":"<p>Mersin Kent Konseyi, Cumhuriyet&#8217;in 100. Y\u0131l\u0131 kutlamalar\u0131 kapsam\u0131nda &#8216;Cumhuriyet, Atat\u00fcrk ve Mersin 100. Y\u0131l Konferans\u0131&#8217; ger\u00e7ekle\u015ftirdi. Ger\u00e7ekle\u015fen konferansta, Cumhuriyet&#8217;in kurulu\u015f d\u00f6nemine ait \u00f6nemli konular ele al\u0131nd\u0131. Konferans, Mersin Kent Konseyi g\u00f6n\u00fcll\u00fc \u00fcyeleri Baha Sad\u0131k Ak\u0131ner ve Nuray \u00d6nge\u00e7&#8217;in, Cumhuriyet&#8217;in tarihine ili\u015fkin sohbetleri ile ba\u015flad\u0131. Tu\u011fcu: &#8220;Cumhuriyetimizi, daha da b\u00fcy\u00fcyerek kutlayaca\u011f\u0131m\u0131za y\u00fcrekten inan\u0131yoruz&#8221; Konferans \u00f6ncesi g\u00fcn\u00fcn [&hellip;]<\/p>\n","protected":false},"author":2,"featured_media":28388,"comment_status":"open","ping_status":"open","sticky":false,"template":"","format":"standard","meta":{"footnotes":""},"categories":[3],"tags":[],"class_list":["post-28387","post","type-post","status-publish","format-standard","has-post-thumbnail","hentry","category-manset"],"views":36,"_links":{"self":[{"href":"https:\/\/mersinkadingazetesi.com\/index.php?rest_route=\/wp\/v2\/posts\/28387"}],"collection":[{"href":"https:\/\/mersinkadingazetesi.com\/index.php?rest_route=\/wp\/v2\/posts"}],"about":[{"href":"https:\/\/mersinkadingazetesi.com\/index.php?rest_route=\/wp\/v2\/types\/post"}],"author":[{"embeddable":true,"href":"https:\/\/mersinkadingazetesi.com\/index.php?rest_route=\/wp\/v2\/users\/2"}],"replies":[{"embeddable":true,"href":"https:\/\/mersinkadingazetesi.com\/index.php?rest_route=%2Fwp%2Fv2%2Fcomments&post=28387"}],"version-history":[{"count":0,"href":"https:\/\/mersinkadingazetesi.com\/index.php?rest_route=\/wp\/v2\/posts\/28387\/revisions"}],"wp:featuredmedia":[{"embeddable":true,"href":"https:\/\/mersinkadingazetesi.com\/index.php?rest_route=\/wp\/v2\/media\/28388"}],"wp:attachment":[{"href":"https:\/\/mersinkadingazetesi.com\/index.php?rest_route=%2Fwp%2Fv2%2Fmedia&parent=28387"}],"wp:term":[{"taxonomy":"category","embeddable":true,"href":"https:\/\/mersinkadingazetesi.com\/index.php?rest_route=%2Fwp%2Fv2%2Fcategories&post=28387"},{"taxonomy":"post_tag","embeddable":true,"href":"https:\/\/mersinkadingazetesi.com\/index.php?rest_route=%2Fwp%2Fv2%2Ftags&post=28387"}],"curies":[{"name":"wp","href":"https:\/\/api.w.org\/{rel}","templated":true}]}}