{"id":28390,"date":"2023-10-26T13:36:54","date_gmt":"2023-10-26T10:36:54","guid":{"rendered":"http:\/\/mersinkadingazetesi.com\/?p=28390"},"modified":"2023-10-26T13:36:54","modified_gmt":"2023-10-26T10:36:54","slug":"milletvekili-gulcan-kis-depremzede-cocuklari-tbmmde-agirladi","status":"publish","type":"post","link":"https:\/\/mersinkadingazetesi.com\/?p=28390","title":{"rendered":"M\u0130LLETVEK\u0130L\u0130 G\u00dcLCAN KI\u015e DEPREMZEDE \u00c7OCUKLARI TBMM&#8217;DE A\u011eIRLADI"},"content":{"rendered":"<p>CHP Mersin Milletvekili G\u00fclcan K\u0131\u015f, Hatayl\u0131 depremzede \u00e7ocuklar\u0131 T\u00fcrkiye B\u00fcy\u00fck Millet Meclisinde a\u011f\u0131rlad\u0131.  Meclis lokantas\u0131nda \u00e7ocuklarla kahvalt\u0131da bir araya gelen G\u00fclcan K\u0131\u015f, &#8220;Atat\u00fcrk ve T\u00fcrk Bayrakl\u0131 ti\u015f\u00f6rtleriyle Cumhuriyetimizin 100.  Y\u0131l\u0131nda TBMM&#8217;de onlarla bir arada olmak benim i\u00e7in b\u00fcy\u00fck mutluluk&#8221; dedi.<\/p>\n<p>Cumhuriyet Halk Partisi (CHP) Mersin Milletvekili G\u00fclcan K\u0131\u015f, TBMM&#8217;de \u00e7ok \u00f6zel konuklar\u0131n\u0131 a\u011f\u0131rlad\u0131. 6 \u015eubat 2023&#8217;te meydana gelen deprem ac\u0131s\u0131n\u0131 Hatay&#8217;da ya\u015fayan 45 \u00e7ocuk, Milletvekili G\u00fclcan K\u0131\u015f&#8217;\u0131n konu\u011fu olarak mecliste vakit ge\u00e7irdi, T\u00fcrkiye Cumhuriyeti&#8217;nin 100. Y\u0131l\u0131nda, milli egemenli\u011fin sembol\u00fc olan Gazi Meclisteki \u00e7al\u0131\u015fma ortam\u0131n\u0131 yak\u0131ndan g\u00f6rme olana\u011f\u0131 buldu.<\/p>\n<p>Hatayl\u0131 depremzede \u00e7ocuklar, Derya Grup taraf\u0131ndan d\u00fczenlenen sosyal sorumluluk \u00e7al\u0131\u015fmas\u0131 kapsam\u0131nda Ankara&#8217;ya geldi.<\/p>\n<p>\u0130skenderun Alpaslan Ortaokulunun \u00f6\u011frencisi olan \u00e7ocuklar etkinlik kapsam\u0131nda Ankara&#8217;da ba\u015fta An\u0131tkabir olmak \u00fczere \u00f6nemli mekanlar\u0131 g\u00f6rd\u00fc.<\/p>\n<p>TBMM&#8217;de Mersin Milletvekili G\u00fclcan K\u0131\u015f taraf\u0131ndan kar\u015f\u0131lanan \u00e7ocuklar meclis lokantas\u0131nda kahvalt\u0131 yapt\u0131, meclisi gezdi.<\/p>\n<p>\u00c7ocuklarla tek tek ilgilenen, sohbet eden Milletvekili G\u00fclcan K\u0131\u015f, &#8220;Cumhuriyetimizin emanet\u00e7ileri, ayd\u0131nl\u0131k gelece\u011fimizin umutlar\u0131 olan Hatayl\u0131 depremzede \u00e7ocuklar\u0131m\u0131z\u0131 Gazi Meclisimizde a\u011f\u0131rlad\u0131k. Depremi ya\u015fayan o minik bedenlerinde, Atat\u00fcrk ve T\u00fcrk Bayrakl\u0131 ti\u015f\u00f6rtleriyle Cumhuriyetimizin 100. y\u0131l\u0131nda TBMM&#8217;de onlarla bir arada olmak benim i\u00e7in b\u00fcy\u00fck mutluluk. Umar\u0131m bu deprem onlar\u0131n g\u00f6rd\u00fc\u011f\u00fc son ac\u0131 olur. Her biri Atat\u00fcrk ilke ve devrimlerine ba\u011fl\u0131, Cumhuriyet de\u011ferlerine sahip \u00e7\u0131kan p\u0131r\u0131l p\u0131r\u0131l gen\u00e7ler olarak yeti\u015firler.  Her birini g\u00f6zlerinden \u00f6p\u00fcyorum. Cumhuriyet Bayram\u0131n\u0131z kutlu olsun \u00e7ocuklar&#8221; dedi.<\/p>\n<p>MECL\u0130STE 100 HA\u00c7OVALI<\/p>\n<p>CHP Mersin Milletvekili G\u00fclcan K\u0131\u015f, TBMM&#8217;de Malatya Ha\u00e7oval\u0131 yurtta\u015flarla da bir araya geldi. Malatya Ha\u00e7ova K\u00fclt\u00fcr Derne\u011fi&#8217;nin \u00e7a\u011fr\u0131s\u0131 ile Cumhuriyetin 100. Y\u0131l\u0131nda, T\u00fcrkiye&#8217;nin d\u00f6rt bir yan\u0131ndan gelen 100 Ha\u00e7oval\u0131 yurtta\u015f TBMM&#8217;yi ziyaret etti. Kendisi de Ha\u00e7oval\u0131 bir aileden gelen G\u00fclcan K\u0131\u015f, Ha\u00e7oval\u0131 yurtta\u015flarla mecliste bir araya geldi. G\u00fclcan K\u0131\u015f&#8217;\u0131n e\u015fli\u011finde Ha\u00e7ova K\u00fclt\u00fcr Derne\u011fi, CHP Genel Ba\u015fkan\u0131 Say\u0131n Kemal K\u0131l\u0131\u00e7daro\u011flu&#8217;nu TBMM&#8217;deki makam\u0131nda ziyaret etti.<\/p>\n","protected":false},"excerpt":{"rendered":"<p>CHP Mersin Milletvekili G\u00fclcan K\u0131\u015f, Hatayl\u0131 depremzede \u00e7ocuklar\u0131 T\u00fcrkiye B\u00fcy\u00fck Millet Meclisinde a\u011f\u0131rlad\u0131. Meclis lokantas\u0131nda \u00e7ocuklarla kahvalt\u0131da bir araya gelen G\u00fclcan K\u0131\u015f, &#8220;Atat\u00fcrk ve T\u00fcrk Bayrakl\u0131 ti\u015f\u00f6rtleriyle Cumhuriyetimizin 100. Y\u0131l\u0131nda TBMM&#8217;de onlarla bir arada olmak benim i\u00e7in b\u00fcy\u00fck mutluluk&#8221; dedi. Cumhuriyet Halk Partisi (CHP) Mersin Milletvekili G\u00fclcan K\u0131\u015f, TBMM&#8217;de \u00e7ok \u00f6zel konuklar\u0131n\u0131 a\u011f\u0131rlad\u0131. 6 \u015eubat [&hellip;]<\/p>\n","protected":false},"author":2,"featured_media":28391,"comment_status":"open","ping_status":"open","sticky":false,"template":"","format":"standard","meta":{"footnotes":""},"categories":[3,6],"tags":[],"class_list":["post-28390","post","type-post","status-publish","format-standard","has-post-thumbnail","hentry","category-manset","category-siyaset-2"],"views":37,"_links":{"self":[{"href":"https:\/\/mersinkadingazetesi.com\/index.php?rest_route=\/wp\/v2\/posts\/28390"}],"collection":[{"href":"https:\/\/mersinkadingazetesi.com\/index.php?rest_route=\/wp\/v2\/posts"}],"about":[{"href":"https:\/\/mersinkadingazetesi.com\/index.php?rest_route=\/wp\/v2\/types\/post"}],"author":[{"embeddable":true,"href":"https:\/\/mersinkadingazetesi.com\/index.php?rest_route=\/wp\/v2\/users\/2"}],"replies":[{"embeddable":true,"href":"https:\/\/mersinkadingazetesi.com\/index.php?rest_route=%2Fwp%2Fv2%2Fcomments&post=28390"}],"version-history":[{"count":0,"href":"https:\/\/mersinkadingazetesi.com\/index.php?rest_route=\/wp\/v2\/posts\/28390\/revisions"}],"wp:featuredmedia":[{"embeddable":true,"href":"https:\/\/mersinkadingazetesi.com\/index.php?rest_route=\/wp\/v2\/media\/28391"}],"wp:attachment":[{"href":"https:\/\/mersinkadingazetesi.com\/index.php?rest_route=%2Fwp%2Fv2%2Fmedia&parent=28390"}],"wp:term":[{"taxonomy":"category","embeddable":true,"href":"https:\/\/mersinkadingazetesi.com\/index.php?rest_route=%2Fwp%2Fv2%2Fcategories&post=28390"},{"taxonomy":"post_tag","embeddable":true,"href":"https:\/\/mersinkadingazetesi.com\/index.php?rest_route=%2Fwp%2Fv2%2Ftags&post=28390"}],"curies":[{"name":"wp","href":"https:\/\/api.w.org\/{rel}","templated":true}]}}