{"id":28411,"date":"2023-10-26T17:05:02","date_gmt":"2023-10-26T14:05:02","guid":{"rendered":"http:\/\/mersinkadingazetesi.com\/?p=28411"},"modified":"2023-10-26T17:05:02","modified_gmt":"2023-10-26T14:05:02","slug":"mersin-barosu-cinsiyetci-soylemlere-karsi-suc-duyurusunda-bulundu","status":"publish","type":"post","link":"https:\/\/mersinkadingazetesi.com\/?p=28411","title":{"rendered":"MERS\u0130N BAROSU, C\u0130NS\u0130YET\u00c7\u0130 S\u00d6YLEMLERE KAR\u015eI SU\u00c7 DUYURUSUNDA BULUNDU"},"content":{"rendered":"<p>Mersin Barosu Kad\u0131n Haklar\u0131 Merkezi, Tarsus Ashab-i Kehf Platformu Hilmi Tuzcu\u2019nun yapt\u0131\u011f\u0131 bas\u0131n a\u00e7\u0131klamas\u0131nda kad\u0131nlar\u0131n giyim ve ku\u015famlar\u0131n\u0131 hedef g\u00f6stererek, kad\u0131nlara y\u00f6nelik hakaret, a\u015fa\u011f\u0131lama ve insanlar\u0131 kin ve d\u00fc\u015fmanl\u0131\u011fa tahrik niteli\u011findeki ifadeleri nedeniyle, hakk\u0131nda TCK 216. ve 125. maddeleri kapsam\u0131nda cezaland\u0131r\u0131lmas\u0131 i\u00e7in Tarsus Cumhuriyet Ba\u015fsavc\u0131l\u0131\u011f\u0131\u2019na su\u00e7 duyurusunda bulundu.<br \/>\nMersin Barosu Ba\u015fkan\u0131 Av. Gazi \u00d6zdemir, Mersin Barosu Tarsus il\u00e7e temsilcisi ve y\u00f6netim kurulu \u00fcyesi Av. Fatih Oyan ile Mersin Barosu Kad\u0131n Haklar\u0131 Merkezi Ba\u015fkan\u0131 Av. Arzu G\u00fcnay ve merkez \u00fcyesi avukatlar, Tarsus Cumhuriyet Ba\u015fsavc\u0131l\u0131\u011f\u0131\u2019na su\u00e7 duyurusunda bulunmas\u0131n\u0131n ard\u0131ndan Tarsus Adliyesi \u00f6n\u00fcnde bas\u0131n a\u00e7\u0131klamas\u0131 yaparak, Tarsus Ashab-i Kehf Platformu Ba\u015fkan\u0131 Hilmi Tuzcu\u2019nun hukuka ayk\u0131r\u0131 nefret s\u00f6ylemlerini k\u0131nad\u0131. Bas\u0131n a\u00e7\u0131klamas\u0131na Mersin Kad\u0131n Platformu temsilcileri de kat\u0131larak destek verdi.<br \/>\n\u201cAYRI\u015eTIRAN VE KUTUPLA\u015eTIRAN S\u00d6ZLER\u0130 \u0130LE SU\u00c7 \u0130\u015eLED\u0130\u011e\u0130 SAB\u0130TT\u0130R\u201d<br \/>\nMersin Barosu Kad\u0131n Haklar\u0131 Merkezi Ba\u015fkan\u0131 Av. Arzu G\u00fcnay a\u00e7\u0131klamas\u0131nda, \u201cTarsus Ashab-i Kehf Platformu Hilmi Tuzcu, 22.10.2023 tarihinde Tarsus Yarenlik alanda Filistin\u2019e destek vermek amac\u0131yla yapt\u0131\u011f\u0131 bas\u0131n a\u00e7\u0131klamas\u0131nda kad\u0131nlar\u0131 hedef alarak, s\u00f6ylemeye bile dilimizin varmad\u0131\u011f\u0131, ahlaki de\u011ferlerden yoksun d\u00fc\u015f\u00fcncelerini d\u0131\u015fa vurarak \u015fu s\u00f6zleri halka a\u00e7\u0131k alanda dile getirmi\u015ftir. \u2018Gazze\u2019de \u015fehit olan \u00e7ocuklara m\u0131 ac\u0131yal\u0131m? Tarsus Yarenlik Alan\u0131nda anadan \u00fcr\u00fcyen dola\u015fanlara m\u0131 ac\u0131yal\u0131m?\u2019 \u2018Vallahi buras\u0131 daha \u00e7ok ac\u0131nacak halde.\u2019 \u2018Onlar cennete gidiyor ama buraya gelin oturun Allah korusun ninesi burnunu g\u00f6stermezken, torunun g\u00f6stermedi\u011fi yer kalmad\u0131. Hadi \u00e7ocuklar, gen\u00e7ler bir e\u015f bulacak. Yahu ellisindeki bu teyzelere, bac\u0131lara ne oluyor ya? Bunlar\u0131n kocalar\u0131na ne oluyor?\u2019 c\u00fcmlelerini kullanarak a\u00e7\u0131k\u00e7a hukuka ayk\u0131r\u0131 bir \u015fekilde nefret s\u00f6ylemleriyle sald\u0131r\u0131da bulunmu\u015ftur.<br \/>\n\u015eahs\u0131n, kad\u0131nlar\u0131m\u0131z ve \u00e7ocuklar\u0131m\u0131z hakk\u0131nda kulland\u0131\u011f\u0131 \u00e7irkin ve seviyesiz hakaretler ile nefret i\u00e7eren \u00fcslubu, toplumumuzda kad\u0131n-erkek \u00e7at\u0131\u015fmas\u0131 olu\u015fturacak, ki\u015filerin birbirlerine kar\u015f\u0131 hislerinin de\u011fi\u015fmesine sebep olacak, husumetleri tetikleyecek, ho\u015fg\u00f6r\u00fcy\u00fc yok edecek, kampla\u015fma yaratacak, insanlar\u0131 kar\u015f\u0131 kar\u015f\u0131ya getirecek, tahrik edip \u00e7at\u0131\u015fmaya sevk edecek ve kamu bar\u0131\u015f\u0131n\u0131 tehlikeye sokacak \u00f6zellikler ta\u015f\u0131maktad\u0131r. \u015eahs\u0131n kin nefret i\u00e7eren, toplumda kad\u0131n\u0131 ikinci plana s\u00fcr\u00fckleyen e\u015fitli\u011fi bozma yolunu se\u00e7erek, a\u00e7\u0131k\u00e7a sald\u0131rgan ve ayr\u0131\u015ft\u0131ran toplumu b\u00f6len, kutupla\u015ft\u0131ran s\u00f6zleri ile su\u00e7 i\u015fledi\u011fi sabittir\u201d diye konu\u015ftu.<br \/>\n\u201cBU A\u00c7IKLAMAYI YAPANLAR VE ORTAK OLANLAR SORUMLUDUR\u201d<br \/>\nG\u00fcnay konu\u015fmas\u0131n\u0131 \u015f\u00f6yle s\u00fcrd\u00fcrd\u00fc: \u201cHer g\u00fcn Filistin\u2019de y\u00fczlerce \u00e7ocuk, yeni do\u011fan bebekler \u00f6l\u00fcrken \u00f6len \u00e7ocuklar \u00fczerinden kad\u0131n d\u00fc\u015fmanl\u0131\u011f\u0131 yapmak \u00fcstelik de s\u00f6zde k\u0131yaslama yaparak hangi akla, ahlaka, vicdana s\u0131\u011far. Gericilikten beslenen kad\u0131n d\u00fc\u015fmanl\u0131\u011f\u0131 her g\u00fcn aram\u0131zdan bir kad\u0131n\u0131 al\u0131rken, kad\u0131nlar e\u015fleri, eski e\u015fleri, aile yak\u0131nlar\u0131 taraf\u0131ndan katledilirken, \u201cpeki bunlar\u0131n kocalar\u0131na ne oluyor?\u201d Demek a\u00e7\u0131k\u00e7a hedef g\u00f6sterme, kin ve nefrete s\u00fcr\u00fckleme su\u00e7unu olu\u015fturmaktad\u0131r. Tarsus\u2019ta k\u0131yafetinden \u00f6t\u00fcr\u00fc tek bir kad\u0131n\u0131n k\u0131l\u0131na zarar gelirse bu a\u00e7\u0131klamay\u0131 yapanlar ve ortak olanlar sorumludur.<br \/>\nMersin Barosu Kad\u0131n Haklar\u0131 Merkezi olarak Hilmi Tuzcu hakk\u0131nda Tarsus Cumhuriyet Ba\u015fsavc\u0131l\u0131\u011f\u0131na su\u00e7 duyurusunda bulunarak; yapt\u0131\u011f\u0131 bas\u0131n a\u00e7\u0131klamas\u0131 ve bu a\u00e7\u0131klaman\u0131n sosyal medyada yay\u0131nlanmas\u0131, demokratik ve laik bir \u00fclkede \u00f6zellikle kad\u0131nlar\u0131n giyim ve ku\u015famlar\u0131n\u0131n hedef g\u00f6sterilerek, kad\u0131nlara y\u00f6nelik hakaret, a\u015fa\u011f\u0131lama ve insanlar\u0131 kin ve d\u00fc\u015fmanl\u0131\u011fa tahrik niteli\u011findeki ifadeleri nedeniyle, TCK 216. ve  125. maddeler kapsam\u0131nda cezaland\u0131r\u0131lmas\u0131 konusunda \u015fikayette bulunduk. Ayr\u0131ca Akkoza Medya haber sitesinde konuyla ilgili yay\u0131nlanan video ve s\u00f6zlere eri\u015fimin engellenmesini ve haber i\u00e7eri\u011finin siteden kald\u0131r\u0131lmas\u0131n\u0131 talep ettik.<\/p>\n<p>\u201cC\u0130NS\u0130YET\u00c7\u0130 K\u00d6R BAKI\u015e A\u00c7ISININ YA\u015eAMIMIZDA YER BULMASINA ASLA \u0130Z\u0130N VERMEYECE\u011e\u0130Z\u201d<br \/>\nB\u00fcy\u00fck \u00d6nder Mustafa Kemal Atat\u00fcrk\u2019\u00fcn 1925 y\u0131l\u0131nda uygarl\u0131k yolunda ger\u00e7ekle\u015ftirdi\u011fi \u015fapka ve k\u0131yafet devrimiyle\u00a0toplumumuz, \u00e7a\u011fda\u015f giyim \u015fekline kavu\u015fmu\u015f, ya\u015fam tarz\u0131 bak\u0131m\u0131ndan uygar milletlerle birlik ve beraberlik i\u00e7inde oldu\u011funu g\u00f6stermi\u015ftir. Taraf\u0131m\u0131zca \u015fikayet edilen \u015fahs\u0131n a\u00e7\u0131klamalar\u0131, Atat\u00fcrk\u2019\u00fcn k\u0131yafet devrimine, \u00e7a\u011fda\u015f toplumsal d\u00fczene ,laikli\u011fe t\u00fcm kad\u0131nlara yap\u0131lm\u0131\u015f bir sald\u0131r\u0131d\u0131r.<br \/>\n\u00dclkemiz farkl\u0131 din, dil, \u0131rk, mezhep, farkl\u0131 inan\u00e7, felsefi ve siyasi g\u00f6r\u00fc\u015fe sahip 84 milyondan fazla insan\u0131n kar\u015f\u0131l\u0131kl\u0131 sayg\u0131 ve ho\u015fg\u00f6r\u00fc i\u00e7inde karde\u015f\u00e7e ya\u015fad\u0131\u011f\u0131 bar\u0131\u015f\u00e7\u0131l bir ortama sahiptir. \u00d6zellikle Mersin, tarih boyunca farkl\u0131 dinlere ve k\u00fclt\u00fcrlere ev sahipli\u011fi yapm\u0131\u015f, d\u00fcnyaya \u00f6rnek, mozaik bir kenttir. T\u00fcm d\u00fcnya milletlerine \u00f6rnek olan bu bar\u0131\u015f , ho\u015fg\u00f6r\u00fc ortam\u0131n\u0131 bozmak, \u00fclkemize kad\u0131nlara verilebilecek zararlar\u0131n en b\u00fcy\u00fcklerinden biridir.<br \/>\nCumhuriyetimizin 100. y\u0131l\u0131na girdi\u011fimiz bu s\u00fcre\u00e7te, Mersin Barosu Kad\u0131n Haklar\u0131 Merkezi olarak, kad\u0131n-erkek e\u015fitli\u011fini sa\u011flamak, cinsiyet\u00e7i k\u00f6r bak\u0131\u015f a\u00e7\u0131s\u0131n\u0131n ya\u015fam\u0131m\u0131zda yer bulmas\u0131na asla izin vermemek, hukuksal m\u00fccadelemizin ba\u015f\u0131nda yer almaktad\u0131r. S\u00f6ylemleriyle kad\u0131na \u015fiddeti te\u015fvik eden cinsiyet\u00e7i, ayr\u0131\u015ft\u0131r\u0131c\u0131 ve kad\u0131n\u0131 \u00f6tekile\u015ftirici, a\u015fa\u011f\u0131lay\u0131c\u0131 dil kullanan \u015fah\u0131s\u0131n hak etti\u011fi cezay\u0131 almas\u0131 i\u00e7in yasal s\u00fcrecin sonuna kadar takip\u00e7isi olaca\u011f\u0131m\u0131z\u0131 bas\u0131na ve kamuoyuna sayg\u0131yla bildiririz.\u201d<\/p>\n","protected":false},"excerpt":{"rendered":"<p>Mersin Barosu Kad\u0131n Haklar\u0131 Merkezi, Tarsus Ashab-i Kehf Platformu Hilmi Tuzcu\u2019nun yapt\u0131\u011f\u0131 bas\u0131n a\u00e7\u0131klamas\u0131nda kad\u0131nlar\u0131n giyim ve ku\u015famlar\u0131n\u0131 hedef g\u00f6stererek, kad\u0131nlara y\u00f6nelik hakaret, a\u015fa\u011f\u0131lama ve insanlar\u0131 kin ve d\u00fc\u015fmanl\u0131\u011fa tahrik niteli\u011findeki ifadeleri nedeniyle, hakk\u0131nda TCK 216. ve 125. maddeleri kapsam\u0131nda cezaland\u0131r\u0131lmas\u0131 i\u00e7in Tarsus Cumhuriyet Ba\u015fsavc\u0131l\u0131\u011f\u0131\u2019na su\u00e7 duyurusunda bulundu. Mersin Barosu Ba\u015fkan\u0131 Av. Gazi \u00d6zdemir, Mersin [&hellip;]<\/p>\n","protected":false},"author":2,"featured_media":28412,"comment_status":"open","ping_status":"open","sticky":false,"template":"","format":"standard","meta":{"footnotes":""},"categories":[2,3],"tags":[],"class_list":["post-28411","post","type-post","status-publish","format-standard","has-post-thumbnail","hentry","category-gundem","category-manset"],"views":2,"_links":{"self":[{"href":"https:\/\/mersinkadingazetesi.com\/index.php?rest_route=\/wp\/v2\/posts\/28411"}],"collection":[{"href":"https:\/\/mersinkadingazetesi.com\/index.php?rest_route=\/wp\/v2\/posts"}],"about":[{"href":"https:\/\/mersinkadingazetesi.com\/index.php?rest_route=\/wp\/v2\/types\/post"}],"author":[{"embeddable":true,"href":"https:\/\/mersinkadingazetesi.com\/index.php?rest_route=\/wp\/v2\/users\/2"}],"replies":[{"embeddable":true,"href":"https:\/\/mersinkadingazetesi.com\/index.php?rest_route=%2Fwp%2Fv2%2Fcomments&post=28411"}],"version-history":[{"count":0,"href":"https:\/\/mersinkadingazetesi.com\/index.php?rest_route=\/wp\/v2\/posts\/28411\/revisions"}],"wp:featuredmedia":[{"embeddable":true,"href":"https:\/\/mersinkadingazetesi.com\/index.php?rest_route=\/wp\/v2\/media\/28412"}],"wp:attachment":[{"href":"https:\/\/mersinkadingazetesi.com\/index.php?rest_route=%2Fwp%2Fv2%2Fmedia&parent=28411"}],"wp:term":[{"taxonomy":"category","embeddable":true,"href":"https:\/\/mersinkadingazetesi.com\/index.php?rest_route=%2Fwp%2Fv2%2Fcategories&post=28411"},{"taxonomy":"post_tag","embeddable":true,"href":"https:\/\/mersinkadingazetesi.com\/index.php?rest_route=%2Fwp%2Fv2%2Ftags&post=28411"}],"curies":[{"name":"wp","href":"https:\/\/api.w.org\/{rel}","templated":true}]}}