{"id":28421,"date":"2023-10-27T13:14:36","date_gmt":"2023-10-27T10:14:36","guid":{"rendered":"http:\/\/mersinkadingazetesi.com\/?p=28421"},"modified":"2023-10-27T13:14:36","modified_gmt":"2023-10-27T10:14:36","slug":"kadin-emegi-bu-stantlarda-daha-da-degerleniyor","status":"publish","type":"post","link":"https:\/\/mersinkadingazetesi.com\/?p=28421","title":{"rendered":"KADIN EME\u011e\u0130 BU STANTLARDA DAHA DA DE\u011eERLEN\u0130YOR"},"content":{"rendered":"<p>Mersin B\u00fcy\u00fck\u015fehir Belediyesi hem kad\u0131n elinden \u00fcretimi desteklemek, hem de kad\u0131n eme\u011fine vurgu yapmak ve kad\u0131nlara yeni gelir kap\u0131lar\u0131 olu\u015fturmak amac\u0131yla kent genelinde s\u00fcrd\u00fcrd\u00fc\u011f\u00fc \u00fcretici kad\u0131n stantlar\u0131n\u0131, her hafta farkl\u0131 noktada vatanda\u015flarla bulu\u015fturmaya devam ediyor. Kad\u0131n ve Aile Hizmetleri Dairesi Ba\u015fkanl\u0131\u011f\u0131 \u00fcretici kad\u0131n stantlar\u0131n\u0131 bu kez, Cumhuriyet&#8217;in 100. y\u0131l\u0131 dolay\u0131s\u0131yla &#8216;Cumhuriyet&#8217;in \u0131\u015f\u0131\u011f\u0131 \u00fcretici kad\u0131nlar\u0131m\u0131z\u0131n \u00fczerinde&#8217; diyerek Sayapark AVM&#8217;de kurdu. 29 Ekim&#8217;e kadar \u00fcretici kad\u0131nlar\u0131n stant a\u00e7aca\u011f\u0131 AVM&#8217;de kad\u0131nlar; ev e\u015fyas\u0131 ve dekoratif \u00fcr\u00fcnler, hediyelik s\u00fcs e\u015fyalar\u0131 ile birlikte, el eme\u011fi ile haz\u0131rlanm\u0131\u015f lezzetlerle stantlar\u0131n\u0131n ba\u015f\u0131nda olacak.<\/p>\n<p>Sert: &#8220;B\u00fcy\u00fck\u015fehir olarak, \u00fcretim yapan kad\u0131nlar\u0131n her zaman yan\u0131nday\u0131z&#8221;<\/p>\n<p>Mersin B\u00fcy\u00fck\u015fehir Belediyesi olarak \u00fcretici kad\u0131n stantlar\u0131n\u0131 bu hafta Sayapark&#8217;ta kurduklar\u0131n\u0131 belirten Kad\u0131n ve Aile Hizmetleri Dairesi Ba\u015fkanl\u0131\u011f\u0131 g\u00f6revlisi Burcu Sert, &#8220;Mersin B\u00fcy\u00fck\u015fehir Belediyesi olarak, \u00fcretime destek \u00e7al\u0131\u015fmalar\u0131m\u0131za devam ediyoruz&#8221; dedi. B\u00fcy\u00fck\u015fehir Belediyesi olarak kad\u0131nlara mali kaynak yaratmak i\u00e7in \u00fcretici kad\u0131n stantlar\u0131n\u0131 a\u00e7t\u0131klar\u0131n\u0131 s\u00f6yleyen Sert, &#8220;B\u00fcy\u00fck\u015fehir Belediyesi&#8217;nin \u00fcretici kad\u0131nlar\u0131, \u00fcretimlerinin \u00e7o\u011funlu\u011funu evde yap\u0131yorlar. \u00dcrettikleri \u00fcr\u00fcnleri satma potansiyelleri \u00e7ok fazla olmuyor. Bu y\u00fczden \u00fcretici kad\u0131n stantlar\u0131n\u0131 a\u00e7\u0131yoruz. Aral\u0131k ay\u0131 boyunca her Cuma Yo\u011furt Pazar\u0131&#8217;nda, kad\u0131n \u00fcreticilerimiz farkl\u0131 konseptlerle sat\u0131\u015fta olacaklar. Ayn\u0131 zamanda Mut Ta\u015fhan&#8217;da bir hafta boyunca \u00fcretici kad\u0131nlar stant kuracaklar. Mersin B\u00fcy\u00fck\u015fehir Belediyesi olarak evde \u00fcretim yapan kad\u0131nlar\u0131n her zaman yan\u0131nday\u0131z&#8221; diyerek s\u00f6zlerini sonland\u0131rd\u0131.<\/p>\n<p>T\u00fcrky\u0131lmaz: &#8220;B\u00fcy\u00fck\u015fehir Belediyesi ile i\u015f birli\u011fi yapmaktan mutluyuz&#8221;<\/p>\n<p> &#8220;Bu s\u00fcre\u00e7te bir\u00e7ok etkinlik d\u00fczenleyece\u011fiz. Bu etkinliklere de dileyen ziyaret\u00e7ilerimiz gelip kat\u0131labilirler. Etkinliklerimiz aras\u0131nda 360 derece VR \u00e7ekimi de olacak. T\u00fcm ziyaret\u00e7ilerimiz gelip Cumhuriyet&#8217;imizin 100. y\u0131l\u0131 temal\u0131 hat\u0131ra videolar\u0131 \u00e7ektirip, kendilerine g\u00fczel bir hat\u0131ra videosu yapabilirler. Onun d\u0131\u015f\u0131nda 28 Ekim&#8217;de Atat\u00fcrk filminin a\u00e7\u0131k hava g\u00f6sterimi olacak. Bu etkinli\u011fimiz de \u00fccretsiz olacak ve t\u00fcm misafirlerimiz davetlidir&#8221; dedi.<\/p>\n<p>23 Ekim&#8217;de kurulan stantlar\u0131n 29 Ekim&#8217;e kadar a\u00e7\u0131k olaca\u011f\u0131n\u0131 ve ziyaret\u00e7ileri beklediklerini ifade eden Sayapark AVM Kurumsal \u0130li\u015fkiler ve Pazarlama M\u00fcd\u00fcr\u00fc Engin T\u00fcrky\u0131lmaz, Mersin B\u00fcy\u00fck\u015fehir Belediyesi ile birlikte bir\u00e7ok ortak projede yer ald\u0131klar\u0131n\u0131 ve i\u015f birli\u011fi i\u00e7erisinde \u00e7al\u0131\u015ft\u0131klar\u0131n\u0131 belirterek, &#8220;B\u00fcy\u00fck\u015fehir Belediyesi&#8217;nin kad\u0131n \u00fcreticilere verdi\u011fi destekten ve bu deste\u011fe bizim de ev sahipli\u011fi yapmam\u0131zdan dolay\u0131 \u00e7ok mutluyuz. Umar\u0131m ilerleyen zamanlarda, \u00e7ok daha b\u00fcy\u00fck etkinliklerle i\u015f ortakl\u0131\u011f\u0131 yapm\u0131\u015f oluruz&#8221; ifadelerine yer verdi.<\/p>\n<p>\u00dcretici kad\u0131nlar, B\u00fcy\u00fck\u015fehir&#8217;in deste\u011finden ve bir arada olmaktan olduk\u00e7a memnun<\/p>\n<p>\u00dcretici kad\u0131n stand\u0131nda el eme\u011fi ile haz\u0131rlad\u0131\u011f\u0131 organik \u00fcr\u00fcnleri sat\u0131\u015fa sunan Cansu G\u00fcltekin, &#8220;Soslar, re\u00e7eller, tur\u015fular, \u00e7ikolatalar, kremalar yap\u0131yorum. Y\u00fczde 100 organik ve hepsi ev yap\u0131m\u0131 \u00fcr\u00fcnler. Bu stand\u0131 ge\u00e7en sene gezerken fark ettim ve bu y\u0131l stantlarda yer almak i\u00e7in ben de ba\u015fvurdum&#8221; \u015feklinde konu\u015ftu. \u00dcretici kad\u0131n stantlar\u0131 sayesinde ilk defa m\u00fc\u015fterileriyle birebir bulu\u015fma \u015fans\u0131 yakalad\u0131\u011f\u0131n\u0131 kaydeden G\u00fcltekin, &#8220;B\u00fcy\u00fck\u015fehir Belediyesi&#8217;ne, bir\u00e7ok insanla bulu\u015fma ve eme\u011fimizi payla\u015fma imk\u00e2n\u0131 tan\u0131d\u0131\u011f\u0131 i\u00e7in te\u015fekk\u00fcr ediyorum&#8221; dedi.<\/p>\n<p>El eme\u011fi \u00fcr\u00fcnler yaparak sat\u0131\u015fa sunan \u00fcretici kad\u0131nlardan Feyza G\u00f6rg\u00fcn de, bir y\u0131ld\u0131r B\u00fcy\u00fck\u015fehir Belediyesi&#8217;nin \u00fcretici kad\u0131n stantlar\u0131nda belli aral\u0131klarda sat\u0131\u015f yapt\u0131\u011f\u0131n\u0131 ifade ederek, &#8220;Bizim i\u00e7in stantlar iyi oluyor. Biz hep sanaldan m\u00fc\u015fteriyle g\u00f6r\u00fc\u015f\u00fcyoruz. Burada hem m\u00fc\u015fterilerle bir arada oluyoruz, hem de daha \u00e7ok insanla tan\u0131\u015f\u0131yoruz. Etkinlikte yeni arkada\u015flar da ediniyoruz. Bu stantlarda yer almaktan ve desteklenmekten \u00e7ok memnunuz&#8221; diye konu\u015ftu.<\/p>\n","protected":false},"excerpt":{"rendered":"<p>Mersin B\u00fcy\u00fck\u015fehir Belediyesi hem kad\u0131n elinden \u00fcretimi desteklemek, hem de kad\u0131n eme\u011fine vurgu yapmak ve kad\u0131nlara yeni gelir kap\u0131lar\u0131 olu\u015fturmak amac\u0131yla kent genelinde s\u00fcrd\u00fcrd\u00fc\u011f\u00fc \u00fcretici kad\u0131n stantlar\u0131n\u0131, her hafta farkl\u0131 noktada vatanda\u015flarla bulu\u015fturmaya devam ediyor. Kad\u0131n ve Aile Hizmetleri Dairesi Ba\u015fkanl\u0131\u011f\u0131 \u00fcretici kad\u0131n stantlar\u0131n\u0131 bu kez, Cumhuriyet&#8217;in 100. y\u0131l\u0131 dolay\u0131s\u0131yla &#8216;Cumhuriyet&#8217;in \u0131\u015f\u0131\u011f\u0131 \u00fcretici kad\u0131nlar\u0131m\u0131z\u0131n \u00fczerinde&#8217; [&hellip;]<\/p>\n","protected":false},"author":2,"featured_media":28422,"comment_status":"open","ping_status":"open","sticky":false,"template":"","format":"standard","meta":{"footnotes":""},"categories":[8,2,3],"tags":[],"class_list":["post-28421","post","type-post","status-publish","format-standard","has-post-thumbnail","hentry","category-ekonomi","category-gundem","category-manset"],"views":38,"_links":{"self":[{"href":"https:\/\/mersinkadingazetesi.com\/index.php?rest_route=\/wp\/v2\/posts\/28421"}],"collection":[{"href":"https:\/\/mersinkadingazetesi.com\/index.php?rest_route=\/wp\/v2\/posts"}],"about":[{"href":"https:\/\/mersinkadingazetesi.com\/index.php?rest_route=\/wp\/v2\/types\/post"}],"author":[{"embeddable":true,"href":"https:\/\/mersinkadingazetesi.com\/index.php?rest_route=\/wp\/v2\/users\/2"}],"replies":[{"embeddable":true,"href":"https:\/\/mersinkadingazetesi.com\/index.php?rest_route=%2Fwp%2Fv2%2Fcomments&post=28421"}],"version-history":[{"count":0,"href":"https:\/\/mersinkadingazetesi.com\/index.php?rest_route=\/wp\/v2\/posts\/28421\/revisions"}],"wp:featuredmedia":[{"embeddable":true,"href":"https:\/\/mersinkadingazetesi.com\/index.php?rest_route=\/wp\/v2\/media\/28422"}],"wp:attachment":[{"href":"https:\/\/mersinkadingazetesi.com\/index.php?rest_route=%2Fwp%2Fv2%2Fmedia&parent=28421"}],"wp:term":[{"taxonomy":"category","embeddable":true,"href":"https:\/\/mersinkadingazetesi.com\/index.php?rest_route=%2Fwp%2Fv2%2Fcategories&post=28421"},{"taxonomy":"post_tag","embeddable":true,"href":"https:\/\/mersinkadingazetesi.com\/index.php?rest_route=%2Fwp%2Fv2%2Ftags&post=28421"}],"curies":[{"name":"wp","href":"https:\/\/api.w.org\/{rel}","templated":true}]}}