{"id":28442,"date":"2023-10-27T17:26:31","date_gmt":"2023-10-27T14:26:31","guid":{"rendered":"http:\/\/mersinkadingazetesi.com\/?p=28442"},"modified":"2023-10-27T17:26:31","modified_gmt":"2023-10-27T14:26:31","slug":"berova-kktcnin-tek-cikis-kapisi-mersin","status":"publish","type":"post","link":"https:\/\/mersinkadingazetesi.com\/?p=28442","title":{"rendered":"Berova: \u201cKKTC\u2019nin Tek \u00c7\u0131k\u0131\u015f Kap\u0131s\u0131 Mersin\u201d"},"content":{"rendered":"<p>Bir dizi temas ve inceleme i\u00e7in Mersin\u2019e gelen Kuzey K\u0131br\u0131s T\u00fcrk Cumhuriyeti (KKTC) Maliye Bakan\u0131 O\u0308zdemir Berova beraberinde KKTC Mersin Ba\u015fkonsolosu Zalihe Mendeli, KKTC Maliye Bakanl\u0131\u011f\u0131 yetkilileri ve K\u0131br\u0131s Tu\u0308rk Ticaret Odas\u0131 temsilcileri ile birlikte Mersin Deniz Ticaret Odas\u0131\u2019n\u0131 ziyaret etti.<br \/>\nMersin Deniz Ticaret Odas\u0131 (MDTO) Meclis Ba\u015fkan\u0131 Jozet Atat, Y\u00f6netim Kurulu Ba\u015fkan\u0131 Cihat Lokmano\u011flu, Meclis Ba\u015fkan Yard\u0131mc\u0131s\u0131 Ayla Harp, MDTO Y\u00f6netim Kurulu \u00dcyeleri, Y\u00f6netim Dan\u0131\u015fmanlar\u0131 ve Sekretaryas\u0131 taraf\u0131ndan kar\u015f\u0131lanan K\u0131br\u0131s Heyetine b\u00f6lgedeki limanlara ve deniz ticaretine ili\u015fkin bilgiler verildi. Toplant\u0131da, KKTC ve Mersin limanlar\u0131nda ya\u015fanan sorunlara ili\u015fkin g\u00f6r\u00fc\u015f al\u0131\u015fveri\u015finde bulunuldu.<br \/>\nToplant\u0131da konu\u015fan KKTC Maliye Bakan\u0131 Berova, Mersin\u2019in ve Mersin Liman\u0131\u2019n\u0131n KKTC ticareti i\u00e7in \u00e7ok \u00f6nemli oldu\u011funu ve d\u00fcnyaya buradan a\u00e7\u0131ld\u0131klar\u0131n\u0131 belirterek \u201cKKTC\u2019de g\u00fcmr\u00fckler Maliye Bakanl\u0131\u011f\u0131\u2019na ba\u011fl\u0131. KKTC ve Mersin limanlar\u0131 aras\u0131ndaki ticaretin nas\u0131l daha h\u0131zl\u0131 ve efektif hale getirilebilece\u011finin ve dolay\u0131s\u0131yla i\u015f insanlar\u0131n\u0131n maliyetlerinin nas\u0131l daha fazla azalt\u0131labilece\u011finin yollar\u0131n\u0131 ar\u0131yoruz. Bu konuda yerinde inceleme yapmak \u00fczere Mersin\u2019e geldik. Sizleri g\u00f6rme f\u0131rsat\u0131 buldu\u011fumuz i\u00e7in \u00e7ok mutluyuz\u201d dedi.<br \/>\nKKTC\u2019nin ciddi bir ambargo alt\u0131nda oldu\u011funu, \u00fclkenin tek \u00e7\u0131k\u0131\u015f kap\u0131s\u0131n\u0131n Mersin oldu\u011funu vurgulayan Bakan Berova, dolay\u0131s\u0131yla Mersin\u2019deki i\u015fleyi\u015fin kolay ve h\u0131zl\u0131 olmas\u0131n\u0131n kendileri i\u00e7in \u00e7ok \u00f6nemli oldu\u011funu belirterek bu nedenlerle Mersin\u2019de ve Mersin Liman\u0131\u2019nda pozitif ayr\u0131mc\u0131l\u0131k talepleri oldu\u011funu dile getirdi.<br \/>\n\u0130\u015fletme ve g\u00fcvenlik ba\u015fta olmak \u00fczere Ma\u011fusa Liman\u0131\u2019nda birtak\u0131m sorunlar oldu\u011funu anlatan Bakan Berova, KKTC H\u00fck\u00fcmetinin liman\u0131 \u00f6zelle\u015ftirme program\u0131 kapsam\u0131na ald\u0131\u011f\u0131n\u0131 ve s\u00fcrecin ba\u015flad\u0131\u011f\u0131n\u0131 kaydetti. Berova,TC Maliye Bakan\u0131 Mehmet \u015eim\u015fek\u2019i de ziyaret ederek \u00f6zelle\u015ftirmeler konusunda kendilerinden de g\u00f6r\u00fc\u015f ald\u0131klar\u0131n\u0131, bu konuda MDTO Y\u00f6netiminin de g\u00f6r\u00fc\u015flerini  almak istediklerini s\u00f6yledi. Berova \u015fu anda Ma\u011fusa Liman\u0131\u2019nda ya\u015fanan sorunlara ge\u00e7ici \u00e7\u00f6z\u00fcmler \u00fcrettiklerini, \u00f6zelle\u015ftirmeden sonra sorunlar\u0131n \u00e7\u00f6z\u00fclmesini umduklar\u0131n\u0131 belirtti.<br \/>\nKKTC Heyetini MDTO\u2019da a\u011f\u0131rlamaktan \u015feref duydu\u011funu s\u00f6yleyen MDTO Y\u00f6netim Kurulu Ba\u015fkan\u0131 Cihat Lokmano\u011flu ise, TOBB b\u00fcnyesinde kurulan T\u00fcrkiye KKTC Ticaret Formu\u2019nun   e\u015f Ba\u015fkanl\u0131\u011f\u0131 KTTO Y\u00f6netim Kurulu \u00dcyesi Oma\u00e7 Cin ile birlikte \u00fcstlendiklerini ayn\u0131 zamanda MDTO ile KTTO\u2019nun karde\u015f oda olduklar\u0131n\u0131 hat\u0131rlatarak \u201cKKTC bizim i\u00e7in de \u00e7ok \u00f6nemli. KKTC ticareti buradan ge\u00e7iyor. Kar\u015f\u0131l\u0131kl\u0131 sorunlar\u0131n \u00e7\u00f6z\u00fclmesi i\u00e7in uzun s\u00fcredir birlikte \u00e7al\u0131\u015f\u0131yoruz\u201d dedi.<br \/>\n6 \u015eubat depremlerinin ard\u0131ndan Mersin Liman\u0131\u2019nda yo\u011funluk ya\u015fand\u0131\u011f\u0131n\u0131 s\u00f6yleyen Lokmano\u011flu, bunun K\u0131br\u0131s i\u00e7in oldu\u011fu kadar Mersin i\u00e7in de sorun oldu\u011funu, ald\u0131klar\u0131 son bilgilere g\u00f6re gemi beklemelerinde d\u00fczelme oldu\u011funu, di\u011fer sorunlar i\u00e7in de Mersin Liman Y\u00f6netimi ile s\u00fcrekli isti\u015fare halinde olduklar\u0131n\u0131 kaydetti.<br \/>\nToplant\u0131n\u0131n devam\u0131nda MDTO Genel Sekreteri Kpt. Mesut \u00d6zt\u00fcrk, KKTC ve Mersin limanlar\u0131 aras\u0131nda ger\u00e7ekle\u015ftirilen denizyolu ta\u015f\u0131mac\u0131l\u0131\u011f\u0131na ili\u015fkin de\u011ferlendirmelerde bulundu. \u00d6zt\u00fcrk, Mersin ve Ta\u015fucu limanlar\u0131ndan Ma\u011fusa ve Girne limanlar\u0131na yap\u0131lan ro-ro seferleri ve ta\u015f\u0131nan ara\u00e7lar ile 2023 y\u0131l\u0131nda Ta\u015fucu Liman\u0131\u2019nda ger\u00e7ekle\u015ftirilen y\u00fck hareketi ile y\u00fck cinsleri hakk\u0131nda veriler payla\u015ft\u0131.<br \/>\n\u00d6zt\u00fcrk konu\u015fmas\u0131nda ayr\u0131ca Ma\u011fusa Liman\u0131\u2019nda ya\u015fanan mesai sorununa da dikkat \u00e7ekti. Yaz aylar\u0131nda yolcu sirk\u00fclasyonun artt\u0131\u011f\u0131, ihra\u00e7 y\u00fcklerin yo\u011funla\u015ft\u0131\u011f\u0131 d\u00f6nemlerde g\u00fcmr\u00fcklerde ek mesai gerekti\u011fini dile getiren \u00d6zt\u00fcrk, g\u00fcmr\u00fck memurlar\u0131n\u0131n y\u00fczde 20 mesai kotas\u0131 nedeniyle sorunlar ya\u015fand\u0131\u011f\u0131n\u0131 ve gemilerin gecikti\u011fini, buna y\u00f6nelik bir \u00e7\u00f6z\u00fcm \u00fcretilmesi gerekti\u011fini s\u00f6yledi.<br \/>\nKar\u015f\u0131l\u0131kl\u0131 talep ve \u00f6nerilerin de\u011ferlendirilmesinin ard\u0131ndan toplant\u0131 sona erdi. <\/p>\n","protected":false},"excerpt":{"rendered":"<p>Bir dizi temas ve inceleme i\u00e7in Mersin\u2019e gelen Kuzey K\u0131br\u0131s T\u00fcrk Cumhuriyeti (KKTC) Maliye Bakan\u0131 O\u0308zdemir Berova beraberinde KKTC Mersin Ba\u015fkonsolosu Zalihe Mendeli, KKTC Maliye Bakanl\u0131\u011f\u0131 yetkilileri ve K\u0131br\u0131s Tu\u0308rk Ticaret Odas\u0131 temsilcileri ile birlikte Mersin Deniz Ticaret Odas\u0131\u2019n\u0131 ziyaret etti. Mersin Deniz Ticaret Odas\u0131 (MDTO) Meclis Ba\u015fkan\u0131 Jozet Atat, Y\u00f6netim Kurulu Ba\u015fkan\u0131 Cihat Lokmano\u011flu, [&hellip;]<\/p>\n","protected":false},"author":2,"featured_media":28443,"comment_status":"open","ping_status":"open","sticky":false,"template":"","format":"standard","meta":{"footnotes":""},"categories":[7,8,1,2,3],"tags":[],"class_list":["post-28442","post","type-post","status-publish","format-standard","has-post-thumbnail","hentry","category-dunya","category-ekonomi","category-genel","category-gundem","category-manset"],"views":4,"_links":{"self":[{"href":"https:\/\/mersinkadingazetesi.com\/index.php?rest_route=\/wp\/v2\/posts\/28442"}],"collection":[{"href":"https:\/\/mersinkadingazetesi.com\/index.php?rest_route=\/wp\/v2\/posts"}],"about":[{"href":"https:\/\/mersinkadingazetesi.com\/index.php?rest_route=\/wp\/v2\/types\/post"}],"author":[{"embeddable":true,"href":"https:\/\/mersinkadingazetesi.com\/index.php?rest_route=\/wp\/v2\/users\/2"}],"replies":[{"embeddable":true,"href":"https:\/\/mersinkadingazetesi.com\/index.php?rest_route=%2Fwp%2Fv2%2Fcomments&post=28442"}],"version-history":[{"count":0,"href":"https:\/\/mersinkadingazetesi.com\/index.php?rest_route=\/wp\/v2\/posts\/28442\/revisions"}],"wp:featuredmedia":[{"embeddable":true,"href":"https:\/\/mersinkadingazetesi.com\/index.php?rest_route=\/wp\/v2\/media\/28443"}],"wp:attachment":[{"href":"https:\/\/mersinkadingazetesi.com\/index.php?rest_route=%2Fwp%2Fv2%2Fmedia&parent=28442"}],"wp:term":[{"taxonomy":"category","embeddable":true,"href":"https:\/\/mersinkadingazetesi.com\/index.php?rest_route=%2Fwp%2Fv2%2Fcategories&post=28442"},{"taxonomy":"post_tag","embeddable":true,"href":"https:\/\/mersinkadingazetesi.com\/index.php?rest_route=%2Fwp%2Fv2%2Ftags&post=28442"}],"curies":[{"name":"wp","href":"https:\/\/api.w.org\/{rel}","templated":true}]}}