{"id":28454,"date":"2023-10-28T21:48:31","date_gmt":"2023-10-28T18:48:31","guid":{"rendered":"http:\/\/mersinkadingazetesi.com\/?p=28454"},"modified":"2023-10-28T21:48:31","modified_gmt":"2023-10-28T18:48:31","slug":"2-uluslararasi-tarsus-festivali-kapsaminda-sanatsal-etkinlikler-duzenleniyor","status":"publish","type":"post","link":"https:\/\/mersinkadingazetesi.com\/?p=28454","title":{"rendered":"2. ULUSLARARASI TARSUS FEST\u0130VAL\u0130 KAPSAMINDA SANATSAL ETK\u0130NL\u0130KLER D\u00dcZENLEN\u0130YOR"},"content":{"rendered":"<p>Mersin B\u00fcy\u00fck\u015fehir Belediyesi taraf\u0131ndan bu y\u0131l 2.&#8217;si d\u00fczenlenen &#8216;Uluslararas\u0131 Tarsus Festivali&#8217; kapsam\u0131nda sanatsal etkinlikler h\u0131z kazand\u0131. &#8216;\u015eahmeran Y\u0131l\u0131&#8217;nda Bulu\u015fal\u0131m&#8217; mottosuyla 17,18,19 Kas\u0131m&#8217;da ger\u00e7ekle\u015fecek festival kapsam\u0131nda, farkl\u0131 sanatsal etkinlikler d\u00fczenleniyor.<\/p>\n<p>Mersin B\u00fcy\u00fck\u015fehir Belediyesi K\u00fclt\u00fcr ve Sosyal \u0130\u015fler Daire Ba\u015fkanl\u0131\u011f\u0131 b\u00fcnyesindeki Tarsus&#8217;a De\u011fer Katanlar Kurulu&#8217;nun (TADEKA) deste\u011fiyle, Plastik Sanatlar Kurulu \u00fcyesi L\u00fctfi Haso\u011flu&#8217;nun &#8216;D\u00fc\u015f\u00fcnce ve Kavram&#8217; isimli resim sergisi a\u00e7\u0131ld\u0131.<\/p>\n<p>Tarsus Belediyesi Mehmet Bal Sanat Galerisi&#8217;nde a\u00e7\u0131lan sergide, soyut kavramlar\u0131n i\u015flendi\u011fi 60 eser bulunuyor. 1 Kas\u0131m&#8217;a kadar a\u00e7\u0131k kalacak olan serginin a\u00e7\u0131l\u0131\u015f t\u00f6renine, TADEKA \u00fcyeleri ve sanatseverler kat\u0131ld\u0131.<\/p>\n<p>Haso\u011flu: &#8220;Toplumun iyili\u011fi, bireylerin iyili\u011finden ge\u00e7er&#8221;<\/p>\n<p>Serginin a\u00e7\u0131l\u0131\u015f\u0131nda yapt\u0131\u011f\u0131 konu\u015fmada Tarsus&#8217;un, d\u00fcnyan\u0131n en eski ve insanl\u0131\u011f\u0131n vazge\u00e7emedi\u011fi kadim kentlerinden biri oldu\u011funu s\u00f6yleyen Ressam L\u00fctfi Haso\u011flu, &#8220;Sanat, toplumun birle\u015ftirici g\u00fcc\u00fcd\u00fcr. Biz Tarsuslu sanat\u00e7\u0131lara bu imkan\u0131 sa\u011flayan Mersin B\u00fcy\u00fck\u015fehir Belediye Ba\u015fkan\u0131m\u0131z Vahap Se\u00e7er ve ekibi ile TADEKA&#8217;ya te\u015fekk\u00fcr ederim. Buraya gelerek beni onurland\u0131ran de\u011ferli misafirlere, Ahmet Ba\u011f, Cumali Balc\u0131 hocalar\u0131ma, at\u00f6lye arkada\u015flar\u0131ma ve sanatsever dostlar\u0131ma da ayr\u0131ca te\u015fekk\u00fcr ederim. \u0130yi ki vars\u0131n\u0131z. Toplumun iyili\u011fi bireylerin iyili\u011finden ge\u00e7er&#8221; dedi.<\/p>\n","protected":false},"excerpt":{"rendered":"<p>Mersin B\u00fcy\u00fck\u015fehir Belediyesi taraf\u0131ndan bu y\u0131l 2.&#8217;si d\u00fczenlenen &#8216;Uluslararas\u0131 Tarsus Festivali&#8217; kapsam\u0131nda sanatsal etkinlikler h\u0131z kazand\u0131. &#8216;\u015eahmeran Y\u0131l\u0131&#8217;nda Bulu\u015fal\u0131m&#8217; mottosuyla 17,18,19 Kas\u0131m&#8217;da ger\u00e7ekle\u015fecek festival kapsam\u0131nda, farkl\u0131 sanatsal etkinlikler d\u00fczenleniyor. Mersin B\u00fcy\u00fck\u015fehir Belediyesi K\u00fclt\u00fcr ve Sosyal \u0130\u015fler Daire Ba\u015fkanl\u0131\u011f\u0131 b\u00fcnyesindeki Tarsus&#8217;a De\u011fer Katanlar Kurulu&#8217;nun (TADEKA) deste\u011fiyle, Plastik Sanatlar Kurulu \u00fcyesi L\u00fctfi Haso\u011flu&#8217;nun &#8216;D\u00fc\u015f\u00fcnce ve Kavram&#8217; isimli [&hellip;]<\/p>\n","protected":false},"author":2,"featured_media":28455,"comment_status":"open","ping_status":"open","sticky":false,"template":"","format":"standard","meta":{"footnotes":""},"categories":[2,3],"tags":[],"class_list":["post-28454","post","type-post","status-publish","format-standard","has-post-thumbnail","hentry","category-gundem","category-manset"],"views":2,"_links":{"self":[{"href":"https:\/\/mersinkadingazetesi.com\/index.php?rest_route=\/wp\/v2\/posts\/28454"}],"collection":[{"href":"https:\/\/mersinkadingazetesi.com\/index.php?rest_route=\/wp\/v2\/posts"}],"about":[{"href":"https:\/\/mersinkadingazetesi.com\/index.php?rest_route=\/wp\/v2\/types\/post"}],"author":[{"embeddable":true,"href":"https:\/\/mersinkadingazetesi.com\/index.php?rest_route=\/wp\/v2\/users\/2"}],"replies":[{"embeddable":true,"href":"https:\/\/mersinkadingazetesi.com\/index.php?rest_route=%2Fwp%2Fv2%2Fcomments&post=28454"}],"version-history":[{"count":0,"href":"https:\/\/mersinkadingazetesi.com\/index.php?rest_route=\/wp\/v2\/posts\/28454\/revisions"}],"wp:featuredmedia":[{"embeddable":true,"href":"https:\/\/mersinkadingazetesi.com\/index.php?rest_route=\/wp\/v2\/media\/28455"}],"wp:attachment":[{"href":"https:\/\/mersinkadingazetesi.com\/index.php?rest_route=%2Fwp%2Fv2%2Fmedia&parent=28454"}],"wp:term":[{"taxonomy":"category","embeddable":true,"href":"https:\/\/mersinkadingazetesi.com\/index.php?rest_route=%2Fwp%2Fv2%2Fcategories&post=28454"},{"taxonomy":"post_tag","embeddable":true,"href":"https:\/\/mersinkadingazetesi.com\/index.php?rest_route=%2Fwp%2Fv2%2Ftags&post=28454"}],"curies":[{"name":"wp","href":"https:\/\/api.w.org\/{rel}","templated":true}]}}