{"id":28460,"date":"2023-10-28T21:51:29","date_gmt":"2023-10-28T18:51:29","guid":{"rendered":"http:\/\/mersinkadingazetesi.com\/?p=28460"},"modified":"2023-10-28T21:51:29","modified_gmt":"2023-10-28T18:51:29","slug":"tarim-bakanliginin-gorevi-turkiyeyi-et-ithalati-cennetine-cevirmek-degil-hayvanciligi-gelistirmek-olmalidir","status":"publish","type":"post","link":"https:\/\/mersinkadingazetesi.com\/?p=28460","title":{"rendered":"\u201cTar\u0131m Bakanl\u0131\u011f\u0131\u2019n\u0131n g\u00f6revi T\u00fcrkiye\u2019yi et ithalat\u0131 cennetine \u00e7evirmek de\u011fil, hayvanc\u0131l\u0131\u011f\u0131 geli\u015ftirmek olmal\u0131d\u0131r\u201d"},"content":{"rendered":"<p>DEVA Partisi Genel Ba\u015fkan Yard\u0131mc\u0131s\u0131 ve Mersin Milletvekili Mehmet Emin Ekmen, Tar\u0131m ve Orman Bakanl\u0131\u011f\u0131\u2019ndan bir heyetin G\u00fcney Afrika\u2019ya giderek et ithalat\u0131na dair incelemeler yapmas\u0131n\u0131 ele\u015ftirdi. <\/p>\n<p>Tar\u0131m ve Orman Bakanl\u0131\u011f\u0131\u2019n\u0131n g\u00f6revinin T\u00fcrkiye\u2019yi et ithalat\u0131 cennetine \u00e7evirmek de\u011fil, hayvanc\u0131l\u0131\u011f\u0131 geli\u015ftirmek oldu\u011funu ifade eden Ekmen, tar\u0131m ve hayvanc\u0131l\u0131\u011fa verilen deste\u011fin \u00e7ok d\u00fc\u015f\u00fck oldu\u011funu belirterek bakanl\u0131\u011f\u0131 \u015fu s\u00f6zlerle ele\u015ftirdi:<\/p>\n<p>\u201cMill\u00ee Gazete\u2019de yer alan bir habere g\u00f6re, Tar\u0131m Bakanl\u0131\u011f\u0131ndan bir heyet on g\u00fcnl\u00fck bir G\u00fcney Afrika gezisiyle et ithalat\u0131yla ilgili inceleme yapmaktad\u0131r. Tar\u0131m Bakanl\u0131\u011f\u0131n\u0131n g\u00f6revi T\u00fcrkiye\u2019yi bir et ithalat\u0131 cennetine \u00e7evirmek de\u011fil, T\u00fcrkiye&#8217;de et ve s\u00fct\u00e7\u00fcl\u00fc\u011f\u00fc geli\u015ftirmek olmal\u0131d\u0131r. Oysa -meclise sunulan b\u00fct\u00e7e d\u00e2hil- b\u00fct\u00e7edeki \u00f6nceliklere bakt\u0131\u011f\u0131m\u0131zda, b\u00fct\u00e7edeki \u00f6nceli\u011fin faiz \u00f6demeleri oldu\u011fu g\u00f6r\u00fclmektedir. 2023 y\u0131l\u0131nda tar\u0131m ve hayvanc\u0131l\u0131k alan\u0131nda toplam 2,5 milyar dolar destek verilmi\u015f iken kur korumal\u0131 mevduat program\u0131 i\u00e7in 125 milyar dolar \u00f6deme yap\u0131lm\u0131\u015ft\u0131r. Bug\u00fcn itibar\u0131yla s\u00fct inekleri kesime g\u00f6nderilmektedir ve gerek s\u00fct\u00e7\u00fcl\u00fck gerekse de hayvanc\u0131l\u0131k b\u00fct\u00fcn cazibesini yitirmi\u015f durumdad\u0131r. B\u00fct\u00fcn eme\u011fiyle, \u00e7olu\u011fuyla \u00e7ocu\u011fuyla s\u00fct inek\u00e7ili\u011fi yapan bir aile satt\u0131\u011f\u0131 s\u00fctten litre ba\u015f\u0131na 3 lira zarar etmektedir. Tar\u0131m ve Orman Bakanl\u0131\u011f\u0131\u2019n\u0131n bu konuda bir an \u00f6nce tedbirlerini almas\u0131 gerekir.\u201d<\/p>\n","protected":false},"excerpt":{"rendered":"<p>DEVA Partisi Genel Ba\u015fkan Yard\u0131mc\u0131s\u0131 ve Mersin Milletvekili Mehmet Emin Ekmen, Tar\u0131m ve Orman Bakanl\u0131\u011f\u0131\u2019ndan bir heyetin G\u00fcney Afrika\u2019ya giderek et ithalat\u0131na dair incelemeler yapmas\u0131n\u0131 ele\u015ftirdi. Tar\u0131m ve Orman Bakanl\u0131\u011f\u0131\u2019n\u0131n g\u00f6revinin T\u00fcrkiye\u2019yi et ithalat\u0131 cennetine \u00e7evirmek de\u011fil, hayvanc\u0131l\u0131\u011f\u0131 geli\u015ftirmek oldu\u011funu ifade eden Ekmen, tar\u0131m ve hayvanc\u0131l\u0131\u011fa verilen deste\u011fin \u00e7ok d\u00fc\u015f\u00fck oldu\u011funu belirterek bakanl\u0131\u011f\u0131 \u015fu s\u00f6zlerle [&hellip;]<\/p>\n","protected":false},"author":2,"featured_media":28461,"comment_status":"open","ping_status":"open","sticky":false,"template":"","format":"standard","meta":{"footnotes":""},"categories":[8,3,6],"tags":[],"class_list":["post-28460","post","type-post","status-publish","format-standard","has-post-thumbnail","hentry","category-ekonomi","category-manset","category-siyaset-2"],"views":49,"_links":{"self":[{"href":"https:\/\/mersinkadingazetesi.com\/index.php?rest_route=\/wp\/v2\/posts\/28460"}],"collection":[{"href":"https:\/\/mersinkadingazetesi.com\/index.php?rest_route=\/wp\/v2\/posts"}],"about":[{"href":"https:\/\/mersinkadingazetesi.com\/index.php?rest_route=\/wp\/v2\/types\/post"}],"author":[{"embeddable":true,"href":"https:\/\/mersinkadingazetesi.com\/index.php?rest_route=\/wp\/v2\/users\/2"}],"replies":[{"embeddable":true,"href":"https:\/\/mersinkadingazetesi.com\/index.php?rest_route=%2Fwp%2Fv2%2Fcomments&post=28460"}],"version-history":[{"count":0,"href":"https:\/\/mersinkadingazetesi.com\/index.php?rest_route=\/wp\/v2\/posts\/28460\/revisions"}],"wp:featuredmedia":[{"embeddable":true,"href":"https:\/\/mersinkadingazetesi.com\/index.php?rest_route=\/wp\/v2\/media\/28461"}],"wp:attachment":[{"href":"https:\/\/mersinkadingazetesi.com\/index.php?rest_route=%2Fwp%2Fv2%2Fmedia&parent=28460"}],"wp:term":[{"taxonomy":"category","embeddable":true,"href":"https:\/\/mersinkadingazetesi.com\/index.php?rest_route=%2Fwp%2Fv2%2Fcategories&post=28460"},{"taxonomy":"post_tag","embeddable":true,"href":"https:\/\/mersinkadingazetesi.com\/index.php?rest_route=%2Fwp%2Fv2%2Ftags&post=28460"}],"curies":[{"name":"wp","href":"https:\/\/api.w.org\/{rel}","templated":true}]}}