{"id":28469,"date":"2023-10-28T21:56:45","date_gmt":"2023-10-28T18:56:45","guid":{"rendered":"http:\/\/mersinkadingazetesi.com\/?p=28469"},"modified":"2023-10-28T21:56:45","modified_gmt":"2023-10-28T18:56:45","slug":"baskan-secer-cumhuriyetin-100-yili-dolayisiyla-ataturk-anitina-celenk-sundu","status":"publish","type":"post","link":"https:\/\/mersinkadingazetesi.com\/?p=28469","title":{"rendered":"BA\u015eKAN SE\u00c7ER, CUMHUR\u0130YET&#8217;\u0130N 100. YILI DOLAYISIYLA ATAT\u00dcRK ANITI&#8217;NA \u00c7ELENK SUNDU"},"content":{"rendered":"<p>Mersin B\u00fcy\u00fck\u015fehir Belediye Ba\u015fkan\u0131 Vahap Se\u00e7er, Cumhuriyet&#8217;in kurulu\u015funun 100. y\u0131ld\u00f6n\u00fcm\u00fc kutlama program\u0131 kapsam\u0131nda Mersin Valili\u011fi taraf\u0131ndan d\u00fczenlenen Atat\u00fcrk An\u0131t\u0131&#8217;na \u00e7elenk sunma t\u00f6renine kat\u0131ld\u0131.<\/p>\n<p>Cumhuriyet Meydan\u0131&#8217;nda d\u00fczenlenen t\u00f6rene; Mersin Valisi Ali Hamza Pehlivan, Mersin B\u00fcy\u00fck\u015fehir Belediye Ba\u015fkan\u0131 Vahap Se\u00e7er, Akdeniz B\u00f6lge ve Garnizon Komutan\u0131 Tu\u011famiral Murat F\u0131rat, Cumhuriyet Halk Partisi (CHP) Mersin Milletvekili G\u00fclcan K\u0131\u015f, siyasi partilerin temsilcileri, kent protokol\u00fc, gaziler, \u00f6\u011frenciler ve vatanda\u015flar kat\u0131ld\u0131.<\/p>\n<p>T\u00f6rende, Mersin B\u00fcy\u00fck\u015fehir Belediye Ba\u015fkan\u0131 Vahap Se\u00e7er, Mersin Valisi Ali Hamza Pehlivan, Akdeniz Garnizon Komutan\u0131 Tu\u011famiral Murat F\u0131rat taraf\u0131ndan Atat\u00fcrk An\u0131t\u0131&#8217;na \u00e7elenk sunuldu.<\/p>\n<p>T\u00f6ren, \u00e7elenk sunulmas\u0131n\u0131n ard\u0131ndan sayg\u0131 duru\u015funda bulunulmas\u0131 ve Akdeniz B\u00f6lge ve Garnizon Komutanl\u0131\u011f\u0131 Bandosu e\u015fli\u011finde \u0130stiklal Mar\u015f\u0131&#8217;n\u0131n okunmas\u0131yla sona erdi.<\/p>\n<p>T\u00f6ren sonras\u0131nda gazetecilerin sorular\u0131n\u0131 yan\u0131tlayan Ba\u015fkan Vahap Se\u00e7er, Cumhuriyet&#8217;in \u00e7ok \u00f6nemli bir kavram oldu\u011funa dikkat \u00e7ekerek, O&#8217;nun de\u011fersizle\u015ftirilmeye ve i\u00e7inin bo\u015falt\u0131lmaya \u00e7al\u0131\u015f\u0131lmas\u0131n\u0131n anlam ifade etmedi\u011fini s\u00f6yledi. T\u00fcm \u00fclke olarak 100. Kurulu\u015f y\u0131ld\u00f6n\u00fcm\u00fcn\u00fcn \u00e7ok daha fazla co\u015fkuyla kutlanmas\u0131 gerektini s\u00f6yleyen Se\u00e7er, &#8220;600 y\u0131ll\u0131k imparatorlu\u011fun, bir saltanat rejiminin \u00fczerine kurulmu\u015f daha sonra demokrasiyle ta\u00e7land\u0131r\u0131lm\u0131\u015f bir Cumhuriyet, s\u00f6z\u00fcn\u00fc etti\u011fimiz. Cumhuriyet; bundan 100 y\u0131l \u00f6nceki ko\u015fullarda, o zamanki \u00fclkenin, b\u00f6lgenin, d\u00fcnyan\u0131n i\u00e7inde bulundu\u011fu \u015fartlar dahilinde Ulu \u00d6nder Mustafa Kemal Atat\u00fcrk ve onun m\u00fccadele arkada\u015flar\u0131 sayesinde kuruldu&#8221; dedi.<\/p>\n<p>&#8220;Cumhuriyetin ayd\u0131nl\u0131k sa\u00e7an alevi hala yan\u0131yor, yine \u00fclkemizi ve bizleri ayd\u0131nlat\u0131yor&#8221;<\/p>\n<p>Cumhuriyetin daha \u00e7a\u011fda\u015f bir \u00fclke olma, her alanda; kurumlar\u0131yla, kurallar\u0131yla, sistemiyle, oturmu\u015f demokrasisiyle, geli\u015fen kalk\u0131nan b\u00fcy\u00fcyen bir \u00fclke olma yolunda \u00f6nemli bir at\u0131l\u0131m oldu\u011funun alt\u0131n\u0131 \u00e7izen Ba\u015fkan Se\u00e7er, &#8220;Cumhuriyetin ayd\u0131nl\u0131k sa\u00e7an alevi hala yan\u0131yor, yine \u00fclkemizi ayd\u0131nlat\u0131yor, bizleri ayd\u0131nlat\u0131yor, gelece\u011fe umutla ve inan\u00e7la bakmam\u0131z\u0131 sa\u011fl\u0131yor. Nice y\u00fczy\u0131llara diyorum. Tabi ki bug\u00fcnk\u00fc konumundan, durumundan, \u00fclkemizi ayn\u0131 anlay\u0131\u015fta \u00e7ok daha iyi noktalara getirme \u00e7abas\u0131yla, \u00fclkemizi kalk\u0131nd\u0131rma, \u00fclkemizi her alanda iddial\u0131 bir \u00fclke yapma, demokrasimizi tam anlam\u0131yla kurum ve kurallar\u0131yla yerle\u015ftirerek daha g\u00fczel bir \u00fclke yapma gayretiyle ikinci y\u00fczy\u0131lda devam edece\u011fiz. Nice y\u00fczy\u0131llara diyorum&#8221; diye konu\u015ftu.<\/p>\n<p>Ba\u015fkan Se\u00e7er Mersinlileri kutlamalara davet etti<\/p>\n<p>Cumhuriyet&#8217;in 100. Y\u0131l kutlamalar\u0131 \u00e7er\u00e7evesinde y\u0131l i\u00e7erisine yay\u0131lan bir\u00e7ok etkinlik ve program d\u00fczenlediklerini de dile getiren Se\u00e7er, &#8220;Hem sportif hem sanatsal hem k\u00fclt\u00fcrel bir \u00e7ok alanda toplant\u0131lar, paneller, seminerler gibi, Cumhuriyete ili\u015fkin, Cumhuriyetin de\u011ferleri, niteli\u011fi, i\u00e7eri\u011fi ve kazan\u0131mlar\u0131 ile b\u00fct\u00fcn bunlara y\u00f6nelik baz\u0131 etkinlikler ger\u00e7ekle\u015ftirildi.. Belediyemizin yar\u0131n da bir dizi etkinlikleri var. Yar\u0131n saat 20.30&#8217;da Fenerbah\u00e7e Meydan\u0131&#8217;ndan ba\u015flayacak olan fener alay\u0131m\u0131z, halk y\u00fcr\u00fcy\u00fc\u015f\u00fcm\u00fcz \u00d6zgecan Aslan Bar\u0131\u015f Meydan\u0131&#8217;nda sona erecek. Orada da bir konser var zaten, G\u00fcl\u015fen konseri. Vatanda\u015flar\u0131m\u0131z\u0131 oraya davet ediyoruz&#8221; ifadelerini kulland\u0131.<\/p>\n","protected":false},"excerpt":{"rendered":"<p>Mersin B\u00fcy\u00fck\u015fehir Belediye Ba\u015fkan\u0131 Vahap Se\u00e7er, Cumhuriyet&#8217;in kurulu\u015funun 100. y\u0131ld\u00f6n\u00fcm\u00fc kutlama program\u0131 kapsam\u0131nda Mersin Valili\u011fi taraf\u0131ndan d\u00fczenlenen Atat\u00fcrk An\u0131t\u0131&#8217;na \u00e7elenk sunma t\u00f6renine kat\u0131ld\u0131. Cumhuriyet Meydan\u0131&#8217;nda d\u00fczenlenen t\u00f6rene; Mersin Valisi Ali Hamza Pehlivan, Mersin B\u00fcy\u00fck\u015fehir Belediye Ba\u015fkan\u0131 Vahap Se\u00e7er, Akdeniz B\u00f6lge ve Garnizon Komutan\u0131 Tu\u011famiral Murat F\u0131rat, Cumhuriyet Halk Partisi (CHP) Mersin Milletvekili G\u00fclcan K\u0131\u015f, siyasi [&hellip;]<\/p>\n","protected":false},"author":2,"featured_media":28470,"comment_status":"open","ping_status":"open","sticky":false,"template":"","format":"standard","meta":{"footnotes":""},"categories":[2,3,5],"tags":[],"class_list":["post-28469","post","type-post","status-publish","format-standard","has-post-thumbnail","hentry","category-gundem","category-manset","category-mersin"],"views":4,"_links":{"self":[{"href":"https:\/\/mersinkadingazetesi.com\/index.php?rest_route=\/wp\/v2\/posts\/28469"}],"collection":[{"href":"https:\/\/mersinkadingazetesi.com\/index.php?rest_route=\/wp\/v2\/posts"}],"about":[{"href":"https:\/\/mersinkadingazetesi.com\/index.php?rest_route=\/wp\/v2\/types\/post"}],"author":[{"embeddable":true,"href":"https:\/\/mersinkadingazetesi.com\/index.php?rest_route=\/wp\/v2\/users\/2"}],"replies":[{"embeddable":true,"href":"https:\/\/mersinkadingazetesi.com\/index.php?rest_route=%2Fwp%2Fv2%2Fcomments&post=28469"}],"version-history":[{"count":0,"href":"https:\/\/mersinkadingazetesi.com\/index.php?rest_route=\/wp\/v2\/posts\/28469\/revisions"}],"wp:featuredmedia":[{"embeddable":true,"href":"https:\/\/mersinkadingazetesi.com\/index.php?rest_route=\/wp\/v2\/media\/28470"}],"wp:attachment":[{"href":"https:\/\/mersinkadingazetesi.com\/index.php?rest_route=%2Fwp%2Fv2%2Fmedia&parent=28469"}],"wp:term":[{"taxonomy":"category","embeddable":true,"href":"https:\/\/mersinkadingazetesi.com\/index.php?rest_route=%2Fwp%2Fv2%2Fcategories&post=28469"},{"taxonomy":"post_tag","embeddable":true,"href":"https:\/\/mersinkadingazetesi.com\/index.php?rest_route=%2Fwp%2Fv2%2Ftags&post=28469"}],"curies":[{"name":"wp","href":"https:\/\/api.w.org\/{rel}","templated":true}]}}