{"id":28472,"date":"2023-10-28T21:58:03","date_gmt":"2023-10-28T18:58:03","guid":{"rendered":"http:\/\/mersinkadingazetesi.com\/?p=28472"},"modified":"2023-10-28T21:58:03","modified_gmt":"2023-10-28T18:58:03","slug":"bayrak-dagitan-baskan-gultak-mersinlileri-cumhuriyet-kutlamasina-davet-etti","status":"publish","type":"post","link":"https:\/\/mersinkadingazetesi.com\/?p=28472","title":{"rendered":"BAYRAK DA\u011eITAN BA\u015eKAN G\u00dcLTAK, MERS\u0130NL\u0130LER\u0130 CUMHUR\u0130YET KUTLAMASINA DAVET ETT\u0130"},"content":{"rendered":"<p>Akdeniz Belediye Ba\u015fkan\u0131 M. Mustafa G\u00fcltak, 29 Ekim Cumhuriyet Bayram\u0131 dolay\u0131s\u0131yla kent merkezinde d\u00fczenlenen bayrak da\u011f\u0131t\u0131m\u0131na kat\u0131larak, yar\u0131n kitlesel ve co\u015fku dolu bir kat\u0131l\u0131mla ger\u00e7ekle\u015fecek olan \u2018Cumhuriyet Bayram\u0131 Kutlama T\u00f6reni\u2019ne Mersinlileri davet etti.<br \/>\nAkdeniz Belediyesi ile Akdeniz \u0130l\u00e7e Milli E\u011fitim M\u00fcd\u00fcrl\u00fc\u011f\u00fc i\u015fbirli\u011finde, 29 Ekim 2023 Pazar g\u00fcn\u00fc saat 15:00\u2019te Mersin Millet Bah\u00e7esi eski stadyum etab\u0131nda, Cumhuriyetin Kurulu\u015funun 100\u2019\u00fcnc\u00fc Y\u0131l\u0131 ve 29 Ekim Cumhuriyet Bayram\u0131\u2019 dolay\u0131s\u0131yla kitlesel bir t\u00f6ren d\u00fczenlenecek. Bu kapsamda kent merkezinde binlerce bayrak da\u011f\u0131t\u0131larak, yar\u0131n Millet Bah\u00e7esi\u2019nde ger\u00e7ekle\u015fecek kutlamaya Mersinliler davet edildi.<br \/>\nBa\u015fkan G\u00fcltak\u2019tan kutlamaya davet\u2026<br \/>\nKentin insan ve esnaf kalabal\u0131\u011f\u0131 a\u00e7\u0131s\u0131ndan en yo\u011fun b\u00f6lgelerinden birisi olan Kuvai Milliye Caddesi\u2019nde (Hastane Caddesi) yap\u0131lan bayrak da\u011f\u0131t\u0131m\u0131na kat\u0131lan Akdeniz Belediye Ba\u015fkan\u0131 G\u00fcltak; \u201cRengini, bu topraklar\u0131 bizlere vatan yapmak i\u00e7in can\u0131n\u0131 veren aziz \u015fehitlerimizin ve kahraman gazilerimizin kan\u0131ndan alan T\u00fcrk Bayra\u011f\u0131m\u0131z\u0131 vatanda\u015flar\u0131m\u0131za da\u011f\u0131tt\u0131k. B\u00fct\u00fcn Mersinlileri, ellerinde bayra\u011f\u0131m\u0131zla birlikte Millet Bah\u00e7esi\u2019nde yar\u0131n d\u00fczenleyece\u011fimiz kutlamaya bekliyoruz. T\u00fcm T\u00fcrkiye\u2019mizin ve milletimizin 29 Ekim Cumhuriyet Bayram\u0131 ile Cumhuriyetimizin 100\u2019\u00fcnc\u00fc y\u0131l\u0131 kutlu olsun\u201d dedi.<br \/>\nBayrak da\u011f\u0131t\u0131m\u0131 esnas\u0131nda esnafla sohbet ederek hal hat\u0131r soran, bu s\u0131rada \u00f6zellikle gen\u00e7ler ile kad\u0131nlar\u0131n yo\u011fun ilgi ve sevgisi ile kar\u015f\u0131la\u015fan Ba\u015fkan G\u00fcltak, onlar\u0131 k\u0131rmay\u0131p birlikte bol bol hat\u0131ra foto\u011fraflar\u0131 da \u00e7ektirdi.<\/p>\n","protected":false},"excerpt":{"rendered":"<p>Akdeniz Belediye Ba\u015fkan\u0131 M. Mustafa G\u00fcltak, 29 Ekim Cumhuriyet Bayram\u0131 dolay\u0131s\u0131yla kent merkezinde d\u00fczenlenen bayrak da\u011f\u0131t\u0131m\u0131na kat\u0131larak, yar\u0131n kitlesel ve co\u015fku dolu bir kat\u0131l\u0131mla ger\u00e7ekle\u015fecek olan \u2018Cumhuriyet Bayram\u0131 Kutlama T\u00f6reni\u2019ne Mersinlileri davet etti. Akdeniz Belediyesi ile Akdeniz \u0130l\u00e7e Milli E\u011fitim M\u00fcd\u00fcrl\u00fc\u011f\u00fc i\u015fbirli\u011finde, 29 Ekim 2023 Pazar g\u00fcn\u00fc saat 15:00\u2019te Mersin Millet Bah\u00e7esi eski stadyum etab\u0131nda, [&hellip;]<\/p>\n","protected":false},"author":2,"featured_media":28473,"comment_status":"open","ping_status":"open","sticky":false,"template":"","format":"standard","meta":{"footnotes":""},"categories":[2,3,5],"tags":[],"class_list":["post-28472","post","type-post","status-publish","format-standard","has-post-thumbnail","hentry","category-gundem","category-manset","category-mersin"],"views":38,"_links":{"self":[{"href":"https:\/\/mersinkadingazetesi.com\/index.php?rest_route=\/wp\/v2\/posts\/28472"}],"collection":[{"href":"https:\/\/mersinkadingazetesi.com\/index.php?rest_route=\/wp\/v2\/posts"}],"about":[{"href":"https:\/\/mersinkadingazetesi.com\/index.php?rest_route=\/wp\/v2\/types\/post"}],"author":[{"embeddable":true,"href":"https:\/\/mersinkadingazetesi.com\/index.php?rest_route=\/wp\/v2\/users\/2"}],"replies":[{"embeddable":true,"href":"https:\/\/mersinkadingazetesi.com\/index.php?rest_route=%2Fwp%2Fv2%2Fcomments&post=28472"}],"version-history":[{"count":0,"href":"https:\/\/mersinkadingazetesi.com\/index.php?rest_route=\/wp\/v2\/posts\/28472\/revisions"}],"wp:featuredmedia":[{"embeddable":true,"href":"https:\/\/mersinkadingazetesi.com\/index.php?rest_route=\/wp\/v2\/media\/28473"}],"wp:attachment":[{"href":"https:\/\/mersinkadingazetesi.com\/index.php?rest_route=%2Fwp%2Fv2%2Fmedia&parent=28472"}],"wp:term":[{"taxonomy":"category","embeddable":true,"href":"https:\/\/mersinkadingazetesi.com\/index.php?rest_route=%2Fwp%2Fv2%2Fcategories&post=28472"},{"taxonomy":"post_tag","embeddable":true,"href":"https:\/\/mersinkadingazetesi.com\/index.php?rest_route=%2Fwp%2Fv2%2Ftags&post=28472"}],"curies":[{"name":"wp","href":"https:\/\/api.w.org\/{rel}","templated":true}]}}