{"id":28486,"date":"2023-10-30T14:54:52","date_gmt":"2023-10-30T11:54:52","guid":{"rendered":"http:\/\/mersinkadingazetesi.com\/?p=28486"},"modified":"2023-10-30T14:54:52","modified_gmt":"2023-10-30T11:54:52","slug":"cumhuriyetin-yuzuncu-yilinda-buyuksehirden-bir-ilk-cocuk-meclisi-hayata-gecirildi","status":"publish","type":"post","link":"https:\/\/mersinkadingazetesi.com\/?p=28486","title":{"rendered":"CUMHUR\u0130YET&#8217;\u0130N Y\u00dcZ\u00dcNC\u00dc YILINDA B\u00dcY\u00dcK\u015eEH\u0130R&#8217;DEN B\u0130R \u0130LK: \u00c7OCUK MECL\u0130S\u0130 HAYATA GE\u00c7\u0130R\u0130LD\u0130"},"content":{"rendered":"<p>Mersin B\u00fcy\u00fck\u015fehir Belediyesi, &#8216;Cumhuriyet&#8217;in \u0131\u015f\u0131\u011f\u0131 100&#8217;\u00fcm\u00fczde&#8217; diyerek, bir asr\u0131 dolduran Cumhuriyet y\u00fczy\u0131l\u0131nda bir ilke daha imza atarak \u00c7ocuk Meclisi&#8217;ni hayata ge\u00e7irdi. \u00c7ocuk dostu belediye anlay\u0131\u015f\u0131 ile \u00e7ocuklar\u0131nda kent y\u00f6netiminde s\u00f6z sahibi olabilmesi ve kentle ilgili sorunlar\u0131n \u00e7\u00f6z\u00fcm\u00fcnde aktif rol almas\u0131 i\u00e7in Kad\u0131n ve Aile Hizmetleri Dairesi Ba\u015fkanl\u0131\u011f\u0131 b\u00fcnyesinde hayata ge\u00e7irdi\u011fi proje \u00c7ocuk Meclisi, ilk \u00fcyelerini se\u00e7ti.<\/p>\n<p>Meclis&#8217;te &#8216;Biz de var\u0131z&#8217; diyebilmek i\u00e7in 13 il\u00e7ede kurulan sand\u0131klarda \u00e7ocuklar, e\u015f zamanl\u0131 olarak oy kulland\u0131. Merkezde; Akdeniz, Toroslar, Yeni\u015fehir, Mezitli i\u00e7in \u00e7ocuklar, Kongre ve Sergi Saray\u0131 bah\u00e7esinde oy kulland\u0131. Meclis \u00fcyeli\u011fi se\u00e7imi kapsam\u0131nda 9-14 ya\u015f aras\u0131 t\u00fcm \u00e7ocuklar\u0131n ba\u015fvurdu\u011fu mecliste, toplam 225 ba\u015fvuru aras\u0131ndan 151 \u00e7ocuk oy kulland\u0131. Oy kullanan 138 \u00e7ocu\u011fun oyu ge\u00e7erli say\u0131l\u0131rken, 13 \u00e7ocu\u011fun oyu ise, baz\u0131 kriterleri ta\u015f\u0131mamas\u0131ndan dolay\u0131 ge\u00e7ersiz say\u0131ld\u0131.<\/p>\n<p>60 asil 60 yedek \u00fcyelerin aras\u0131ndan 120 \u00e7ocu\u011fun se\u00e7ildi\u011fi meclisin 60 asil \u00fcyesi 31&#8217;i erkek 29 k\u0131z \u00e7ocu\u011fundan olu\u015ftu. 4 \u00f6zel gereksinimli bireyin yer ald\u0131\u011f\u0131 meclise 60 yedek \u00fcye ise, asil \u00fcyelerin d\u0131\u015f\u0131nda kalan mecliste en y\u00fcksek oy alma oran\u0131na sahip \u00e7ocuklar aras\u0131ndan belirlenerek se\u00e7ilecek. 11 Kas\u0131m Cumartesi g\u00fcn\u00fc ilk oturumunu ger\u00e7ekle\u015ftirecek olan Mecliste \u00e7ocuklar, Ba\u015fkanl\u0131k se\u00e7imi i\u00e7in yar\u0131\u015facak. Meclis komisyonlar\u0131 da \u00fcye se\u00e7imleri ile ayn\u0131 g\u00fcn belirlenecek.<\/p>\n<p>Dokucu: &#8220;Kad\u0131n ve Aile Hizmetleri Dairesi&#8217;nin en g\u00fczel \u00e7al\u0131\u015fmalar\u0131ndan birisi oldu&#8221;<\/p>\n<p>Mersin B\u00fcy\u00fck\u015fehir Belediyesi Kad\u0131n ve Aile Hizmetleri Dairesi Ba\u015fkan\u0131 \u015eerife Haso\u011flu Dokucu, \u00c7ocuk Meclisi \u00fcyelerinin se\u00e7melerinin tamamland\u0131\u011f\u0131n\u0131 ifade ederek, &#8220;\u00c7ok mutluyuz. Kad\u0131n ve Aile Hizmetleri Dairesi&#8217;nin en g\u00fczel \u00e7al\u0131\u015fmalar\u0131ndan birisi diyebilirim. Heyecanl\u0131y\u0131z. \u00c7ocuklar kadar heyecanl\u0131y\u0131z. Ailelerimiz de \u015fimdiye kadar bizimle beklediler. Say\u0131mlar\u0131m\u0131z\u0131 sonu\u00e7land\u0131rd\u0131k. Atat\u00fcrk Cumhuriyetine yak\u0131\u015f\u0131r sorumlulukta bir Meclis \u00e7al\u0131\u015fmas\u0131 y\u00fcr\u00fcteceklerini \u00e7ocuklar\u0131m\u0131z\u0131n g\u00f6zlerinden okuyabiliyorum.  \u00c7ok mutluyum.&#8221; ifadelerini kulland\u0131.<\/p>\n<p>Meclis \u00fcyeli\u011fi se\u00e7imleriyle ilgili bilgi aktaran Dokucu, &#8220;Meclis \u00fcyelerinin say\u0131s\u0131 belirlenirken haz\u0131rlad\u0131\u011f\u0131m\u0131z y\u00f6netmeli\u011fe g\u00f6re; y\u00fczde 50 k\u0131z \u00e7ocu\u011fu y\u00fczde 50 erkek \u00e7ocu\u011fu olacak \u015fekilde \u00f6zel \u00e7ocuklar\u0131m\u0131z\u0131n da mutlaka Mecliste olmas\u0131 i\u00e7in, minimum 4 \u00e7ocu\u011fumuz olacak \u015fekilde kontenjan\u0131m\u0131z vard\u0131. Bunlar\u0131n tamam\u0131 ger\u00e7ekle\u015fti. 31&#8217;i erkek, 29&#8217;u k\u0131z \u00e7ocu\u011fu olan meclis \u00fcyelerimiz var. S\u0131rada, benim \u00e7ocuklardan anlad\u0131\u011f\u0131m kadar\u0131yla hizmet patlamas\u0131 bekliyoruz&#8221; \u015feklinde konu\u015ftu.<\/p>\n<p>Dokucu, \u00f6n\u00fcm\u00fczdeki g\u00fcnlerde Meclis toplant\u0131s\u0131 ger\u00e7ekle\u015ftireceklerini ve \u00e7ocuklar\u0131n Ba\u015fkanl\u0131k se\u00e7imi i\u00e7in oy kullanaca\u011f\u0131n\u0131 ve Mazbata t\u00f6reni yapacaklar\u0131n\u0131 kaydetti.<\/p>\n<p>\u00c7ocuklar hem birbirilerini tan\u0131d\u0131 hem de projelerini anlatt\u0131<\/p>\n<p>Meclis \u00fcyeli\u011fi se\u00e7imlerine Toroslar&#8217;dan kat\u0131lan Efe Tendik, \u00c7ocuk Meclisi&#8217;ni aile \u00fcyelerine gelen mesajlardan \u00f6\u011frendi\u011fini ve bu konunun ilgisini \u00e7ekti\u011fini ifade ederek, &#8220;\u00c7ocuklar\u0131n b\u00f6ylesine \u00f6nemsendi\u011fi bir etkinlik beni \u00e7ok mutlu etti. Bu y\u00fczden en k\u0131sa s\u00fcrede projelerimi, vaatlerimi haz\u0131rlay\u0131p \u00e7ocuk meclisine ba\u015fvurumu yapt\u0131rd\u0131m. Projelerim aras\u0131nda en \u00e7ok \u00fczerinde durdu\u011fum konu \u015fehrimizdeki spor tesislerinde daha fazla a\u00e7\u0131lmas\u0131 i\u00e7in gayret g\u00f6sterece\u011fim. Bir ba\u015fka projem ise, \u00e7al\u0131\u015fan anneler i\u00e7in evde tek kalan \u00e7ocuklar\u0131m\u0131za belediyemizle i\u015fbirli\u011fi i\u00e7erisinde \u00e7ocuklar\u0131m\u0131z\u0131n ihtiya\u00e7lar\u0131n\u0131 kar\u015f\u0131lamak. Son olarak da, gen\u00e7lerin al\u0131\u015fveri\u015f yapabilece\u011fi, gen\u00e7lere \u00f6zel, kendi ellerindeki \u00fcr\u00fcnleri al\u0131p verebilece\u011fi bir pazar kurmak&#8221; diye konu\u015ftu.<\/p>\n<p>Meclis \u00fcyeli\u011fi i\u00e7in se\u00e7imlere Yeni\u015fehir il\u00e7esinden kat\u0131lan Mehmet Kaan \u00c7avu\u015fo\u011flu ise, projelerinden birinin komplike bir spor kompleksi olu\u015fturmak oldu\u011funu belirterek, &#8220;\u0130\u00e7erisinde e\u011fitim, gastronomi, spor ve di\u011fer her \u015feyin oldu\u011fu bir kompleks yapt\u0131raca\u011f\u0131m. O kompleksin i\u00e7inde dans kursu, satran\u00e7 kursu gibi kurslar a\u00e7t\u0131raca\u011f\u0131m&#8221; dedi. \u00c7avu\u015fo\u011flu, B\u00fcy\u00fck\u015fehir Belediyesi&#8217;nin \u00c7ocuk Meclisi projesini \u00e7ok g\u00fczel buldu\u011funu ifade ederek, &#8220;\u00d6ncelikle Mersin B\u00fcy\u00fck\u015fehir Belediye Ba\u015fkan\u0131 Vahap Se\u00e7er&#8217; e te\u015fekk\u00fcrlerimi iletmek istiyorum. Bize de konu\u015fma hakk\u0131 verdi\u011fi ve Mecliste bizlere de yer ay\u0131rd\u0131\u011f\u0131 i\u00e7in \u00e7ok te\u015fekk\u00fcr ediyorum&#8221; diye konu\u015ftu.<\/p>\n<p>Furkan Eymen Y\u0131ld\u0131z\u00e7elik de, projelerinin aras\u0131nda her \u00e7ocu\u011fun bir m\u00fczik aleti \u00e7almas\u0131 ve en az bir yabanc\u0131 dil konu\u015fmas\u0131 oldu\u011funu dile getirirken, &#8220;\u00c7ocuklar olunca sokaklar\u0131n zevki oluyor. \u00c7ocuklar olmazsa hayat olmaz gibi geliyor bana. Engelli arkada\u015flar\u0131m i\u00e7in art\u0131k engeller olmamal\u0131. Engelli bireyler i\u00e7in daha \u00e7ok tutunma barlar\u0131 yap\u0131lmal\u0131. Ayr\u0131ca geri d\u00f6n\u00fc\u015f\u00fcmle ilgili de B\u00fcy\u00fck\u015fehir Belediyesi&#8217;nin uygun g\u00f6rd\u00fc\u011f\u00fc hediyeler verilebilir&#8221; dedi.<\/p>\n<p>12 ya\u015f\u0131ndaki Ay\u015fe Berrak Albayrak da, k\u0131rsal kesimde ya\u015fayan \u00e7ocuklar\u0131n \u00e7ok fazla sosyalle\u015fme imkan\u0131 bulmamas\u0131yla ilgili projeler \u00fcretmek istedi\u011finden bahsederek, &#8220;Ara tatil gibi zamanlarda Mersin&#8217;de etkinlikler d\u00fczenleyip onlar\u0131 buraya getirmek istiyorum. Cep telefonu, sosyal medya kullan\u0131m\u0131 ile ilgili de seminerler d\u00fczenlemek istiyorum. \u00c7\u00fcnk\u00fc, hayat\u0131m\u0131z\u0131n bir\u00e7ok alan\u0131nda kulland\u0131\u011f\u0131m\u0131z internetin bizim i\u00e7in tehlikeli sonu\u00e7lar\u0131 olabiliyor. B\u00fcy\u00fck\u015fehir Belediye Ba\u015fkan\u0131m\u0131z Vahap Se\u00e7er&#8217; e \u00e7ok te\u015fekk\u00fcr ediyorum. \u00c7\u00fcnk\u00fc Mersin&#8217;i \u00e7ocuklar\u0131n da istedi\u011fi \u015fekilde in\u015fa ediyor ve bu beni \u00e7ok mutlu ediyor. \u00c7ocuklar\u0131n da s\u00f6z hakk\u0131 olmas\u0131 bence \u00e7ok g\u00fczel bir \u015fey&#8221; \u015feklinde konu\u015ftu.<\/p>\n<p>\u00c7ocuklardan Beren \u00d6zmen&#8217; de se\u00e7imlerde hep oy kullanmak istedi\u011fini ve ilk kez oy kullanma deneyimini ya\u015fad\u0131\u011f\u0131 i\u00e7in mutlu oldu\u011funu belirtti. \u00d6zmen di\u011fer \u015fehirlerde yap\u0131lan \u00c7ocuk Meclislerini de takip etti\u011fini s\u00f6yleyerek, &#8220;\u00c7ocuklara y\u00f6nelik aktivitelerin daha da artt\u0131r\u0131lmas\u0131 gerekti\u011fini d\u00fc\u015f\u00fcn\u00fcyorum. \u00c7ocuklar\u0131n mutlu olmas\u0131n\u0131 istiyorum&#8221; derken, karde\u015fi Ekin Su \u00d6zmen, &#8220;Ye\u015fil alanlara daha fazla de\u011fer verilmesini ve korunmas\u0131n\u0131 istiyorum. Ye\u015fil alanlar kesilip daha fazla betonla\u015fmaya gidiliyor. \u00c7ocuklara daha fazla de\u011fer verilmesini istiyorum&#8221; dedi.<\/p>\n","protected":false},"excerpt":{"rendered":"<p>Mersin B\u00fcy\u00fck\u015fehir Belediyesi, &#8216;Cumhuriyet&#8217;in \u0131\u015f\u0131\u011f\u0131 100&#8217;\u00fcm\u00fczde&#8217; diyerek, bir asr\u0131 dolduran Cumhuriyet y\u00fczy\u0131l\u0131nda bir ilke daha imza atarak \u00c7ocuk Meclisi&#8217;ni hayata ge\u00e7irdi. \u00c7ocuk dostu belediye anlay\u0131\u015f\u0131 ile \u00e7ocuklar\u0131nda kent y\u00f6netiminde s\u00f6z sahibi olabilmesi ve kentle ilgili sorunlar\u0131n \u00e7\u00f6z\u00fcm\u00fcnde aktif rol almas\u0131 i\u00e7in Kad\u0131n ve Aile Hizmetleri Dairesi Ba\u015fkanl\u0131\u011f\u0131 b\u00fcnyesinde hayata ge\u00e7irdi\u011fi proje \u00c7ocuk Meclisi, ilk \u00fcyelerini [&hellip;]<\/p>\n","protected":false},"author":2,"featured_media":28487,"comment_status":"open","ping_status":"open","sticky":false,"template":"","format":"standard","meta":{"footnotes":""},"categories":[1,2,3],"tags":[],"class_list":["post-28486","post","type-post","status-publish","format-standard","has-post-thumbnail","hentry","category-genel","category-gundem","category-manset"],"views":2,"_links":{"self":[{"href":"https:\/\/mersinkadingazetesi.com\/index.php?rest_route=\/wp\/v2\/posts\/28486"}],"collection":[{"href":"https:\/\/mersinkadingazetesi.com\/index.php?rest_route=\/wp\/v2\/posts"}],"about":[{"href":"https:\/\/mersinkadingazetesi.com\/index.php?rest_route=\/wp\/v2\/types\/post"}],"author":[{"embeddable":true,"href":"https:\/\/mersinkadingazetesi.com\/index.php?rest_route=\/wp\/v2\/users\/2"}],"replies":[{"embeddable":true,"href":"https:\/\/mersinkadingazetesi.com\/index.php?rest_route=%2Fwp%2Fv2%2Fcomments&post=28486"}],"version-history":[{"count":0,"href":"https:\/\/mersinkadingazetesi.com\/index.php?rest_route=\/wp\/v2\/posts\/28486\/revisions"}],"wp:featuredmedia":[{"embeddable":true,"href":"https:\/\/mersinkadingazetesi.com\/index.php?rest_route=\/wp\/v2\/media\/28487"}],"wp:attachment":[{"href":"https:\/\/mersinkadingazetesi.com\/index.php?rest_route=%2Fwp%2Fv2%2Fmedia&parent=28486"}],"wp:term":[{"taxonomy":"category","embeddable":true,"href":"https:\/\/mersinkadingazetesi.com\/index.php?rest_route=%2Fwp%2Fv2%2Fcategories&post=28486"},{"taxonomy":"post_tag","embeddable":true,"href":"https:\/\/mersinkadingazetesi.com\/index.php?rest_route=%2Fwp%2Fv2%2Ftags&post=28486"}],"curies":[{"name":"wp","href":"https:\/\/api.w.org\/{rel}","templated":true}]}}