{"id":28549,"date":"2023-11-02T13:19:36","date_gmt":"2023-11-02T10:19:36","guid":{"rendered":"http:\/\/mersinkadingazetesi.com\/?p=28549"},"modified":"2023-11-02T13:19:36","modified_gmt":"2023-11-02T10:19:36","slug":"cumhuriyet-coskusu-mersinde-sanatla-bulustu","status":"publish","type":"post","link":"https:\/\/mersinkadingazetesi.com\/?p=28549","title":{"rendered":"CUMHUR\u0130YET CO\u015eKUSU MERS\u0130N&#8217;DE SANATLA BULU\u015eTU"},"content":{"rendered":"<p>Mersin B\u00fcy\u00fck\u015fehir Belediyesi, Cumhuriyet&#8217;in 100. y\u0131l\u0131na \u00f6zel \u00f6d\u00fcll\u00fc foto\u011fraf yar\u0131\u015fmas\u0131 d\u00fczenledi. &#8216;Liseli Gen\u00e7lerin G\u00f6z\u00fcnden Mersin&#8217; mottosuyla d\u00fczenlenen yar\u0131\u015fmada dereceye girenlere &#8216;Cumhuriyet \u00d6zel \u00d6d\u00fcl\u00fc&#8217; ile &#8216;Mansiyon \u00d6d\u00fclleri&#8217; verildi.<\/p>\n<p>K\u00fclt\u00fcr ve Sosyal \u0130\u015fler Dairesi Ba\u015fkanl\u0131\u011f\u0131 b\u00fcnyesinde, Mersin&#8217;e De\u011fer Katanlar Kurulu&#8217;nun (MEDEKA) katk\u0131lar\u0131yla d\u00fczenlenen yar\u0131\u015fmaya, lise \u00f6\u011frencileri kat\u0131ld\u0131. Gen\u00e7ler, Cumhuriyet&#8217;in 100. y\u0131l\u0131nda Mersin&#8217;i foto\u011fraflarla anlatt\u0131. Birinciye 15 bin TL de\u011ferinde dijital foto\u011fraf makinesi, ikinciye 10 bin TL de\u011ferinde dijital kompakt foto\u011fraf makinesi, \u00fc\u00e7\u00fcnc\u00fcye 7 bin 500 TL de\u011ferinde polaroid mini foto\u011fraf makinesi ve 10&#8217;lu film verildi. Yar\u0131\u015fmada ayr\u0131ca &#8216;Cumhuriyet \u00d6zel \u00d6d\u00fcl\u00fc&#8217; kapsam\u0131nda 7 bin 500 TL de\u011ferinde teknolojik market al\u0131\u015fveri\u015f \u00e7ekinin yan\u0131 s\u0131ra, &#8216;Mansiyon \u00d6d\u00fcl\u00fc&#8217; kapsam\u0131nda 3 adet 3 bin 500 TL de\u011ferinde teknolojik market al\u0131\u015fveri\u015f \u00e7eki verildi.<\/p>\n<p>G\u00f6kayaz: &#8220;Biz bu t\u00fcr \u00e7al\u0131\u015fmalar\u0131 geleneksel hale getirmek istiyoruz&#8221;<\/p>\n<p>Birinci olan lise \u00f6\u011frencisi Emrullah Ak\u00e7al&#8217;a \u00f6d\u00fcl\u00fcn\u00fc takdim eden Mersin B\u00fcy\u00fck\u015fehir Belediyesi Genel Sekreter Yard\u0131mc\u0131s\u0131 Serdal G\u00f6kayaz, Cumhuriyet&#8217;in 100. y\u0131l\u0131nda d\u00fczenlenen yar\u0131\u015fmada \u00f6d\u00fcl alan b\u00fct\u00fcn yar\u0131\u015fmac\u0131lar\u0131 tebrik etti. Gen\u00e7lerin g\u00f6z\u00fcnden Mersin&#8217;in nas\u0131l g\u00f6r\u00fcnd\u00fc\u011f\u00fcn\u00fc bilmek istediklerini kaydeden G\u00f6kayaz, &#8220;Mersin B\u00fcy\u00fck\u015fehir Belediyesi olarak Cumhuriyetimizin 100. y\u0131l\u0131n\u0131 kutluyor olmaktan b\u00fcy\u00fck bir mutluluk ve gurur duyuyoruz. Bundan sonraki s\u00fcre\u00e7lerde de gen\u00e7lerimizin ba\u015far\u0131s\u0131yla dolu nice 100 y\u0131llar diliyorum&#8221; s\u00f6zlerine yer verdi.<\/p>\n<p>Cumhuriyet&#8217;in 100. y\u0131l\u0131na \u00f6zel olan bu yar\u0131\u015fmay\u0131 ka\u00e7\u0131ran gen\u00e7lerin \u00fcz\u00fclmemesini belirten G\u00f6kayaz, &#8220;Biz bu \u00e7al\u0131\u015fmalar\u0131m\u0131z\u0131 art\u0131k geleneksel hale getirmek istiyoruz. T\u00fcm gen\u00e7lerimizin, t\u00fcm vatanda\u015flar\u0131m\u0131z\u0131n bu yar\u0131\u015fmalara kat\u0131l\u0131m sa\u011flamalar\u0131n\u0131 can\u0131 g\u00f6n\u00fclden istiyoruz&#8221; diye konu\u015ftu.<\/p>\n<p>\u00d6zd\u00fclger: &#8220;Hepsini ayr\u0131 ayr\u0131 kutluyorum, gurur duyuyorum&#8221;<\/p>\n<p>Gen\u00e7lere b\u00f6yle bir f\u0131rsat verdikleri ve beraber olabildikleri i\u00e7in b\u00fcy\u00fck bir gurur ve mutluluk duyduklar\u0131n\u0131 kaydeden K\u00fclt\u00fcr ve Sosyal \u0130\u015fler Dairesi Ba\u015fkanl\u0131\u011f\u0131 Koordinat\u00f6r\u00fc ve Opera Sanat\u00e7\u0131s\u0131 Bengi \u0130spir \u00d6zd\u00fclger, &#8220;Gen\u00e7lerimize \u00e7ok k\u0131ymet veriyor ve \u00f6nemsiyoruz. 100. y\u0131l\u0131m\u0131z i\u00e7in bu y\u0131l yapt\u0131\u011f\u0131m\u0131z yar\u0131\u015fmada, onlar\u0131n g\u00f6z\u00fcyle g\u00f6rmek istedi\u011fimiz ve onlar\u0131n yeni yeteneklerinin ke\u015ffedilmesini sa\u011flamak, yeni yollar\u0131nda belki foto\u011fraf sanat\u0131 \u00fczerine yolculuklar\u0131n\u0131 s\u00fcrd\u00fcrmelerine de vesile olmak istedik. Tabi bu y\u0131l Cumhuriyetimizin 100. y\u0131l\u0131n\u0131 kutluyoruz. Bu b\u00fcy\u00fck mutlulu\u011fun ve gururun i\u00e7erisinde olmak ve gelece\u011fimizin \u00fcmidi olan gen\u00e7lerimizle bu yar\u0131\u015fman\u0131n d\u00fczenlenmi\u015f olmas\u0131ndan ayr\u0131 bir mutluluk duyuyoruz. Hepsini ayr\u0131 ayr\u0131 kutluyor, gurur duyuyorum&#8221; dedi.<\/p>\n<p>Mersin&#8217;e De\u011fer Katanlar (MEDEKA) Foto\u011fraf Kurulu&#8217;nun yar\u0131\u015fmay\u0131 olu\u015fturdu\u011funu kaydeden \u00d6zd\u00fclger, &#8220;Ge\u00e7en y\u0131l yine MEDEKA Foto\u011fraf Kurulumuzla, &#8216;Pandemide Neler \u00c7ektik&#8217; konulu foto\u011fraf yar\u0131\u015fmas\u0131 d\u00fczenlemi\u015ftik. Bu y\u0131l da 100. y\u0131l\u0131m\u0131za ithaf ederek, gen\u00e7lerimizin g\u00f6z\u00fcyle Mersin&#8217;imizin foto\u011fraflar\u0131n\u0131 istedik. \u00c7\u00fcnk\u00fc Cumhuriyet&#8217;imizin ya\u015famas\u0131n\u0131 arzu ederken, gen\u00e7lerimize verdi\u011fimiz \u00fcmit ve onlardan beklentilerimiz \u00e7ok y\u00fcksek. Onlars\u0131z olmazd\u0131 bu yar\u0131\u015fma. O y\u00fczden \u00e7ok mutlu ve gururluyuz&#8221; diye konu\u015ftu.<\/p>\n<p>Ak\u00e7al: &#8220;G\u00fczel bir foto\u011fraf \u00e7ekebilmek i\u00e7in \u00e7ok \u00e7abalad\u0131m&#8221;<\/p>\n<p>K\u0131zkalesi&#8217;nde \u00e7ekti\u011fi foto\u011frafla birinci olan Yeni\u015fehir Proje \u0130mam Hatip Lisesi \u00f6\u011frencisi Emrullah Ak\u00e7al, &#8220;\u00c7ok heyecanl\u0131 ve sevin\u00e7liyim. Herkes ba\u015farabilir, herkes \u00e7aba g\u00f6sterip bir \u015fekilde ba\u015far\u0131s\u0131n\u0131 ortaya koyabilir. Ben de bundan sonra pes etmeyece\u011fim. \u00c7ok g\u00fczel foto\u011fraflar g\u00f6r\u00fcyorum. Herkes \u00e7ok g\u00fczel foto\u011fraf \u00e7ekmi\u015f, tebrik ediyorum&#8221; diye konu\u015ftu. Foto\u011fraf\u0131n\u0131n \u00f6yk\u00fcs\u00fcn\u00fc anlatan Ak\u00e7al, &#8220;Ben k\u00f6peklerden ve kedilerden korkar\u0131m ama k\u00fc\u00e7\u00fck bir \u00e7ocu\u011fun orada k\u00f6peklerle oynad\u0131\u011f\u0131n\u0131 g\u00f6rd\u00fcm. \u00c7ocuk benim ba\u015faramad\u0131\u011f\u0131m\u0131 ba\u015fard\u0131. G\u00fczel bir foto\u011fraf \u00e7ekebilmek i\u00e7in \u00e7ok \u00e7abalad\u0131m&#8221; dedi.<\/p>\n<p>Mut&#8217;un Yerk\u00f6pr\u00fc \u015eelalesi&#8217;nde \u00e7ekti\u011fi foto\u011fraf ile ikincilik \u00f6d\u00fcl\u00fcne lay\u0131k g\u00f6r\u00fclen 19 May\u0131s Anadolu Lisesi \u00f6\u011frencisi Sefa \u00c7\u00f6mez ise, kazand\u0131\u011f\u0131 i\u00e7in \u00e7ok mutlu oldu\u011funu kaydetti.<\/p>\n<p>\u00d6zen: &#8220;B\u00f6yle bir \u00f6d\u00fcl ald\u0131\u011f\u0131m i\u00e7in \u00e7ok mutluyum&#8221;<\/p>\n<p>Mersin Ticaret Merkezi foto\u011fraf\u0131yla \u00fc\u00e7\u00fcnc\u00fcl\u00fck \u00f6d\u00fcl\u00fcne lay\u0131k g\u00f6r\u00fclen 12. s\u0131n\u0131f \u00f6\u011frencisi Simge Nur \u00d6zen, &#8220;Foto\u011fraf yar\u0131\u015fmas\u0131n\u0131n konusu &#8216;Liselinin G\u00f6z\u00fcnden Mersin&#8217;di. O y\u00fczden Mersin&#8217;in simgelerinden birisi olan Metropol&#8217;\u00fc se\u00e7tim. B\u00f6yle bir \u00f6d\u00fcl ald\u0131\u011f\u0131m i\u00e7in \u00e7ok mutluyum&#8221; s\u00f6zlerine yer verdi.<\/p>\n<p>K\u0131zkalesi&#8217;nde \u00e7ekti\u011fi foto\u011frafla mansiyon \u00f6d\u00fcl\u00fcne lay\u0131k g\u00f6r\u00fclen Mahmut Arslan Anadolu Lisesi \u00f6\u011frencisi Abdullah K\u0131nal\u0131 ise &#8220;Heyecanl\u0131y\u0131m. Kendime g\u00fcvenerek \u00e7\u0131kt\u0131m buraya. 3 y\u0131ld\u0131r foto\u011fraf \u00e7ekiyorum. Bu foto\u011fraf\u0131 da K\u0131zkalesi&#8217;nde \u00e7ekmi\u015ftim. Foto\u011fraf\u0131n birinci olaca\u011f\u0131na inan\u0131yordum&#8221; diye konu\u015ftu.<\/p>\n","protected":false},"excerpt":{"rendered":"<p>Mersin B\u00fcy\u00fck\u015fehir Belediyesi, Cumhuriyet&#8217;in 100. y\u0131l\u0131na \u00f6zel \u00f6d\u00fcll\u00fc foto\u011fraf yar\u0131\u015fmas\u0131 d\u00fczenledi. &#8216;Liseli Gen\u00e7lerin G\u00f6z\u00fcnden Mersin&#8217; mottosuyla d\u00fczenlenen yar\u0131\u015fmada dereceye girenlere &#8216;Cumhuriyet \u00d6zel \u00d6d\u00fcl\u00fc&#8217; ile &#8216;Mansiyon \u00d6d\u00fclleri&#8217; verildi. K\u00fclt\u00fcr ve Sosyal \u0130\u015fler Dairesi Ba\u015fkanl\u0131\u011f\u0131 b\u00fcnyesinde, Mersin&#8217;e De\u011fer Katanlar Kurulu&#8217;nun (MEDEKA) katk\u0131lar\u0131yla d\u00fczenlenen yar\u0131\u015fmaya, lise \u00f6\u011frencileri kat\u0131ld\u0131. Gen\u00e7ler, Cumhuriyet&#8217;in 100. y\u0131l\u0131nda Mersin&#8217;i foto\u011fraflarla anlatt\u0131. Birinciye 15 bin [&hellip;]<\/p>\n","protected":false},"author":2,"featured_media":28550,"comment_status":"open","ping_status":"open","sticky":false,"template":"","format":"standard","meta":{"footnotes":""},"categories":[2,3],"tags":[],"class_list":["post-28549","post","type-post","status-publish","format-standard","has-post-thumbnail","hentry","category-gundem","category-manset"],"views":2,"_links":{"self":[{"href":"https:\/\/mersinkadingazetesi.com\/index.php?rest_route=\/wp\/v2\/posts\/28549"}],"collection":[{"href":"https:\/\/mersinkadingazetesi.com\/index.php?rest_route=\/wp\/v2\/posts"}],"about":[{"href":"https:\/\/mersinkadingazetesi.com\/index.php?rest_route=\/wp\/v2\/types\/post"}],"author":[{"embeddable":true,"href":"https:\/\/mersinkadingazetesi.com\/index.php?rest_route=\/wp\/v2\/users\/2"}],"replies":[{"embeddable":true,"href":"https:\/\/mersinkadingazetesi.com\/index.php?rest_route=%2Fwp%2Fv2%2Fcomments&post=28549"}],"version-history":[{"count":0,"href":"https:\/\/mersinkadingazetesi.com\/index.php?rest_route=\/wp\/v2\/posts\/28549\/revisions"}],"wp:featuredmedia":[{"embeddable":true,"href":"https:\/\/mersinkadingazetesi.com\/index.php?rest_route=\/wp\/v2\/media\/28550"}],"wp:attachment":[{"href":"https:\/\/mersinkadingazetesi.com\/index.php?rest_route=%2Fwp%2Fv2%2Fmedia&parent=28549"}],"wp:term":[{"taxonomy":"category","embeddable":true,"href":"https:\/\/mersinkadingazetesi.com\/index.php?rest_route=%2Fwp%2Fv2%2Fcategories&post=28549"},{"taxonomy":"post_tag","embeddable":true,"href":"https:\/\/mersinkadingazetesi.com\/index.php?rest_route=%2Fwp%2Fv2%2Ftags&post=28549"}],"curies":[{"name":"wp","href":"https:\/\/api.w.org\/{rel}","templated":true}]}}