{"id":28583,"date":"2023-11-03T13:28:59","date_gmt":"2023-11-03T10:28:59","guid":{"rendered":"http:\/\/mersinkadingazetesi.com\/?p=28583"},"modified":"2023-11-03T13:28:59","modified_gmt":"2023-11-03T10:28:59","slug":"baskan-secer-sakirpasa-alt-gecidinin-acilisina-katildi","status":"publish","type":"post","link":"https:\/\/mersinkadingazetesi.com\/?p=28583","title":{"rendered":"BA\u015eKAN SE\u00c7ER, &#8216;\u015eAK\u0130RPA\u015eA ALT GE\u00c7\u0130D\u0130&#8217;N\u0130N A\u00c7ILI\u015eINA KATILDI"},"content":{"rendered":"<p>Mersin B\u00fcy\u00fck\u015fehir Belediye Ba\u015fkan\u0131 Vahap Se\u00e7er, Adana B\u00fcy\u00fck\u015fehir Belediyesi taraf\u0131ndan yap\u0131m\u0131 tamamlanan &#8216;\u015eakirpa\u015fa Alt Ge\u00e7idi&#8217;nin a\u00e7\u0131l\u0131\u015f\u0131na kat\u0131ld\u0131.<\/p>\n<p>Se\u00e7er: &#8220;Mersin ve Adana karde\u015f \u015fehirler&#8221;<\/p>\n<p>\u015eakirpa\u015fa Kona\u011f\u0131 \u00f6n\u00fcnde ger\u00e7ekle\u015ftirilen a\u00e7\u0131l\u0131\u015fta konu\u015fan Ba\u015fkan Vahap Se\u00e7er, Mersin ve Adana&#8217;n\u0131n karde\u015f \u015fehir oldu\u011funa vurgu yaparak, &#8220;Mersin&#8217;de \u00e7ok say\u0131da Adanal\u0131 var. Bu nedenle Mersin B\u00fcy\u00fck\u015fehir Belediyesi olarak Adanal\u0131lara da hizmet etme f\u0131rsat\u0131 buluyoruz&#8221; dedi. Mezhep, me\u015frep, din, dil, \u0131rk ve siyasi g\u00f6r\u00fc\u015f fark etmezsin T\u00fcrkiye&#8217;deki herkesin tek y\u00fcrek ve karde\u015f oldu\u011funu s\u00f6yleyen Se\u00e7er, &#8220;Sadece T\u00fcrkiye i\u00e7in de\u011fil, d\u00fcnya i\u00e7in \u00f6nemli olan Mersin ve Adana B\u00fcy\u00fck\u015fehir Belediye Ba\u015fkanlar\u0131 olarak bu duyguyla hizmet ediyoruz. Onur ve \u015feref duydu\u011fumuz, izinden gitti\u011fimiz Gazi Mustafa Kemal Atat\u00fcrk&#8217;\u00fcn kurdu\u011fu Cumhuriyet Halk Partisi&#8217;nden se\u00e7iliyoruz ama herkese hizmet ediyoruz. Devlet kar\u015f\u0131s\u0131nda herkes e\u015fit yurtta\u015ft\u0131r, bu bilin\u00e7le hizmet ediyoruz&#8221; diye konu\u015ftu. Se\u00e7er, &#8220;Sevgili ba\u015fkan\u0131ma Adana&#8217;ya kazand\u0131rd\u0131klar\u0131ndan, bu kadar imk\u00e2ns\u0131zl\u0131klar\u0131 imk\u00e2na d\u00f6n\u00fc\u015ft\u00fcrd\u00fc\u011f\u00fcnden, gecesini g\u00fcnd\u00fcz\u00fcne katt\u0131\u011f\u0131ndan ve d\u00f6kt\u00fc\u011f\u00fc al\u0131n terinden dolay\u0131 te\u015fekk\u00fcr ediyorum&#8221; ifadelerini kullanarak a\u00e7\u0131l\u0131\u015f\u0131n Adanal\u0131lara hay\u0131rl\u0131 ve u\u011furlu olmas\u0131n\u0131 diledi.<\/p>\n<p>Karalar: &#8220;Mersin B\u00fcy\u00fck\u015fehir Belediye Ba\u015fkan\u0131m, T\u00fcrkiye&#8217;nin en ba\u015far\u0131l\u0131 belediye ba\u015fkanlar\u0131n\u0131n \u00f6n\u00fcnde gelir&#8221;<\/p>\n<p>Adana B\u00fcy\u00fck\u015fehir Belediye Ba\u015fkan\u0131 Zeydan Karalar, a\u00e7\u0131l\u0131\u015f t\u00f6renine kat\u0131lan Mersin B\u00fcy\u00fck\u015fehir Belediye Ba\u015fkan\u0131 Vahap Se\u00e7er&#8217;e seslenerek; &#8220;\u00c7ok de\u011ferli Mersin B\u00fcy\u00fck\u015fehir Belediye Ba\u015fkan\u0131m, sevgili karde\u015fim T\u00fcrkiye&#8217;nin en ba\u015far\u0131l\u0131 belediye ba\u015fkanlar\u0131n\u0131n \u00f6n\u00fcnde gelir. Onunla biz de gurur duyuyoruz&#8221; dedi.<\/p>\n<p>&#8220;Vahap Se\u00e7er 31 Mart 2024&#8217;te Mersin Belediye Ba\u015fkan\u0131, Zeydan Karalar da Adana&#8217;da Belediye Ba\u015fkan\u0131&#8221;<\/p>\n<p>Adana B\u00fcy\u00fck\u015fehir Belediyesi&#8217;nin b\u00fct\u00e7elerini iyi kulland\u0131\u011f\u0131ndan da s\u00f6z eden Karalar, &#8220;Her i\u015fte Adana B\u00fcy\u00fck\u015fehir Belediyesi ya da Mersin ya da bizim y\u00f6netti\u011fimiz belediyelerde \u00f6nceki d\u00f6nemden \u00e7ok daha uygun fiyatlarla i\u015f yap\u0131ld\u0131\u011f\u0131n\u0131 g\u00f6receksiniz. \u00c7\u00fcnk\u00fc bizim m\u00fcteahhitle bir anla\u015fmam\u0131z olmaz. Bizim taraf\u0131m\u0131z m\u00fcteahhit olmaz. Bizim taraf\u0131m\u0131z halkt\u0131r, sizlersiniz, sizin i\u00e7in \u00e7al\u0131\u015f\u0131r\u0131z. Sizin paran\u0131z\u0131 en iyi bi\u00e7imde de kullan\u0131r\u0131z&#8221; ifadelerine yer verdi. Adana&#8217;daki Cumhuriyet Bayram\u0131 co\u015fkusunu da hat\u0131rlatan Karalar, &#8220;B\u00fct\u00fcn T\u00fcrkiye&#8217;de Adana \u00f6rnek g\u00f6sterildi, Mersin de ayn\u0131s\u0131n\u0131 yapt\u0131. G\u00fcney b\u00f6yle zaten. G\u00fcney Atat\u00fcrk\u00e7\u00fc&#8217;d\u00fcr, Cumhuriyet\u00e7idir, laiktir, ilericidir, ayd\u0131nd\u0131r ve ayn\u0131 zamanda ho\u015fg\u00f6r\u00fcl\u00fcd\u00fcr&#8221; dedi. Karalar son olarak da konu\u015fmas\u0131n\u0131, &#8220;Vahap Se\u00e7er 31 Mart 2024&#8217;te Mersin Belediye Ba\u015fkan\u0131, Zeydan Karalar da Adana&#8217;da Belediye Ba\u015fkan\u0131 olacak&#8221; diye tamamlad\u0131.<\/p>\n<p>Konu\u015fmalar\u0131n ard\u0131ndan &#8216;\u015eakirpa\u015fa Alt Ge\u00e7idi&#8217;nin a\u00e7\u0131l\u0131\u015f\u0131 ve daha sonra da Sabahat Akkiraz konseri ger\u00e7ekle\u015ftirildi.<\/p>\n","protected":false},"excerpt":{"rendered":"<p>Mersin B\u00fcy\u00fck\u015fehir Belediye Ba\u015fkan\u0131 Vahap Se\u00e7er, Adana B\u00fcy\u00fck\u015fehir Belediyesi taraf\u0131ndan yap\u0131m\u0131 tamamlanan &#8216;\u015eakirpa\u015fa Alt Ge\u00e7idi&#8217;nin a\u00e7\u0131l\u0131\u015f\u0131na kat\u0131ld\u0131. Se\u00e7er: &#8220;Mersin ve Adana karde\u015f \u015fehirler&#8221; \u015eakirpa\u015fa Kona\u011f\u0131 \u00f6n\u00fcnde ger\u00e7ekle\u015ftirilen a\u00e7\u0131l\u0131\u015fta konu\u015fan Ba\u015fkan Vahap Se\u00e7er, Mersin ve Adana&#8217;n\u0131n karde\u015f \u015fehir oldu\u011funa vurgu yaparak, &#8220;Mersin&#8217;de \u00e7ok say\u0131da Adanal\u0131 var. Bu nedenle Mersin B\u00fcy\u00fck\u015fehir Belediyesi olarak Adanal\u0131lara da hizmet etme [&hellip;]<\/p>\n","protected":false},"author":2,"featured_media":28584,"comment_status":"open","ping_status":"open","sticky":false,"template":"","format":"standard","meta":{"footnotes":""},"categories":[3,6,11],"tags":[],"class_list":["post-28583","post","type-post","status-publish","format-standard","has-post-thumbnail","hentry","category-manset","category-siyaset-2","category-teknoloji"],"views":42,"_links":{"self":[{"href":"https:\/\/mersinkadingazetesi.com\/index.php?rest_route=\/wp\/v2\/posts\/28583"}],"collection":[{"href":"https:\/\/mersinkadingazetesi.com\/index.php?rest_route=\/wp\/v2\/posts"}],"about":[{"href":"https:\/\/mersinkadingazetesi.com\/index.php?rest_route=\/wp\/v2\/types\/post"}],"author":[{"embeddable":true,"href":"https:\/\/mersinkadingazetesi.com\/index.php?rest_route=\/wp\/v2\/users\/2"}],"replies":[{"embeddable":true,"href":"https:\/\/mersinkadingazetesi.com\/index.php?rest_route=%2Fwp%2Fv2%2Fcomments&post=28583"}],"version-history":[{"count":0,"href":"https:\/\/mersinkadingazetesi.com\/index.php?rest_route=\/wp\/v2\/posts\/28583\/revisions"}],"wp:featuredmedia":[{"embeddable":true,"href":"https:\/\/mersinkadingazetesi.com\/index.php?rest_route=\/wp\/v2\/media\/28584"}],"wp:attachment":[{"href":"https:\/\/mersinkadingazetesi.com\/index.php?rest_route=%2Fwp%2Fv2%2Fmedia&parent=28583"}],"wp:term":[{"taxonomy":"category","embeddable":true,"href":"https:\/\/mersinkadingazetesi.com\/index.php?rest_route=%2Fwp%2Fv2%2Fcategories&post=28583"},{"taxonomy":"post_tag","embeddable":true,"href":"https:\/\/mersinkadingazetesi.com\/index.php?rest_route=%2Fwp%2Fv2%2Ftags&post=28583"}],"curies":[{"name":"wp","href":"https:\/\/api.w.org\/{rel}","templated":true}]}}