{"id":28598,"date":"2023-11-04T17:44:44","date_gmt":"2023-11-04T14:44:44","guid":{"rendered":"http:\/\/mersinkadingazetesi.com\/?p=28598"},"modified":"2023-11-04T17:44:44","modified_gmt":"2023-11-04T14:44:44","slug":"buyuksehir-el-emegi-urunleri-daha-da-gorunur-kiliyor","status":"publish","type":"post","link":"https:\/\/mersinkadingazetesi.com\/?p=28598","title":{"rendered":"B\u00dcY\u00dcK\u015eEH\u0130R, EL EME\u011e\u0130 \u00dcR\u00dcNLER\u0130 DAHA DA G\u00d6R\u00dcN\u00dcR KILIYOR"},"content":{"rendered":"<p>Mersin B\u00fcy\u00fck\u015fehir Belediyesi Kad\u0131n ve Aile Hizmetleri Dairesi Ba\u015fkanl\u0131\u011f\u0131 b\u00fcnyesinde kentin bir\u00e7ok noktas\u0131na kurdu\u011fu \u00fcretici kad\u0131n stantlar\u0131 ile hem kad\u0131n eme\u011finin g\u00f6r\u00fcn\u00fcr olmas\u0131n\u0131 sa\u011fl\u0131yor hem de kad\u0131nlara yeni gelir kap\u0131s\u0131 olu\u015fturmaya devam ediyor. Bu kapsamda kad\u0131nlar\u0131n el eme\u011fi g\u00f6z nuru \u00fcr\u00fcnlerini sergiledi\u011fi \u00fcretici kad\u0131n stantlar\u0131n\u0131n adresi Akdeniz \u0130l\u00e7esi&#8217;nde yer alan Yo\u011furt Pazar\u0131 oldu.<\/p>\n<p>Eyl\u00fcl Ay\u0131&#8217;ndan bu yana her hafta Cuma g\u00fcn\u00fc farkl\u0131 \u00fcretici kad\u0131nlar\u0131n stant a\u00e7t\u0131\u011f\u0131 Yo\u011furt Pazar\u0131&#8217;nda bu kez el sanatlar\u0131yla u\u011fra\u015fan ve seramik alan\u0131nda \u00fcretim yapan kad\u0131nlar bir araya geldi. Kurulan stantlarda mutfak ara\u00e7 gere\u00e7lerinden s\u00fcs e\u015fyas\u0131na kadar el eme\u011fi ile \u00fcretilen pek \u00e7ok \u00fcr\u00fcn al\u0131c\u0131lar\u0131n be\u011fenisine sunuldu.<\/p>\n<p>A\u015flar: &#8220;\u00dcretici kad\u0131nlar\u0131m\u0131za istihdam ve gelir kap\u0131s\u0131 olu\u015fturmak i\u00e7in projemize devam ediyoruz&#8221;<\/p>\n<p>\u00dcretici Kad\u0131n Stantlar\u0131 uygulamas\u0131 ile her hafta Cuma g\u00fcn\u00fc farkl\u0131 konseptlerde Yo\u011furt Pazar\u0131&#8217;nda farkl\u0131 \u00fcretici kad\u0131nlara yer vereceklerini dile getiren Kad\u0131n Aile Hizmetleri Dairesi Ba\u015fkanl\u0131\u011f\u0131&#8217;nda g\u00f6revli personel Esin A\u015flar, &#8220;Herhangi bir i\u015f imk\u00e2n\u0131 olmayan \u00fcretici kad\u0131nlar\u0131m\u0131za hem istihdam sa\u011flamak hem de evlerine maddi bir gelir yaratarak katk\u0131da bulunmalar\u0131 amac\u0131yla, onlara bu \u015fekilde imk\u00e2n sunmaya \u00e7al\u0131\u015f\u0131yoruz&#8221; \u015feklinde konu\u015ftu.<\/p>\n<p>Yo\u011furt Pazar\u0131&#8217;n\u0131n lokasyon olarak \u00e7ok merkezi bir konumda bulundu\u011funu ve insanlar\u0131n ge\u00e7ti\u011fi en u\u011frak yerlerden biri oldu\u011funu vurgulayan A\u015flar, &#8220;Bu hafta da seramik \u00fcretimi yapan kad\u0131nlar\u0131m\u0131za yer vermek istedik. Onlar da bu projeden faydalanmak istediler. Stantlarda yer almak i\u00e7in \u015fu ana kadar 7 binin \u00fczerinde ba\u015fvurular\u0131m\u0131z var. Mersin&#8217;de hem k\u0131rsalda hem merkezde \u00fcretici kad\u0131nlar\u0131m\u0131z \u00e7ok \u00e7al\u0131\u015fkanlar ve \u00e7ok fazla \u00fcr\u00fcn \u00fcretebiliyorlar. Bu \u00fcr\u00fcnlerin de insanlarla bulu\u015fmas\u0131 gerekiyor. B\u00fcy\u00fck\u015fehir Belediyesi Kad\u0131n ve Aile Hizmetleri&#8217; de bu noktada arac\u0131 oluyor. Proje kapsam\u0131n\u0131n da amac\u0131na ula\u015ft\u0131\u011f\u0131n\u0131 d\u00fc\u015f\u00fcn\u00fcyorum&#8221; dedi.<\/p>\n<p>\u00dcretici kad\u0131nlar hem daha \u00e7ok ki\u015fiye ula\u015fman\u0131n hem de g\u00f6r\u00fcn\u00fcr olman\u0131n mutlulu\u011funu ya\u015f\u0131yor<\/p>\n<p>Yakla\u015f\u0131k 3 senedir seramik \u00fcretimi yapt\u0131\u011f\u0131n\u0131 s\u00f6yleyen Dilara \u00d6zgen K\u00f6se, pandemi sonras\u0131 ekonomik ko\u015fullardan dolay\u0131 evde \u00fcretim yapmaya ba\u015flad\u0131\u011f\u0131n\u0131 belirterek, &#8220;Evde ev tipi f\u0131r\u0131n\u0131m var. B\u00fcy\u00fck\u015fehir Belediyesi&#8217;nin bize sundu\u011fu bu olanaklardan da yararlan\u0131yorum. B\u00fcy\u00fck\u015fehir, bize burada alan sa\u011fl\u0131yor. Benim i\u00e7in \u00e7ok iyi oluyor. Sat\u0131\u015flar\u0131m\u0131z daha \u00e7ok oluyor. Daha \u00e7ok ki\u015fiye ula\u015f\u0131yoruz. \u0130smimiz duyuluyor. Di\u011fer arkada\u015flar\u0131m\u0131zla da beraber oluyoruz ve bilgi aktar\u0131m\u0131 yapabiliyoruz. B\u00fcy\u00fck\u015fehir Belediyesi&#8217;ne bu olanaklar\u0131 yaratt\u0131\u011f\u0131 i\u00e7in \u00e7ok te\u015fekk\u00fcr ediyorum. \u00c7ok memnunuz&#8221; dedi.<\/p>\n<p>Eseng\u00fcl Ka\u015f\u0131kara ise, seramik yolculu\u011funa k\u00fc\u00e7\u00fck bir \u00fcretici olarak ba\u015flad\u0131\u011f\u0131n\u0131 ve B\u00fcy\u00fck\u015fehir&#8217;in destekleri ile i\u015fini b\u00fcy\u00fctt\u00fc\u011f\u00fcn\u00fc ifade ederek, &#8220;\u015eu anda seramik at\u00f6lyemiz var. \u00dcretici kad\u0131n stantlar\u0131na kat\u0131lmaya devam ediyorum. \u00c7\u00fcnk\u00fc hem reklam\u0131m\u0131z olsun hem de bizleri daha \u00e7ok g\u00f6rs\u00fcnler ve kad\u0131nlar\u0131n sesi olal\u0131m istiyorum. Evde oturup \u00fcretemeyen kad\u0131nlar\u0131n \u00fcretebilmeleri, b\u00f6yle etkinliklerin de oldu\u011funu onlara duyurmak ve \u00f6rnek te\u015fkil etmi\u015f olmak i\u00e7in buraday\u0131z&#8221; diye konu\u015ftu.<\/p>\n<p>B\u00fcy\u00fck\u015fehir Belediyesi&#8217;nin verdi\u011fi desteklerin kendisi i\u00e7in \u00e7ok \u00f6nemli oldu\u011funu ifade eden Ka\u015f\u0131kara, &#8220;Bizler evin i\u00e7inde \u00fcreten kad\u0131nlard\u0131k. Kimse bizi bilmiyordu. &#8216;Bunu kim g\u00f6recek, kim duyacak, kim alacak&#8217; deyip \u00fcretme \u015fevkimiz k\u0131r\u0131l\u0131yordu. B\u00f6yle etkinlikler olmaya ba\u015flay\u0131nca \u00fcr\u00fcnlerimize ilgi duyulmaya ba\u015fland\u0131. Hatta zamanla biz bile talep etmeye ba\u015flad\u0131k. &#8216;Bu etkinlikleri s\u0131kla\u015ft\u0131r\u0131n ki bizler daha \u00e7ok g\u00f6r\u00fcn\u00fcr olal\u0131m&#8217; diye. Bu \u015fekilde b\u00fcy\u00fcmeye devam ediyoruz&#8221; ifadelerini kulland\u0131.<\/p>\n","protected":false},"excerpt":{"rendered":"<p>Mersin B\u00fcy\u00fck\u015fehir Belediyesi Kad\u0131n ve Aile Hizmetleri Dairesi Ba\u015fkanl\u0131\u011f\u0131 b\u00fcnyesinde kentin bir\u00e7ok noktas\u0131na kurdu\u011fu \u00fcretici kad\u0131n stantlar\u0131 ile hem kad\u0131n eme\u011finin g\u00f6r\u00fcn\u00fcr olmas\u0131n\u0131 sa\u011fl\u0131yor hem de kad\u0131nlara yeni gelir kap\u0131s\u0131 olu\u015fturmaya devam ediyor. Bu kapsamda kad\u0131nlar\u0131n el eme\u011fi g\u00f6z nuru \u00fcr\u00fcnlerini sergiledi\u011fi \u00fcretici kad\u0131n stantlar\u0131n\u0131n adresi Akdeniz \u0130l\u00e7esi&#8217;nde yer alan Yo\u011furt Pazar\u0131 oldu. Eyl\u00fcl Ay\u0131&#8217;ndan [&hellip;]<\/p>\n","protected":false},"author":2,"featured_media":28599,"comment_status":"open","ping_status":"open","sticky":false,"template":"","format":"standard","meta":{"footnotes":""},"categories":[8,3],"tags":[],"class_list":["post-28598","post","type-post","status-publish","format-standard","has-post-thumbnail","hentry","category-ekonomi","category-manset"],"views":3,"_links":{"self":[{"href":"https:\/\/mersinkadingazetesi.com\/index.php?rest_route=\/wp\/v2\/posts\/28598"}],"collection":[{"href":"https:\/\/mersinkadingazetesi.com\/index.php?rest_route=\/wp\/v2\/posts"}],"about":[{"href":"https:\/\/mersinkadingazetesi.com\/index.php?rest_route=\/wp\/v2\/types\/post"}],"author":[{"embeddable":true,"href":"https:\/\/mersinkadingazetesi.com\/index.php?rest_route=\/wp\/v2\/users\/2"}],"replies":[{"embeddable":true,"href":"https:\/\/mersinkadingazetesi.com\/index.php?rest_route=%2Fwp%2Fv2%2Fcomments&post=28598"}],"version-history":[{"count":0,"href":"https:\/\/mersinkadingazetesi.com\/index.php?rest_route=\/wp\/v2\/posts\/28598\/revisions"}],"wp:featuredmedia":[{"embeddable":true,"href":"https:\/\/mersinkadingazetesi.com\/index.php?rest_route=\/wp\/v2\/media\/28599"}],"wp:attachment":[{"href":"https:\/\/mersinkadingazetesi.com\/index.php?rest_route=%2Fwp%2Fv2%2Fmedia&parent=28598"}],"wp:term":[{"taxonomy":"category","embeddable":true,"href":"https:\/\/mersinkadingazetesi.com\/index.php?rest_route=%2Fwp%2Fv2%2Fcategories&post=28598"},{"taxonomy":"post_tag","embeddable":true,"href":"https:\/\/mersinkadingazetesi.com\/index.php?rest_route=%2Fwp%2Fv2%2Ftags&post=28598"}],"curies":[{"name":"wp","href":"https:\/\/api.w.org\/{rel}","templated":true}]}}