{"id":28611,"date":"2023-11-06T13:36:04","date_gmt":"2023-11-06T10:36:04","guid":{"rendered":"http:\/\/mersinkadingazetesi.com\/?p=28611"},"modified":"2023-11-06T13:36:04","modified_gmt":"2023-11-06T10:36:04","slug":"mersin-buyuksehir-2-uluslararasi-yoruk-turkmen-festivalinde-yoruk-cadiri-ile-festivale-damga-vurdu","status":"publish","type":"post","link":"https:\/\/mersinkadingazetesi.com\/?p=28611","title":{"rendered":"MERS\u0130N B\u00dcY\u00dcK\u015eEH\u0130R, &#8216;2. ULUSLARARASI Y\u00d6R\u00dcK T\u00dcRKMEN FEST\u0130VAL\u0130&#8217;NDE Y\u00d6R\u00dcK \u00c7ADIRI \u0130LE FEST\u0130VALE DAMGA VURDU"},"content":{"rendered":"<p>Ge\u00e7ti\u011fimiz y\u0131l Antalya B\u00fcy\u00fck\u015fehir Belediyesi&#8217;nin ilkini ger\u00e7ekle\u015ftirdi\u011fi ve bu sene 2.&#8217;si d\u00fczenlenen &#8216;Uluslararas\u0131 Y\u00f6r\u00fck T\u00fcrkmen Festivali&#8217;ne destek veren Mersin B\u00fcy\u00fck\u015fehir Belediyesi &#8216;Y\u00f6r\u00fck M\u00fczesi&#8217; \u00e7ad\u0131r\u0131 ile festivalde yerini ald\u0131.<\/p>\n<p>Y\u00f6r\u00fck k\u00fclt\u00fcr\u00fc de\u011ferlerinin tan\u0131t\u0131lmas\u0131, ya\u015fat\u0131lmas\u0131 ve gelecek nesillere aktar\u0131lmas\u0131 i\u00e7in d\u00fczenlenen festivalde, \u00fclkemizin yan\u0131 s\u0131ra d\u00fcnyan\u0131n d\u00f6rt bir yan\u0131ndan gelen Y\u00f6r\u00fck ve T\u00fcrkmen konuklar a\u011f\u0131rland\u0131. Mersin B\u00fcy\u00fck\u015fehir Belediyesi&#8217;ne tahsis edilen Y\u00f6r\u00fck \u00e7ad\u0131r\u0131nda Mersin&#8217;de yerli halk\u0131n \u00f6nem verdi\u011fi Y\u00f6r\u00fck k\u00fclt\u00fcr\u00fc, y\u00f6reye \u00f6zg\u00fc y\u00f6resel lezzetleri ve Mersin&#8217;in tarihi ve turistik pek \u00e7ok yeri tan\u0131t\u0131ld\u0131.  Yerli ve yabanc\u0131 pek \u00e7ok kat\u0131l\u0131mc\u0131n\u0131n yo\u011fun ilgi g\u00f6sterdi\u011fi &#8216;Y\u00f6r\u00fck M\u00fczesi&#8217; \u00e7ad\u0131r\u0131 ziyaret\u00e7ilerin be\u011fenisini toplad\u0131.<\/p>\n<p>3 g\u00fcn boyunca s\u00fcren festivalde, el sanatlar\u0131ndan halk danslar\u0131na, atl\u0131 sporlardan cirit oyunlar\u0131na, dans g\u00f6sterilerinden konserlere kadar Y\u00f6r\u00fck k\u00fclt\u00fcr\u00fc t\u00fcm y\u00f6nleriyle tan\u0131t\u0131ld\u0131. Ziyaret\u00e7iler, binlerce y\u0131ll\u0131k ge\u00e7mi\u015fe sahip olan Y\u00f6r\u00fck k\u00fclt\u00fcr\u00fcn\u00fc temsilen hal\u0131, kilim dokumac\u0131l\u0131\u011f\u0131, dericilik ve ke\u00e7ecilik, geleneksel k\u0131yafetler gibi Y\u00f6r\u00fck de\u011ferlerini yak\u0131ndan tan\u0131ma imk\u00e2n\u0131 buldu.<\/p>\n<p>Mersin B\u00fcy\u00fck\u015fehir Belediyesi&#8217;ne tahsis edilen Y\u00f6r\u00fck \u00e7ad\u0131r\u0131 da festivale damga vurdu. Mersin&#8217;in y\u00f6resel de\u011ferlerinin ve y\u00f6reye \u00f6zg\u00fc lezzetlerinin tan\u0131t\u0131ld\u0131\u011f\u0131 \u00e7ad\u0131rda, ziyaret\u00e7ilere Mersin&#8217;in me\u015fhur lezzetlerinden cezeryesi, Silifke&#8217;nin tar\u0131msal \u00fcr\u00fcn kurular\u0131, Co\u011frafi \u0130\u015faret Tescilli \u00fcr\u00fcnlerinden Bozyaz\u0131 kavutu ve Tarsus Band\u0131rmas\u0131, muz pestili, kavurga ve kaynar gibi pek \u00e7ok \u00fcr\u00fcn ikram edildi. \u00c7ad\u0131r\u0131 ziyaret eden konuklara Mersin&#8217;de \u00f6nemli bir yere sahip alternatif tar\u0131m \u00fcr\u00fcnlerinden lavantaya \u00f6zg\u00fc lavanta kolonyas\u0131, lavanta kesesi, i\u011fne oyas\u0131 bileklikler ve Y\u00f6r\u00fck bebek magneti gibi \u00fcr\u00fcnler hediye edildi.<\/p>\n<p>Y\u00f6r\u00fcklerin geleneksel ya\u015fant\u0131lar\u0131n\u0131n anlat\u0131ld\u0131\u011f\u0131 \u00e7ad\u0131rlar\u0131n yan\u0131 s\u0131ra ziyaret\u00e7ilerin e\u011flenmesi ve g\u00fczel zaman ge\u00e7irmesi i\u00e7in d\u00fczenlenen konser ve etkinliklerle konuklar keyifli anlar ya\u015fad\u0131. Festivalde, Mersin B\u00fcy\u00fck\u015fehir Belediyesi Halk Danslar\u0131 Toplulu\u011fu; Anamur, Mut, Silifke ve Tarsus y\u00f6relerine \u00f6zg\u00fc g\u00f6steri sergileyerek ziyaret\u00e7ileri kendine hayran b\u0131rakt\u0131.<\/p>\n<p>\u015eahuto\u011flu: &#8220;Festivalde, Y\u00f6r\u00fck k\u00fclt\u00fcr\u00fcn\u00fc anlatan \u00e7ok g\u00fczel bir Y\u00f6r\u00fck sergisi olu\u015fturduk&#8221;<\/p>\n<p>&#8216;2. Uluslararas\u0131 Y\u00f6r\u00fck T\u00fcrkmen Festivali&#8217;ne kat\u0131l\u0131m\u0131n olduk\u00e7a y\u00fcksek oldu\u011funu ve festivalde Mersin B\u00fcy\u00fck\u015fehir Belediyesi&#8217;nin kendi y\u00f6resel \u00fcr\u00fcnlerinin de tan\u0131t\u0131ld\u0131\u011f\u0131n\u0131 ve ziyaret\u00e7ilere \u00e7e\u015fitli ikramlarda bulunduklar\u0131n\u0131 aktaran Tar\u0131msal Hizmetler Dairesi Ba\u015fkan\u0131 Sel\u00e7uk \u015eahuto\u011flu, &#8220;\u00c7ok g\u00fczel bir alan olu\u015fturulmu\u015f. Ge\u00e7en sene de \u00e7ok g\u00fczeldi. Bu sene de de\u011fi\u015fik illerden, Y\u00f6r\u00fck derneklerinden, belediyelerden gelen kat\u0131l\u0131mc\u0131lar var. Mersin B\u00fcy\u00fck\u015fehir Belediyesi olarak bu ortamda bulunmaktan son derece keyif ald\u0131k. Bu b\u00f6lgede bize verilen alan i\u00e7erisinde \u00e7ok g\u00fczel bir Y\u00f6r\u00fck sergisi olu\u015fturduk. Ziyaret\u00e7iler de bu sergiye yo\u011fun bir ilgi g\u00f6sterdi. Sergi i\u00e7erisinde Y\u00f6r\u00fck k\u00fclt\u00fcr\u00fcn\u00fc olu\u015fturan onlar\u0131n tan\u0131t\u0131m materyallerinin oldu\u011fu g\u00fczel bir alan kurduk. Stand\u0131m\u0131z\u0131 gezen ziyaret\u00e7ilerimize Mersin&#8217;e \u00f6zg\u00fc Stand\u0131m\u0131zda \u00f6zellikle bilmeyenler i\u00e7in kaynara ilgi yo\u011fun oldu&#8221; ifadelerini kulland\u0131.<\/p>\n<p>Ye\u015filleme: &#8220;Y\u00f6r\u00fck k\u00fclt\u00fcr\u00fcn\u00fc anlatan \u00e7ok g\u00fczel bir olay&#8221;<\/p>\n<p>Etkinlikte Mersin&#8217;e ve T\u00fcrkiye&#8217;ye \u00f6zg\u00fc pek \u00e7ok \u00fcr\u00fcn\u00fcn tan\u0131t\u0131ld\u0131\u011f\u0131n\u0131 ve ikramlarda bulunuldu\u011funu belirten Kuzey K\u0131br\u0131s T\u00fcrk Cumhuriyeti Gazima\u011fusa Muhtarlar Derne\u011fi Ba\u015fkan\u0131 ve \u0130ncirli K\u00f6y\u00fc Muhtar\u0131 Mustafa Ye\u015filleme &#8220;Ortam \u00e7ok \u00e7ok g\u00fczel. Bu y\u0131l 2.&#8217;si yap\u0131l\u0131yor ama sanki \u00e7ok uzun y\u0131llard\u0131r yap\u0131l\u0131yor gibi. Her \u015fey m\u00fckemmel. Bu g\u00fczel ge\u00e7mi\u015fi anlatan \u00e7ok g\u00fczel bir olay. Mersin&#8217;e sayg\u0131lar\u0131m\u0131z\u0131 ve sevgilerimizi yolluyorum. Ba\u015fkan\u0131m\u0131z Vahap Se\u00e7er&#8217;e de selamlar\u0131m\u0131 g\u00f6nderiyorum. K\u0131sa s\u00fcre \u00f6nce Ma\u011fusa&#8217;dayd\u0131. Onunla y\u00fcz y\u00fcze tan\u0131\u015fma imk\u00e2n\u0131m oldu. Yap\u0131lacak yerel se\u00e7imlerde Ba\u015fkan\u0131m\u0131za ba\u015far\u0131lar diliyorum. \u0130n\u015fallah B\u00fcy\u00fck\u015fehir&#8217;e tekrardan se\u00e7ilip, bu g\u00fczel hizmetlerine devam eder&#8221; \u015feklinde konu\u015ftu.<\/p>\n<p>\u00dczer: &#8220;Mersin B\u00fcy\u00fck\u015fehir Belediyesi i\u00e7erisinde el eme\u011finin bol oldu\u011fu \u00e7ok g\u00fczel bir \u00e7ad\u0131r haz\u0131rlam\u0131\u015f&#8221;<\/p>\n<p>Mersin B\u00fcy\u00fck\u015fehir Belediyesi&#8217;nin kurmu\u015f oldu\u011fu Y\u00f6r\u00fck \u00e7ad\u0131r\u0131nda ziyaret\u00e7ilerine \u00fcr\u00fcnler hediye ederek, insanlar\u0131 onore etti\u011fini s\u00f6yleyen Adana Akdeniz Y\u00f6r\u00fck T\u00fcrkmenler Derne\u011fi Genel Ba\u015fkan Yard\u0131mc\u0131s\u0131 Sibel \u00dczer, &#8220;Vahap Ba\u015fkan\u0131m\u0131zla 2 hafta \u00f6nce Mersin&#8217;de bir seminerdeydik. Kendisini \u00e7al\u0131\u015fmalar\u0131ndan dolay\u0131 tebrik ederim. Mersin B\u00fcy\u00fck\u015fehir de \u00e7ok g\u00fczel bir \u00e7ad\u0131r haz\u0131rlam\u0131\u015f. \u00dcr\u00fcnler, B\u00fcy\u00fck\u015fehir&#8217;in el eme\u011fi ile organik \u015fekilde yap\u0131lm\u0131\u015f. Lavanta kokular\u0131, bez bebekler, magnetler var. Yapt\u0131\u011f\u0131 \u00fcr\u00fcnleri burada sergilemesi \u00e7ok g\u00fczel&#8221; s\u00f6zlerine yer verdi.<\/p>\n<p>\u00d6zer: &#8220;Festivalde, Mersin&#8217;i en g\u00fczel \u015fekilde her y\u00f6n\u00fcyle temsil ettik&#8221;<\/p>\n<p>Mersin B\u00fcy\u00fck\u015fehir Belediyesi K\u00fclt\u00fcr ve Sosyal \u0130\u015fler Dairesi Ba\u015fkanl\u0131\u011f\u0131&#8217;na ba\u011fl\u0131 Halk Oyunlar\u0131 biriminde g\u00f6revli M\u00fclkiye \u00d6zer, festivalde hem k\u00fclt\u00fcr hem sanat anlam\u0131nda B\u00fcy\u00fck\u015fehir&#8217;i temsil etmek i\u00e7in yer ald\u0131klar\u0131n\u0131 dile getirerek, &#8220;G\u00fczel bir \u015fekilde Mersin&#8217;i temsil etti\u011fimizi d\u00fc\u015f\u00fcn\u00fcyorum. Hem oyunlar\u0131m\u0131z hem m\u00fcziklerimiz hem de y\u00f6resel k\u0131yafetlerimiz ve lezzetlerimizle. K\u00fclt\u00fcr\u00fcn zenginle\u015fmesi ve insanlar\u0131n kayna\u015fmas\u0131 i\u00e7in \u00e7ok gerekli bir nokta oldu\u011funu d\u00fc\u015f\u00fcn\u00fcyorum. Antalya halk\u0131 bizi \u00e7ok g\u00fczel kar\u015f\u0131lad\u0131. Co\u015fkular\u0131 ve heyecanlar\u0131 i\u00e7in bize katt\u0131klar\u0131 i\u00e7in te\u015fekk\u00fcr ederim. Biz Mersin olarak sadece bir y\u00f6reyle s\u0131n\u0131rl\u0131 de\u011filiz. Y\u00f6resel zenginliklerimiz ve k\u00fclt\u00fcr\u00fcm\u00fczle \u00e7ok zenginiz. Silifke, Tarsus, Anamur y\u00f6resi, zeybeklerimiz, iki d\u00f6rtl\u00fck oyunlar\u0131m\u0131z var. En zengin stantlardan biriyiz. Mersin&#8217;le, Ba\u015fkan\u0131m\u0131zla gurur duyuyorum. Hepimiz canla ba\u015fla Mersin&#8217;imizi temsil ediyoruz&#8221; \u015feklinde konu\u015ftu.<\/p>\n<p>Y\u00f6r\u00fck \u00e7ad\u0131r\u0131 hem g\u00f6rsel \u015f\u00f6leni hem lezzetleriyle ziyaret\u00e7ilerinden tam not ald\u0131<\/p>\n<p>Mersin&#8217;in geleneksel lezzetlerini merak etti\u011fini s\u00f6yleyen Gamze Makas, &#8220;Geleneksel \u00e7ay\u0131n\u0131z Kaynar\u0131n tad\u0131 \u00e7ok g\u00fczeldi. Meyve kurular\u0131n\u0131, cevizli sucu\u011fu \u00e7ok be\u011fendim. Mersin B\u00fcy\u00fck\u015fehir Belediyesi&#8217;ne ikramlar\u0131 i\u00e7in \u00e7ok te\u015fekk\u00fcr ederim. \u00dcr\u00fcnlerin hepsi \u00e7ok tazeydi. Mersin&#8217;e gitmi\u015f kadar olduk&#8221; dedi.<\/p>\n<p>Festivale ailesiyle birlikte kat\u0131lan Mehmet G\u00f6ksoy, &#8220;\u0130kramlar\u0131, sohbetleri hepsi \u00e7ok g\u00fczeldi&#8221; derken e\u015fi Ayfer G\u00f6ksoy, &#8220;En \u00e7ok Mersin B\u00fcy\u00fck\u015fehir&#8217;in stand\u0131ndan ikraml\u0131klar vard\u0131. \u00c7ok memnunuz. Mersin&#8217;e \u00f6zg\u00fc y\u00f6resel lezzetlerden ald\u0131k. Eve gidince hepsinin tad\u0131na bakaca\u011f\u0131z&#8221; ifadelerini kulland\u0131. Etkinli\u011fe Mersin&#8217;den kat\u0131lan Beze Cankaya, &#8220;Her \u015fey \u00e7ok g\u00fczel ve harikayd\u0131. \u00c7ok co\u015fkuluydu. Mersin stand\u0131 zaten bir harikayd\u0131&#8221; diye konu\u015ftu.<\/p>\n","protected":false},"excerpt":{"rendered":"<p>Ge\u00e7ti\u011fimiz y\u0131l Antalya B\u00fcy\u00fck\u015fehir Belediyesi&#8217;nin ilkini ger\u00e7ekle\u015ftirdi\u011fi ve bu sene 2.&#8217;si d\u00fczenlenen &#8216;Uluslararas\u0131 Y\u00f6r\u00fck T\u00fcrkmen Festivali&#8217;ne destek veren Mersin B\u00fcy\u00fck\u015fehir Belediyesi &#8216;Y\u00f6r\u00fck M\u00fczesi&#8217; \u00e7ad\u0131r\u0131 ile festivalde yerini ald\u0131. Y\u00f6r\u00fck k\u00fclt\u00fcr\u00fc de\u011ferlerinin tan\u0131t\u0131lmas\u0131, ya\u015fat\u0131lmas\u0131 ve gelecek nesillere aktar\u0131lmas\u0131 i\u00e7in d\u00fczenlenen festivalde, \u00fclkemizin yan\u0131 s\u0131ra d\u00fcnyan\u0131n d\u00f6rt bir yan\u0131ndan gelen Y\u00f6r\u00fck ve T\u00fcrkmen konuklar a\u011f\u0131rland\u0131. Mersin B\u00fcy\u00fck\u015fehir [&hellip;]<\/p>\n","protected":false},"author":2,"featured_media":28612,"comment_status":"open","ping_status":"open","sticky":false,"template":"","format":"standard","meta":{"footnotes":""},"categories":[3],"tags":[],"class_list":["post-28611","post","type-post","status-publish","format-standard","has-post-thumbnail","hentry","category-manset"],"views":2,"_links":{"self":[{"href":"https:\/\/mersinkadingazetesi.com\/index.php?rest_route=\/wp\/v2\/posts\/28611"}],"collection":[{"href":"https:\/\/mersinkadingazetesi.com\/index.php?rest_route=\/wp\/v2\/posts"}],"about":[{"href":"https:\/\/mersinkadingazetesi.com\/index.php?rest_route=\/wp\/v2\/types\/post"}],"author":[{"embeddable":true,"href":"https:\/\/mersinkadingazetesi.com\/index.php?rest_route=\/wp\/v2\/users\/2"}],"replies":[{"embeddable":true,"href":"https:\/\/mersinkadingazetesi.com\/index.php?rest_route=%2Fwp%2Fv2%2Fcomments&post=28611"}],"version-history":[{"count":0,"href":"https:\/\/mersinkadingazetesi.com\/index.php?rest_route=\/wp\/v2\/posts\/28611\/revisions"}],"wp:featuredmedia":[{"embeddable":true,"href":"https:\/\/mersinkadingazetesi.com\/index.php?rest_route=\/wp\/v2\/media\/28612"}],"wp:attachment":[{"href":"https:\/\/mersinkadingazetesi.com\/index.php?rest_route=%2Fwp%2Fv2%2Fmedia&parent=28611"}],"wp:term":[{"taxonomy":"category","embeddable":true,"href":"https:\/\/mersinkadingazetesi.com\/index.php?rest_route=%2Fwp%2Fv2%2Fcategories&post=28611"},{"taxonomy":"post_tag","embeddable":true,"href":"https:\/\/mersinkadingazetesi.com\/index.php?rest_route=%2Fwp%2Fv2%2Ftags&post=28611"}],"curies":[{"name":"wp","href":"https:\/\/api.w.org\/{rel}","templated":true}]}}