{"id":28614,"date":"2023-11-06T13:36:45","date_gmt":"2023-11-06T10:36:45","guid":{"rendered":"http:\/\/mersinkadingazetesi.com\/?p=28614"},"modified":"2023-11-06T13:36:45","modified_gmt":"2023-11-06T10:36:45","slug":"mersin-2-uluslararasi-tarsus-festivaline-hazir","status":"publish","type":"post","link":"https:\/\/mersinkadingazetesi.com\/?p=28614","title":{"rendered":"MERS\u0130N, &#8216;2. ULUSLARARASI TARSUS FEST\u0130VAL\u0130&#8217;NE HAZIR"},"content":{"rendered":"<p>Mersin, &#8216;2. Uluslararas\u0131 Tarsus Festivali&#8217;ne haz\u0131r. &#8216;2. Uluslararas\u0131 Tarsus Festivali&#8217; bu y\u0131l, &#8216;\u015eahmeran Y\u0131l\u0131&#8217; temas\u0131 ile ger\u00e7ekle\u015ftirilecek. 17-18-19 Kas\u0131m tarihlerinde K\u00fclt\u00fcr ve Sosyal \u0130\u015fler Dairesi Ba\u015fkanl\u0131\u011f\u0131 koordinesinde ger\u00e7ekle\u015fecek olan festivalde; kortej y\u00fcr\u00fcy\u00fc\u015f\u00fc, konserler, s\u00f6yle\u015filer, dans g\u00f6sterileri, sergiler, sokak etkinlikleri, \u00e7ocuk at\u00f6lyeleri, gen\u00e7lik deneyim alanlar\u0131 ve \u00fcretici kad\u0131n stantlar\u0131 yer alacak. Mersinliler &#8216;2. Uluslararas\u0131 Tarsus Festivali&#8217; sayesinde, e\u011flencenin tad\u0131na varacak. Bu y\u0131l Cumhuriyet&#8217;in 100. y\u0131l\u0131na denk gelen festivalde, Cumhuriyet co\u015fkusu ve ruhu da ya\u015fat\u0131lacak.<\/p>\n<p>Ge\u00e7en y\u0131l oldu\u011fu gibi bu y\u0131l da, yurtd\u0131\u015f\u0131ndan gelecek halk oyunlar\u0131 ve m\u00fczik topluluklar\u0131 festivale renk katacak. Festival b\u00fcnyesinde workshoplar ve masterclasslar da yap\u0131lacak. S\u00f6yle\u015filer sayesinde, alan\u0131nda profesyonel isimler halkla bir araya gelerek bilgi birikimlerini payla\u015facak. Festivale bu y\u0131l da konserler damga vuracak ve vatanda\u015flar m\u00fczik dolu 3 g\u00fcn ya\u015fayacak. Zengin i\u00e7eriklerin yer alaca\u011f\u0131 festivalde, sevilen sanat\u00e7\u0131lar birbirinden g\u00fczel \u015fark\u0131lar\u0131n\u0131 &#8216;2. Uluslararas\u0131 Tarsus Festivali&#8217;nde seslendirecek.<\/p>\n<p>\u00d6zd\u00fclger: &#8220;Zengin i\u00e7eriklerin yer ald\u0131\u011f\u0131 festivale b\u00fcy\u00fck kat\u0131l\u0131mlar\u0131n olmas\u0131n\u0131 istiyoruz&#8221;<\/p>\n<p>K\u00fclt\u00fcr ve Sosyal \u0130\u015fler Dairesi Ba\u015fkanl\u0131\u011f\u0131 Koordinat\u00f6r\u00fc ve Opera Sanat\u00e7\u0131s\u0131 Bengi \u0130spir \u00d6zd\u00fclger, bu y\u0131l 2.&#8217;si ger\u00e7ekle\u015ftirilecek olan &#8216;Uluslararas\u0131 Tarsus Festivali&#8217; i\u00e7in \u00e7ok heyecanl\u0131 olduklar\u0131n\u0131 belirterek, &#8220;17-18-19 Kas\u0131m g\u00fcnlerinde 2. Uluslararas\u0131 Tarsus Festivali&#8217;nde hep birlikte olal\u0131m istiyoruz. Ge\u00e7en y\u0131lki festival temam\u0131z Kleopatra&#8217;yd\u0131. Bu y\u0131lki temam\u0131z &#8216;\u015eahmeran&#8217;. Zengin i\u00e7eriklerin yer ald\u0131\u011f\u0131, \u015fehrin genelinde olu\u015fturdu\u011fumuz festivale b\u00fcy\u00fck kat\u0131l\u0131mlar\u0131n olmas\u0131n\u0131 istiyoruz. \u00c7\u00fcnk\u00fc bu deneyimi hep beraber payla\u015fmak istiyoruz. Kadim kentimiz Tarsus&#8217;u gastronomisiyle, k\u00fclt\u00fcr\u00fcyle, tarihiyle, felsefesiyle hep beraber ya\u015fayal\u0131m istiyoruz&#8221; dedi.<\/p>\n<p>&#8220;Cumhuriyet&#8217;in 100. Y\u0131l\u0131, festivale daha da b\u00fcy\u00fck bir anlam kazand\u0131r\u0131yor&#8221;<\/p>\n<p>Festivalin i\u00e7eri\u011finin zenginli\u011finden de s\u00f6z eden \u00d6zd\u00fclger; at\u00f6lye \u00e7al\u0131\u015fmalar\u0131, workshoplar, konserler, slow food pazarlar\u0131 ve \u00fcretici kad\u0131n stantlar\u0131 ile festivalin dolu dolu ge\u00e7ece\u011finden bahsetti.  Festivalde gen\u00e7leri ve \u00e7ocuklar\u0131 da unutmad\u0131klar\u0131n\u0131 ifade eden \u00d6zd\u00fclger, &#8220;Tarsus&#8217;u en g\u00fczel \u015fekilde ya\u015fayaca\u011f\u0131m\u0131z, harika bir festival haz\u0131rl\u0131\u011f\u0131n\u0131n i\u00e7erisindeyiz. Buradan t\u00fcm kat\u0131l\u0131mc\u0131lara te\u015fekk\u00fcr ediyoruz. 17-18-19 Kas\u0131m g\u00fcnlerinde &#8216;2. Uluslararas\u0131 Tarsus Festivali&#8217;nde, &#8216;\u015eahmeran&#8217; temam\u0131zla hep beraber olal\u0131m istiyoruz&#8221; diye konu\u015ftu.<\/p>\n<p>Cumhuriyet&#8217;in 100. y\u0131l\u0131n\u0131n yaratt\u0131\u011f\u0131 co\u015fku ve onurla, festivalin daha da b\u00fcy\u00fck anlam kazand\u0131\u011f\u0131n\u0131 dile getiren ve Mersin B\u00fcy\u00fck\u015fehir Belediyesi olarak 100. y\u0131l i\u00e7in planlad\u0131klar\u0131 ve ger\u00e7ekle\u015ftirdikleri etkinliklerden s\u00f6z eden \u00d6zd\u00fclger, &#8220;Hem 100. y\u0131l\u0131m\u0131za hem de \u015eahmeran temam\u0131za ithafen; at\u00f6lye \u00e7al\u0131\u015fmalar\u0131yla, workshoplarla, s\u00f6yle\u015filerle dolu dolu ge\u00e7ece\u011fini bildi\u011fimiz, inand\u0131\u011f\u0131m\u0131z ve vatanda\u015flar\u0131m\u0131zla payla\u015faca\u011f\u0131m\u0131z bu g\u00fczel festival bizi heyecanland\u0131r\u0131yor&#8221; ifadelerine yer verdi.<\/p>\n<p>Tarsus&#8217;a De\u011fer Katanlar (TADEKA) \u00fcyeleri ile beraber i\u00e7eri\u011fini olu\u015fturduklar\u0131, odalar ve STK&#8217;larla i\u015fbirli\u011fi kurarak detaylar\u0131n\u0131 belirledikleri bu festivalde ama\u00e7lar\u0131n\u0131n, Tarsus&#8217;un de\u011ferinin daha da artmas\u0131n\u0131 sa\u011flamak ve marka de\u011ferinin herkes taraf\u0131ndan bilinmesini sa\u011flamak oldu\u011funu vurgulayan \u00d6zd\u00fclger, &#8220;Kurul \u00fcyelerimizle birlikte, Tarsus&#8217;un g\u00fczelliklerinin en iyi \u015fekilde yans\u0131t\u0131lmas\u0131n\u0131 hedef ald\u0131\u011f\u0131m\u0131z bu festivalde bu ortakl\u0131k, bu beraberlik, bu payda\u015f olma duygusu, bu aidiyet duygusu ger\u00e7ekten bizi \u00e7ok mutlu ediyor ve heyecanland\u0131r\u0131yor&#8221; dedi.<\/p>\n","protected":false},"excerpt":{"rendered":"<p>Mersin, &#8216;2. Uluslararas\u0131 Tarsus Festivali&#8217;ne haz\u0131r. &#8216;2. Uluslararas\u0131 Tarsus Festivali&#8217; bu y\u0131l, &#8216;\u015eahmeran Y\u0131l\u0131&#8217; temas\u0131 ile ger\u00e7ekle\u015ftirilecek. 17-18-19 Kas\u0131m tarihlerinde K\u00fclt\u00fcr ve Sosyal \u0130\u015fler Dairesi Ba\u015fkanl\u0131\u011f\u0131 koordinesinde ger\u00e7ekle\u015fecek olan festivalde; kortej y\u00fcr\u00fcy\u00fc\u015f\u00fc, konserler, s\u00f6yle\u015filer, dans g\u00f6sterileri, sergiler, sokak etkinlikleri, \u00e7ocuk at\u00f6lyeleri, gen\u00e7lik deneyim alanlar\u0131 ve \u00fcretici kad\u0131n stantlar\u0131 yer alacak. Mersinliler &#8216;2. Uluslararas\u0131 Tarsus Festivali&#8217; [&hellip;]<\/p>\n","protected":false},"author":2,"featured_media":28615,"comment_status":"open","ping_status":"open","sticky":false,"template":"","format":"standard","meta":{"footnotes":""},"categories":[3,5],"tags":[],"class_list":["post-28614","post","type-post","status-publish","format-standard","has-post-thumbnail","hentry","category-manset","category-mersin"],"views":11,"_links":{"self":[{"href":"https:\/\/mersinkadingazetesi.com\/index.php?rest_route=\/wp\/v2\/posts\/28614"}],"collection":[{"href":"https:\/\/mersinkadingazetesi.com\/index.php?rest_route=\/wp\/v2\/posts"}],"about":[{"href":"https:\/\/mersinkadingazetesi.com\/index.php?rest_route=\/wp\/v2\/types\/post"}],"author":[{"embeddable":true,"href":"https:\/\/mersinkadingazetesi.com\/index.php?rest_route=\/wp\/v2\/users\/2"}],"replies":[{"embeddable":true,"href":"https:\/\/mersinkadingazetesi.com\/index.php?rest_route=%2Fwp%2Fv2%2Fcomments&post=28614"}],"version-history":[{"count":0,"href":"https:\/\/mersinkadingazetesi.com\/index.php?rest_route=\/wp\/v2\/posts\/28614\/revisions"}],"wp:featuredmedia":[{"embeddable":true,"href":"https:\/\/mersinkadingazetesi.com\/index.php?rest_route=\/wp\/v2\/media\/28615"}],"wp:attachment":[{"href":"https:\/\/mersinkadingazetesi.com\/index.php?rest_route=%2Fwp%2Fv2%2Fmedia&parent=28614"}],"wp:term":[{"taxonomy":"category","embeddable":true,"href":"https:\/\/mersinkadingazetesi.com\/index.php?rest_route=%2Fwp%2Fv2%2Fcategories&post=28614"},{"taxonomy":"post_tag","embeddable":true,"href":"https:\/\/mersinkadingazetesi.com\/index.php?rest_route=%2Fwp%2Fv2%2Ftags&post=28614"}],"curies":[{"name":"wp","href":"https:\/\/api.w.org\/{rel}","templated":true}]}}