{"id":28623,"date":"2023-11-06T13:40:49","date_gmt":"2023-11-06T10:40:49","guid":{"rendered":"http:\/\/mersinkadingazetesi.com\/?p=28623"},"modified":"2023-11-06T13:40:49","modified_gmt":"2023-11-06T10:40:49","slug":"akdenizde-insan-kaynaklari-uzmanlari-egitimine-basvurular-devam-ediyor","status":"publish","type":"post","link":"https:\/\/mersinkadingazetesi.com\/?p=28623","title":{"rendered":"AKDEN\u0130Z\u2019DE  \u0130NSAN KAYNAKLARI UZMANLARI E\u011e\u0130T\u0130M\u0130NE BA\u015eVURULAR DEVAM ED\u0130YOR"},"content":{"rendered":"<p>Akdeniz Belediyesi\u2019nin, sekt\u00f6r profesyonellerinin de kat\u0131l\u0131p y\u00fcz y\u00fcze e\u011fitim verece\u011fi \u2018\u0130nsan Kaynaklar\u0131 E\u011fitimine\u2019 ba\u015fvuru s\u00fcreci devam ediyor. Y\u00fczde 70 istihdam hedefi ta\u015f\u0131yan ve yo\u011fun ilgi g\u00f6rmesi beklenen e\u011fitime son ba\u015fvuru tarihi 12 Kas\u0131m 2023.<br \/>\nAkdeniz Belediyesi K\u00fclt\u00fcr ve Sosyal \u0130\u015fler M\u00fcd\u00fcrl\u00fc\u011f\u00fc ile Mersin \u0130\u015e-KUR \u0130l M\u00fcd\u00fcrl\u00fc\u011f\u00fc i\u015fbirli\u011finde haz\u0131rlanan proje kapsam\u0131nda, sekt\u00f6r\u00fcn \u00f6nde gelen insan kaynaklar\u0131 profesyonellerinin kat\u0131laca\u011f\u0131 \u2018Y\u00fcz Y\u00fcze \u0130nsan Kaynaklar\u0131 E\u011fitimleri\u2019 i\u00e7in ba\u015fvuru s\u00fcreci devam ediyor. \u00fccretsiz olacak ve toplam 3 hafta (36 saat) s\u00fcrecek e\u011fitimler; 1-23 Aral\u0131k 2023 tarihleri aras\u0131nda Cuma ve Cumartesi g\u00fcnleri verilecek.<br \/>\nBa\u015fvuru i\u00e7in gereken \u015fartlar\u2026<br \/>\nK\u00fclt\u00fcr ve Sosyal \u0130\u015fler M\u00fcd\u00fcrl\u00fc\u011f\u00fc\u2019ne ba\u011fl\u0131 Proje E\u011fitim ve Uygulama Merkezi\u2019nde, \u00fccretsiz verilecek olan ve y\u00fczde 70 istihdam hedefi ta\u015f\u0131yan insan kaynaklar\u0131 e\u011fitimlerine ba\u015fvuru \u015fartlar\u0131 ise \u015f\u00f6yle s\u0131raland\u0131: \u201cEn az lisans mezunu olmak; 35 ya\u015f\u0131n\u0131 a\u015fmam\u0131\u015f olmak; e\u011fitim ve istihdam d\u0131\u015f\u0131nda olmak; verilecek e\u011fitimlere fiili kat\u0131l\u0131m sa\u011flamak ve Mersin\u2019de ikamet ediyor olmak.\u201d<br \/>\nE\u011fitime son ba\u015fvuru tarihi 12 Kas\u0131m 2023<br \/>\nBa\u015fvurular\u0131n sadece online bir \u015fekilde ve belediyenin www.akdeniz.bel.tr web sayfas\u0131 ile instagram hesab\u0131ndaki linkten yap\u0131laca\u011f\u0131 insan kaynaklar\u0131 uzmanl\u0131\u011f\u0131 e\u011fitimine son ba\u015fvuru tarihi 12 Kas\u0131m 2023. Alan\u0131nda profesyonellerin de y\u00fcz y\u00fcze e\u011fitim verece\u011fi \u00fccretsiz insan kaynaklar\u0131 e\u011fitimine kat\u0131lmak isteyip gerekli \u015fartlar\u0131 ta\u015f\u0131yanlar, (05527690801) ve (05527690805) numaral\u0131 telefonlar \u00fczerinden de ayr\u0131nt\u0131l\u0131 bilgi alabilir.<\/p>\n","protected":false},"excerpt":{"rendered":"<p>Akdeniz Belediyesi\u2019nin, sekt\u00f6r profesyonellerinin de kat\u0131l\u0131p y\u00fcz y\u00fcze e\u011fitim verece\u011fi \u2018\u0130nsan Kaynaklar\u0131 E\u011fitimine\u2019 ba\u015fvuru s\u00fcreci devam ediyor. Y\u00fczde 70 istihdam hedefi ta\u015f\u0131yan ve yo\u011fun ilgi g\u00f6rmesi beklenen e\u011fitime son ba\u015fvuru tarihi 12 Kas\u0131m 2023. Akdeniz Belediyesi K\u00fclt\u00fcr ve Sosyal \u0130\u015fler M\u00fcd\u00fcrl\u00fc\u011f\u00fc ile Mersin \u0130\u015e-KUR \u0130l M\u00fcd\u00fcrl\u00fc\u011f\u00fc i\u015fbirli\u011finde haz\u0131rlanan proje kapsam\u0131nda, sekt\u00f6r\u00fcn \u00f6nde gelen insan kaynaklar\u0131 [&hellip;]<\/p>\n","protected":false},"author":2,"featured_media":28624,"comment_status":"open","ping_status":"open","sticky":false,"template":"","format":"standard","meta":{"footnotes":""},"categories":[2,3],"tags":[],"class_list":["post-28623","post","type-post","status-publish","format-standard","has-post-thumbnail","hentry","category-gundem","category-manset"],"views":2,"_links":{"self":[{"href":"https:\/\/mersinkadingazetesi.com\/index.php?rest_route=\/wp\/v2\/posts\/28623"}],"collection":[{"href":"https:\/\/mersinkadingazetesi.com\/index.php?rest_route=\/wp\/v2\/posts"}],"about":[{"href":"https:\/\/mersinkadingazetesi.com\/index.php?rest_route=\/wp\/v2\/types\/post"}],"author":[{"embeddable":true,"href":"https:\/\/mersinkadingazetesi.com\/index.php?rest_route=\/wp\/v2\/users\/2"}],"replies":[{"embeddable":true,"href":"https:\/\/mersinkadingazetesi.com\/index.php?rest_route=%2Fwp%2Fv2%2Fcomments&post=28623"}],"version-history":[{"count":0,"href":"https:\/\/mersinkadingazetesi.com\/index.php?rest_route=\/wp\/v2\/posts\/28623\/revisions"}],"wp:featuredmedia":[{"embeddable":true,"href":"https:\/\/mersinkadingazetesi.com\/index.php?rest_route=\/wp\/v2\/media\/28624"}],"wp:attachment":[{"href":"https:\/\/mersinkadingazetesi.com\/index.php?rest_route=%2Fwp%2Fv2%2Fmedia&parent=28623"}],"wp:term":[{"taxonomy":"category","embeddable":true,"href":"https:\/\/mersinkadingazetesi.com\/index.php?rest_route=%2Fwp%2Fv2%2Fcategories&post=28623"},{"taxonomy":"post_tag","embeddable":true,"href":"https:\/\/mersinkadingazetesi.com\/index.php?rest_route=%2Fwp%2Fv2%2Ftags&post=28623"}],"curies":[{"name":"wp","href":"https:\/\/api.w.org\/{rel}","templated":true}]}}