{"id":28638,"date":"2023-11-07T12:49:02","date_gmt":"2023-11-07T09:49:02","guid":{"rendered":"http:\/\/mersinkadingazetesi.com\/?p=28638"},"modified":"2023-11-07T12:49:02","modified_gmt":"2023-11-07T09:49:02","slug":"kariyer-merkezi-ogrencilerle-bulusmaya-devam-ediyor","status":"publish","type":"post","link":"https:\/\/mersinkadingazetesi.com\/?p=28638","title":{"rendered":"KAR\u0130YER MERKEZ\u0130 \u00d6\u011eRENC\u0130LERLE BULU\u015eMAYA DEVAM ED\u0130YOR"},"content":{"rendered":"<p>Mersin B\u00fcy\u00fck\u015fehir Belediyesi b\u00fcnyesinde hizmet veren Kariyer Merkezi, \u00c7a\u011f \u00dcniversitesi&#8217;nin 18. Kariyer Festivali&#8217;nde \u00f6\u011frencilerle bulu\u015ftu. 31 Ekim-2 Kas\u0131m 2023 tarihleri aras\u0131nda \u00c7a\u011f \u00dcniversitesi Ya\u015far Baybo\u011fan Kamp\u00fcs\u00fcnde ger\u00e7ekle\u015ftirilen Kariyer Festivali&#8217;nde stant a\u00e7an Kariyer Merkezi \u00f6\u011frencilere y\u00f6nelik hizmetlerini tan\u0131tt\u0131.<\/p>\n<p>Kariyer Merkezi \u00fcniversitelerle i\u015f birli\u011fi yapmaya devam ediyor<\/p>\n<p>Mersin B\u00fcy\u00fck\u015fehir Belediyesi Kariyer Merkezi \u015eube M\u00fcd\u00fcr\u00fc Serkan \u00d6zada, 3 g\u00fcn boyunca ger\u00e7ekle\u015ftirilen Kariyer Festivali hakk\u0131nda bilgi vererek, &#8220;Kariyer Merkezi&#8217;nin kuruldu\u011fu ilk g\u00fcnden itibaren en \u00f6nemli hedef kitlelerimizden biri olan \u00fcniversite \u00f6\u011frencilerine y\u00f6nelik hizmetlerimizi \u00e7e\u015fitlendirmek \u00fczere \u00e7al\u0131\u015f\u0131yoruz. \u0130limizde bulunan d\u00f6rt \u00fcniversiteyle de i\u015f birliklerimiz en \u00fcst seviyede. Bug\u00fcne kadar y\u00fcz y\u00fcze ve \u00e7evrimi\u00e7i e\u011fitimler, deneyim payla\u015f\u0131m\u0131 ve kariyer g\u00fcnleri gibi etkinliklerle i\u015f birli\u011fi yapt\u0131\u011f\u0131m\u0131z \u00fcniversitelerimizle, Mersin B\u00fcy\u00fck\u015fehir Belediyesi ev sahipli\u011finde ger\u00e7ekle\u015ftirilen 10. \u0130nsan Kaynaklar\u0131 Zirvesinde de i\u015f birli\u011fi sa\u011flad\u0131k&#8221; dedi. \u00d6zada, Kariyer Merkezi hizmetlerinin daha geni\u015f kitlelere tan\u0131t\u0131lmas\u0131 a\u00e7\u0131s\u0131ndan fuar ve kariyer g\u00fcnleri gibi etkinliklere \u00f6nem verdiklerinin de alt\u0131n\u0131 \u00e7izdi.<\/p>\n<p>Kariyer Festivalinde \u00f6\u011frenciler Kariyer Merkezi stand\u0131na yo\u011fun ilgi g\u00f6sterirken, B\u00fcy\u00fck\u015fehir Belediyesi Sosyal Hizmetler Dairesi Ba\u015fkanl\u0131\u011f\u0131&#8217;n\u0131n Bir Ekmek Bir \u00c7orba arac\u0131 da fuar da \u00f6\u011frencilere \u00e7orba ikram etti.<\/p>\n","protected":false},"excerpt":{"rendered":"<p>Mersin B\u00fcy\u00fck\u015fehir Belediyesi b\u00fcnyesinde hizmet veren Kariyer Merkezi, \u00c7a\u011f \u00dcniversitesi&#8217;nin 18. Kariyer Festivali&#8217;nde \u00f6\u011frencilerle bulu\u015ftu. 31 Ekim-2 Kas\u0131m 2023 tarihleri aras\u0131nda \u00c7a\u011f \u00dcniversitesi Ya\u015far Baybo\u011fan Kamp\u00fcs\u00fcnde ger\u00e7ekle\u015ftirilen Kariyer Festivali&#8217;nde stant a\u00e7an Kariyer Merkezi \u00f6\u011frencilere y\u00f6nelik hizmetlerini tan\u0131tt\u0131. Kariyer Merkezi \u00fcniversitelerle i\u015f birli\u011fi yapmaya devam ediyor Mersin B\u00fcy\u00fck\u015fehir Belediyesi Kariyer Merkezi \u015eube M\u00fcd\u00fcr\u00fc Serkan \u00d6zada, 3 [&hellip;]<\/p>\n","protected":false},"author":2,"featured_media":28639,"comment_status":"open","ping_status":"open","sticky":false,"template":"","format":"standard","meta":{"footnotes":""},"categories":[2,3],"tags":[],"class_list":["post-28638","post","type-post","status-publish","format-standard","has-post-thumbnail","hentry","category-gundem","category-manset"],"views":42,"_links":{"self":[{"href":"https:\/\/mersinkadingazetesi.com\/index.php?rest_route=\/wp\/v2\/posts\/28638"}],"collection":[{"href":"https:\/\/mersinkadingazetesi.com\/index.php?rest_route=\/wp\/v2\/posts"}],"about":[{"href":"https:\/\/mersinkadingazetesi.com\/index.php?rest_route=\/wp\/v2\/types\/post"}],"author":[{"embeddable":true,"href":"https:\/\/mersinkadingazetesi.com\/index.php?rest_route=\/wp\/v2\/users\/2"}],"replies":[{"embeddable":true,"href":"https:\/\/mersinkadingazetesi.com\/index.php?rest_route=%2Fwp%2Fv2%2Fcomments&post=28638"}],"version-history":[{"count":0,"href":"https:\/\/mersinkadingazetesi.com\/index.php?rest_route=\/wp\/v2\/posts\/28638\/revisions"}],"wp:featuredmedia":[{"embeddable":true,"href":"https:\/\/mersinkadingazetesi.com\/index.php?rest_route=\/wp\/v2\/media\/28639"}],"wp:attachment":[{"href":"https:\/\/mersinkadingazetesi.com\/index.php?rest_route=%2Fwp%2Fv2%2Fmedia&parent=28638"}],"wp:term":[{"taxonomy":"category","embeddable":true,"href":"https:\/\/mersinkadingazetesi.com\/index.php?rest_route=%2Fwp%2Fv2%2Fcategories&post=28638"},{"taxonomy":"post_tag","embeddable":true,"href":"https:\/\/mersinkadingazetesi.com\/index.php?rest_route=%2Fwp%2Fv2%2Ftags&post=28638"}],"curies":[{"name":"wp","href":"https:\/\/api.w.org\/{rel}","templated":true}]}}