{"id":28668,"date":"2023-11-08T16:54:53","date_gmt":"2023-11-08T13:54:53","guid":{"rendered":"http:\/\/mersinkadingazetesi.com\/?p=28668"},"modified":"2023-11-08T16:54:53","modified_gmt":"2023-11-08T13:54:53","slug":"mersin-buyuksehir-belediyesi-kasim-ayi-olagan-meclis-toplantisinin-1-birlesimi-yapildi","status":"publish","type":"post","link":"https:\/\/mersinkadingazetesi.com\/?p=28668","title":{"rendered":"MERS\u0130N B\u00dcY\u00dcK\u015eEH\u0130R BELED\u0130YES\u0130 KASIM AYI OLA\u011eAN MECL\u0130S TOPLANTISI&#8217;NIN 1. B\u0130RLE\u015e\u0130M\u0130 YAPILDI"},"content":{"rendered":"<p>Mersin B\u00fcy\u00fck\u015fehir Belediyesi 2023 Y\u0131l\u0131 Kas\u0131m Ay\u0131 Ola\u011fan Meclis Toplant\u0131s\u0131 1. Birle\u015fimi, Mersin B\u00fcy\u00fck\u015fehir Belediye Ba\u015fkan Vekili Bedri Dursun ba\u015fkanl\u0131\u011f\u0131nda ger\u00e7ekle\u015ftirildi. Kongre ve Sergi Saray\u0131 \u00c7ok Ama\u00e7l\u0131 Salon&#8217;da ger\u00e7ekle\u015ftirilen Meclis toplant\u0131s\u0131nda birimlerden gelen 35 ve komisyonlara havale edilen 6 madde olmak \u00fczere toplam 41 madde g\u00f6r\u00fc\u015f\u00fcld\u00fc.<\/p>\n<p>Dursun: &#8220;Cumhuriyet&#8217;imizin 2. y\u00fczy\u0131l\u0131nda daha g\u00fc\u00e7l\u00fc ve mutlu bir \u00fclke \u00fcmit ediyorum&#8221;<\/p>\n<p>G\u00fcndem d\u0131\u015f\u0131 konu\u015fmalar b\u00f6l\u00fcm\u00fcnde konu\u015fan Ba\u015fkan Vekili Bedri Dursun, &#8220;29 Ekim&#8217;de Cumhuriyet&#8217;imizin kurulu\u015funun 100. y\u0131l\u0131n\u0131 kutlad\u0131k ve Cumhuriyet&#8217;imizin 2. y\u00fczy\u0131l\u0131na girdik. Yurt genelinde ve Mersin&#8217;de halk\u0131n da kat\u0131l\u0131m\u0131yla b\u00fcy\u00fck kutlamalar oldu. Mersin B\u00fcy\u00fck\u015fehir Belediyesi&#8217;nin de \u00f6nemli etkinlikleri oldu. Bu anlamda Mersin B\u00fcy\u00fck\u015fehir Belediye Ba\u015fkan\u0131m\u0131z ba\u015fta olmak \u00fczere ilgili b\u00fcrokrat arkada\u015flara da te\u015fekk\u00fcr ediyorum. Cumhuriyet&#8217;imizin 2. y\u00fczy\u0131l\u0131nda daha g\u00fc\u00e7l\u00fc ve mutlu, milli gelirde geli\u015fmi\u015f \u00fclkeleri yakalam\u0131\u015f hatta ge\u00e7mi\u015f olmay\u0131, gen\u00e7lerin ve kad\u0131nlar\u0131n ya\u015famaktan keyif ald\u0131klar\u0131 bir \u00fclke olmas\u0131n\u0131 \u00fcmit ediyorum&#8221; dedi. Gazi Mustafa Kemal Atat\u00fcrk&#8217;\u00fcn \u00f6l\u00fcm\u00fcn\u00fcn 85. y\u0131ld\u00f6n\u00fcm\u00fc dolay\u0131s\u0131yla da konu\u015fan Dursun, &#8220;Bize bu Cumhuriyet&#8217;i b\u0131rakan, mazlum milletlere \u00f6nderlik etmi\u015f olan B\u00fcy\u00fck \u00d6nder Gazi Mustafa Kemal Atat\u00fcrk&#8217;\u00fc ve silah arkada\u015flar\u0131n\u0131 rahmet, minnet ve \u00f6zlemle anl\u0131yorum. Ruhlar\u0131 \u015fad olsun&#8221; ifadelerini kulland\u0131.<\/p>\n<p>Metro projesi i\u00e7in finansman deste\u011fi toplant\u0131da oy \u00e7oklu\u011fuyla kabul edildi<\/p>\n<p>Meclis toplant\u0131s\u0131nda, &#8216;Mezitli 3 Ocak Hafif Rayl\u0131 Sistem Metro Hatt\u0131n\u0131n \u0130n\u015faat ve Elektromekanik Sistemlerinin Temini, Montaj\u0131 ve \u0130\u015fletmeye Al\u0131nmas\u0131 \u0130\u015fi&#8217; projesi i\u00e7in ihtiya\u00e7 duyulan finansman\u0131n ilgili mevzuat h\u00fck\u00fcmlerince &#8216;Banka kredisi veya Tahvil \u0130hrac\u0131&#8217; y\u00f6ntemi temini ile Cumhurba\u015fkanl\u0131\u011f\u0131 2023 y\u0131l\u0131 yat\u0131r\u0131m program\u0131nda yer alan d\u0131\u015f bor\u00e7 miktar\u0131na istinaden 1 milyar 7 milyon 357 bin 510 TL tutar\u0131nda kredi temin edilmesi i\u00e7in Mersin B\u00fcy\u00fck\u015fehir Belediye Ba\u015fkan\u0131 Vahap Se\u00e7er&#8217;in yetkilendirilmesi ile ilgili Plan ve B\u00fct\u00e7e Komisyonu&#8217;na havale edilen konu oy \u00e7oklu\u011fuyla kabul edildi.<\/p>\n<p>&#8220;MESK\u0130 altyap\u0131 \u00e7al\u0131\u015fmalar\u0131na h\u0131zla devam ediyor&#8221;<\/p>\n<p>Mersin&#8217;in n\u00fcfusunun s\u00fcrekli artt\u0131\u011f\u0131n\u0131 belirten Dursun, bu durumun da altyap\u0131 ihtiyac\u0131 do\u011furdu\u011funa dikkat \u00e7ekerek, &#8220;Hatta parasal ihtiya\u00e7lar do\u011facak. Di\u011fer partili arkada\u015flardan da destek istiyoruz. Buran\u0131n bir altyap\u0131 ihtiyac\u0131 var, yukardan gelecek deste\u011fe de ihtiyac\u0131m\u0131z var. Hep birlikte olu\u015fturulacak lobi ile bu problemler \u00e7\u00f6z\u00fcl\u00fcr&#8221; dedi ve MESK\u0130&#8217;nin bu konuda yo\u011fun \u00e7al\u0131\u015fmalar\u0131 oldu\u011funun alt\u0131n\u0131 \u00e7izdi.<\/p>\n<p>Toplant\u0131da, Mersin B\u00fcy\u00fck\u015fehir Belediyesi 2024 Y\u0131l\u0131 Performans Program\u0131,  2024 Mali Y\u0131l\u0131 Vergi, Har\u00e7 ve \u00dccret Tarifesi, 2024 (2025-2026) Mali Y\u0131l\u0131 B\u00fct\u00e7esi ile il\u00e7e belediyelerinin 2024 Y\u0131l\u0131 Performans Program\u0131 ve 2024 Mali Y\u0131l\u0131 B\u00fct\u00e7esi konular\u0131 g\u00f6r\u00fc\u015f\u00fclerek oy birli\u011fiyle Plan ve B\u00fct\u00e7e Komisyonu&#8217;na havale edildi.<\/p>\n","protected":false},"excerpt":{"rendered":"<p>Mersin B\u00fcy\u00fck\u015fehir Belediyesi 2023 Y\u0131l\u0131 Kas\u0131m Ay\u0131 Ola\u011fan Meclis Toplant\u0131s\u0131 1. Birle\u015fimi, Mersin B\u00fcy\u00fck\u015fehir Belediye Ba\u015fkan Vekili Bedri Dursun ba\u015fkanl\u0131\u011f\u0131nda ger\u00e7ekle\u015ftirildi. Kongre ve Sergi Saray\u0131 \u00c7ok Ama\u00e7l\u0131 Salon&#8217;da ger\u00e7ekle\u015ftirilen Meclis toplant\u0131s\u0131nda birimlerden gelen 35 ve komisyonlara havale edilen 6 madde olmak \u00fczere toplam 41 madde g\u00f6r\u00fc\u015f\u00fcld\u00fc. Dursun: &#8220;Cumhuriyet&#8217;imizin 2. y\u00fczy\u0131l\u0131nda daha g\u00fc\u00e7l\u00fc ve mutlu bir [&hellip;]<\/p>\n","protected":false},"author":2,"featured_media":28669,"comment_status":"open","ping_status":"open","sticky":false,"template":"","format":"standard","meta":{"footnotes":""},"categories":[3],"tags":[],"class_list":["post-28668","post","type-post","status-publish","format-standard","has-post-thumbnail","hentry","category-manset"],"views":33,"_links":{"self":[{"href":"https:\/\/mersinkadingazetesi.com\/index.php?rest_route=\/wp\/v2\/posts\/28668"}],"collection":[{"href":"https:\/\/mersinkadingazetesi.com\/index.php?rest_route=\/wp\/v2\/posts"}],"about":[{"href":"https:\/\/mersinkadingazetesi.com\/index.php?rest_route=\/wp\/v2\/types\/post"}],"author":[{"embeddable":true,"href":"https:\/\/mersinkadingazetesi.com\/index.php?rest_route=\/wp\/v2\/users\/2"}],"replies":[{"embeddable":true,"href":"https:\/\/mersinkadingazetesi.com\/index.php?rest_route=%2Fwp%2Fv2%2Fcomments&post=28668"}],"version-history":[{"count":0,"href":"https:\/\/mersinkadingazetesi.com\/index.php?rest_route=\/wp\/v2\/posts\/28668\/revisions"}],"wp:featuredmedia":[{"embeddable":true,"href":"https:\/\/mersinkadingazetesi.com\/index.php?rest_route=\/wp\/v2\/media\/28669"}],"wp:attachment":[{"href":"https:\/\/mersinkadingazetesi.com\/index.php?rest_route=%2Fwp%2Fv2%2Fmedia&parent=28668"}],"wp:term":[{"taxonomy":"category","embeddable":true,"href":"https:\/\/mersinkadingazetesi.com\/index.php?rest_route=%2Fwp%2Fv2%2Fcategories&post=28668"},{"taxonomy":"post_tag","embeddable":true,"href":"https:\/\/mersinkadingazetesi.com\/index.php?rest_route=%2Fwp%2Fv2%2Ftags&post=28668"}],"curies":[{"name":"wp","href":"https:\/\/api.w.org\/{rel}","templated":true}]}}