{"id":28687,"date":"2023-11-09T13:05:26","date_gmt":"2023-11-09T10:05:26","guid":{"rendered":"http:\/\/mersinkadingazetesi.com\/?p=28687"},"modified":"2023-11-09T13:05:26","modified_gmt":"2023-11-09T10:05:26","slug":"mersin-barosundan-yargitaya-tepki-karar-hukuk-garabetidir","status":"publish","type":"post","link":"https:\/\/mersinkadingazetesi.com\/?p=28687","title":{"rendered":"MERS\u0130N BAROSU&#8217;NDAN YARGITAY&#8217;A TEPK\u0130: KARAR HUKUK GARABET\u0130D\u0130R"},"content":{"rendered":"<p>Mersin Barosu Ba\u015fkanl\u0131\u011f\u0131 yapt\u0131\u011f\u0131 yaz\u0131l\u0131 a\u00e7\u0131klamas\u0131nda, Anayasa Mahkemesi&#8217;nin (AYM) tutuklu T\u00fcrkiye \u0130\u015f\u00e7i Partisi Milletvekili Can Atalay hakk\u0131nda hak ihlali karar\u0131 vermesi ve tahliyesini istemesi, Yarg\u0131tay 3. Ceza Dairesi&#8217;nin ise bu karara uymama ve AYM \u00fcyeleriyle ilgili su\u00e7 duyurusu karar\u0131nda bulunmas\u0131na tepki g\u00f6sterdi. A\u00e7\u0131klamada, Yarg\u0131tay&#8217;\u0131n alm\u0131\u015f oldu\u011fu karar\u0131n hukuk garabeti niteli\u011finde oldu\u011fu belirtildi.<\/p>\n<p>&#8220;HUKUKUN \u00dcST\u00dcNL\u00dc\u011e\u00dc \u0130LKES\u0130 YOK SAYILMI\u015eTIR&#8221;<\/p>\n<p>Mersin Barosu Ba\u015fkanl\u0131\u011f\u0131, Yarg\u0131tay&#8217;\u0131n AYM&#8217;ye y\u00f6nelik su\u00e7 duyurusuna kar\u015f\u0131 yapt\u0131\u011f\u0131 yaz\u0131l\u0131 a\u00e7\u0131klamas\u0131nda \u015fu ifadelere yer verdi:<\/p>\n<p>Anayasa Mahkemesi taraf\u0131ndan; 14 May\u0131s genel se\u00e7imlerinde milletvekili se\u00e7ilen Can Atalay&#8217;\u0131n yapm\u0131\u015f oldu\u011fu bireysel ba\u015fvuru neticesinde hak ihlali oldu\u011funa ili\u015fkin olarak verilen karar Yarg\u0131tay 3. Ceza Dairesi taraf\u0131ndan yok say\u0131lm\u0131\u015ft\u0131r. Anayasa Mahkemesi&#8217;nin bu konuda inceleme yetkisinin bulunmad\u0131\u011f\u0131 belirtilen kararda, Can Atalay&#8217;\u0131n milletvekilli\u011finin d\u00fc\u015f\u00fcr\u00fclmesine y\u00f6nelik i\u015flemlere ba\u015flanmas\u0131 i\u00e7in karar \u00f6rne\u011finin TBMM&#8217;ye g\u00f6nderilmesine, ayr\u0131ca &#8216;kendisine verilen yetki s\u0131n\u0131rlar\u0131n\u0131 yasal olmayacak \u015fekilde a\u015farak hak ihlalinin kabul\u00fc y\u00f6n\u00fcnde oy kullanan ilgili Anayasa Mahkemesi \u00fcyeleri hakk\u0131nda gere\u011finin takdir ve ifas\u0131 i\u00e7in Yarg\u0131tay Cumhuriyet Ba\u015fsavc\u0131l\u0131\u011f\u0131&#8217;na su\u00e7 duyurusunda bulunulmas\u0131na&#8217; h\u00fckmedilmi\u015ftir.<\/p>\n<p>Bir hukuk garabeti niteli\u011finde olan bu karar; Anayasal devletin g\u00fcvencelerinden biri niteli\u011finde olan bireysel ba\u015fvuru yolunu etkili bir ba\u015fvuru yolu olmaktan \u00e7\u0131karm\u0131\u015f, hukukun \u00fcst\u00fcnl\u00fc\u011f\u00fc ilkesini yok saym\u0131\u015f, keyfili\u011fin yarg\u0131n\u0131n en \u00fcst makam\u0131na kadar uzand\u0131\u011f\u0131n\u0131 ortaya koymu\u015ftur. An\u0131lan karar Anayasa&#8217;n\u0131n &#8220;Hi\u00e7bir kimse veya organ kayna\u011f\u0131n\u0131 Anayasadan almayan bir Devlet yetkisi kullanamaz.&#8221; \u015feklindeki 6. maddesi h\u00fckm\u00fcne a\u00e7\u0131k\u00e7a ayk\u0131r\u0131d\u0131r.<\/p>\n<p>&#8220;TAR\u0130HE KARA B\u0130R LEKE OLARAK GE\u00c7ECEKT\u0130R&#8221;<\/p>\n<p>Yarg\u0131tay 3. Ceza Dairesinin, Anayasa Mahkemesi&#8217;nin hak ihlali yap\u0131ld\u0131\u011f\u0131n\u0131n kabul\u00fcne dair verdi\u011fi karara uymayaca\u011f\u0131na Anayasal yetkisi olmadan karar vermesi Anayasa&#8217;y\u0131 fiilen i\u015flevsiz k\u0131lm\u0131\u015ft\u0131r. Normlar hiyerar\u015fisini, Anayasa&#8217;n\u0131n \u00fcst\u00fcnl\u00fc\u011f\u00fcn\u00fc yok sayan bu karar Yarg\u0131tay a\u00e7\u0131s\u0131ndan tarihe kara bir leke olarak ge\u00e7ecektir.<\/p>\n<p>Anayasa&#8217;n\u0131n 11. maddesi &#8220;Anayasa h\u00fck\u00fcmleri, yasama, y\u00fcr\u00fctme ve yarg\u0131 organlar\u0131n\u0131, idare makamlar\u0131n\u0131 ve di\u011fer kurulu\u015f ve ki\u015fileri ba\u011flayan temel hukuk kurallar\u0131d\u0131r.&#8221; h\u00fckm\u00fcn\u00fc, 153. maddesi &#8220;Anayasa Mahkemesi&#8217;nin kararlar\u0131 kesindir. Anayasa Mahkemesi kararlar\u0131 Resmi Gazete&#8217;de hemen yay\u0131mlan\u0131r ve yasama, y\u00fcr\u00fctme ve yarg\u0131 organlar\u0131n\u0131, idare makamlar\u0131n\u0131, ger\u00e7ek ve t\u00fczel ki\u015fileri ba\u011flar.&#8221; h\u00fckm\u00fcn\u00fc amirdir.<\/p>\n<p>&#8220;ANAYASA MAHKEMES\u0130&#8217;N\u0130N KARARININ TANINMAMASININ HUKUKEN H\u0130\u00c7B\u0130R \u0130ZAHI BULUNMAMAKTADIR&#8221;<\/p>\n<p>Anayasa, \u00fclke \u00fczerindeki egemenlik haklar\u0131n\u0131n kullan\u0131m yetkisinin devlete verildi\u011fini belirleyen toplumsal bir s\u00f6zle\u015fmedir. Bu toplumsal s\u00f6zle\u015fmenin do\u011fru \u015fekilde uygulan\u0131p uygulanmad\u0131\u011f\u0131n\u0131 kontrol eden Anayasa Mahkemesi&#8217;nin karar\u0131n\u0131n tan\u0131nmamas\u0131n\u0131n hukuken hi\u00e7bir izah\u0131 bulunmamaktad\u0131r. Kuvvetler ayr\u0131l\u0131\u011f\u0131 ilkesinin zedelenmesi sonucu farkl\u0131 erkler aras\u0131nda m\u00fccadele edildi\u011fine zaman zaman tan\u0131k olunmu\u015ftur ancak ayn\u0131 erk kapsam\u0131nda bulunan y\u00fcksek yarg\u0131 organlar\u0131 aras\u0131nda hukuka ayk\u0131r\u0131 \u015fekilde, karar\u0131 yok sayma a\u015famas\u0131na varan bir m\u00fccadele adalet sistemi a\u00e7\u0131s\u0131ndan kayg\u0131 vericidir.<\/p>\n<p>Yarg\u0131tay&#8217;\u0131n, normlar hiyerar\u015fisine g\u00f6re en \u00fcstte bulunan Anayasa&#8217;ya uygunluk denetimini yapan merci olan Anayasa Mahkemesi kararlar\u0131 ile ilgili olarak denetim yapma yetkisinin olmad\u0131\u011f\u0131n\u0131, yetki a\u015f\u0131m\u0131 yap\u0131larak verilen bu karar\u0131n Anayasal d\u00fczene olan g\u00fcveni temelden sarst\u0131\u011f\u0131n\u0131 kamuoyuna sayg\u0131yla bildiririz.&#8221;<\/p>\n","protected":false},"excerpt":{"rendered":"<p>Mersin Barosu Ba\u015fkanl\u0131\u011f\u0131 yapt\u0131\u011f\u0131 yaz\u0131l\u0131 a\u00e7\u0131klamas\u0131nda, Anayasa Mahkemesi&#8217;nin (AYM) tutuklu T\u00fcrkiye \u0130\u015f\u00e7i Partisi Milletvekili Can Atalay hakk\u0131nda hak ihlali karar\u0131 vermesi ve tahliyesini istemesi, Yarg\u0131tay 3. Ceza Dairesi&#8217;nin ise bu karara uymama ve AYM \u00fcyeleriyle ilgili su\u00e7 duyurusu karar\u0131nda bulunmas\u0131na tepki g\u00f6sterdi. A\u00e7\u0131klamada, Yarg\u0131tay&#8217;\u0131n alm\u0131\u015f oldu\u011fu karar\u0131n hukuk garabeti niteli\u011finde oldu\u011fu belirtildi. &#8220;HUKUKUN \u00dcST\u00dcNL\u00dc\u011e\u00dc \u0130LKES\u0130 [&hellip;]<\/p>\n","protected":false},"author":2,"featured_media":28688,"comment_status":"open","ping_status":"open","sticky":false,"template":"","format":"standard","meta":{"footnotes":""},"categories":[7,2,3,5],"tags":[],"class_list":["post-28687","post","type-post","status-publish","format-standard","has-post-thumbnail","hentry","category-dunya","category-gundem","category-manset","category-mersin"],"views":27,"_links":{"self":[{"href":"https:\/\/mersinkadingazetesi.com\/index.php?rest_route=\/wp\/v2\/posts\/28687"}],"collection":[{"href":"https:\/\/mersinkadingazetesi.com\/index.php?rest_route=\/wp\/v2\/posts"}],"about":[{"href":"https:\/\/mersinkadingazetesi.com\/index.php?rest_route=\/wp\/v2\/types\/post"}],"author":[{"embeddable":true,"href":"https:\/\/mersinkadingazetesi.com\/index.php?rest_route=\/wp\/v2\/users\/2"}],"replies":[{"embeddable":true,"href":"https:\/\/mersinkadingazetesi.com\/index.php?rest_route=%2Fwp%2Fv2%2Fcomments&post=28687"}],"version-history":[{"count":0,"href":"https:\/\/mersinkadingazetesi.com\/index.php?rest_route=\/wp\/v2\/posts\/28687\/revisions"}],"wp:featuredmedia":[{"embeddable":true,"href":"https:\/\/mersinkadingazetesi.com\/index.php?rest_route=\/wp\/v2\/media\/28688"}],"wp:attachment":[{"href":"https:\/\/mersinkadingazetesi.com\/index.php?rest_route=%2Fwp%2Fv2%2Fmedia&parent=28687"}],"wp:term":[{"taxonomy":"category","embeddable":true,"href":"https:\/\/mersinkadingazetesi.com\/index.php?rest_route=%2Fwp%2Fv2%2Fcategories&post=28687"},{"taxonomy":"post_tag","embeddable":true,"href":"https:\/\/mersinkadingazetesi.com\/index.php?rest_route=%2Fwp%2Fv2%2Ftags&post=28687"}],"curies":[{"name":"wp","href":"https:\/\/api.w.org\/{rel}","templated":true}]}}