{"id":28718,"date":"2023-11-10T16:57:28","date_gmt":"2023-11-10T13:57:28","guid":{"rendered":"http:\/\/mersinkadingazetesi.com\/?p=28718"},"modified":"2023-11-10T16:57:28","modified_gmt":"2023-11-10T13:57:28","slug":"toroslar-atayi-ozlem-ve-saygiyla-andi","status":"publish","type":"post","link":"https:\/\/mersinkadingazetesi.com\/?p=28718","title":{"rendered":"TOROSLAR, ATA&#8217;YI \u00d6ZLEM VE SAYGIYLA ANDI"},"content":{"rendered":"<p>Mersin&#8217;in merkez il\u00e7esi Toroslar Belediyesi, T\u00fcrkiye Cumhuriyeti&#8217;nin kurucusu Gazi Mustafa Kemal Atat\u00fcrk&#8217;\u00fc ebediyete irtihalinin 85&#8217;inci y\u0131l d\u00f6n\u00fcm\u00fcnde t\u00f6renle and\u0131.<\/p>\n<p>Belediye personeli ve \u00e7evredeki vatanda\u015flar, ba\u011f\u0131ms\u0131zl\u0131\u011f\u0131m\u0131z\u0131n mimar\u0131 Gazi Mustafa Kemal Atat\u00fcrk&#8217;\u00fc belediye ana hizmet binas\u0131 \u00f6n\u00fcnde d\u00fczenlenen \u00c7elenk Sunma T\u00f6reniyle yad etti. T\u00f6rene, gelece\u011fimizin teminat\u0131 minik \u00e7ocuklar da kat\u0131ld\u0131.<\/p>\n<p>Atat\u00fcrk b\u00fcst\u00fc \u00f6n\u00fcnde Belediye Zab\u0131ta ekiplerinin ara\u00e7lar\u0131n\u0131n sirenleriyle ba\u015flayan anma t\u00f6reni, saatler 09.05&#8217;i g\u00f6sterdi\u011fi anda iki dakikal\u0131k sayg\u0131 duru\u015fu ve ard\u0131ndan \u0130stiklal Mar\u015f\u0131 ile devam etti.<\/p>\n<p>Siren seslerinin duyulmas\u0131 ile birlikte ara\u00e7 s\u00fcr\u00fcc\u00fcleri de ara\u00e7lar\u0131ndan inerek sayg\u0131 duru\u015funa e\u015flik ederken, belediye \u00f6n\u00fcndeki bayraklar \u0130stiklal Mar\u015f\u0131 okunurken yar\u0131ya indirildi.<\/p>\n","protected":false},"excerpt":{"rendered":"<p>Mersin&#8217;in merkez il\u00e7esi Toroslar Belediyesi, T\u00fcrkiye Cumhuriyeti&#8217;nin kurucusu Gazi Mustafa Kemal Atat\u00fcrk&#8217;\u00fc ebediyete irtihalinin 85&#8217;inci y\u0131l d\u00f6n\u00fcm\u00fcnde t\u00f6renle and\u0131. Belediye personeli ve \u00e7evredeki vatanda\u015flar, ba\u011f\u0131ms\u0131zl\u0131\u011f\u0131m\u0131z\u0131n mimar\u0131 Gazi Mustafa Kemal Atat\u00fcrk&#8217;\u00fc belediye ana hizmet binas\u0131 \u00f6n\u00fcnde d\u00fczenlenen \u00c7elenk Sunma T\u00f6reniyle yad etti. T\u00f6rene, gelece\u011fimizin teminat\u0131 minik \u00e7ocuklar da kat\u0131ld\u0131. Atat\u00fcrk b\u00fcst\u00fc \u00f6n\u00fcnde Belediye Zab\u0131ta ekiplerinin ara\u00e7lar\u0131n\u0131n [&hellip;]<\/p>\n","protected":false},"author":2,"featured_media":28719,"comment_status":"open","ping_status":"open","sticky":false,"template":"","format":"standard","meta":{"footnotes":""},"categories":[3],"tags":[],"class_list":["post-28718","post","type-post","status-publish","format-standard","has-post-thumbnail","hentry","category-manset"],"views":3,"_links":{"self":[{"href":"https:\/\/mersinkadingazetesi.com\/index.php?rest_route=\/wp\/v2\/posts\/28718"}],"collection":[{"href":"https:\/\/mersinkadingazetesi.com\/index.php?rest_route=\/wp\/v2\/posts"}],"about":[{"href":"https:\/\/mersinkadingazetesi.com\/index.php?rest_route=\/wp\/v2\/types\/post"}],"author":[{"embeddable":true,"href":"https:\/\/mersinkadingazetesi.com\/index.php?rest_route=\/wp\/v2\/users\/2"}],"replies":[{"embeddable":true,"href":"https:\/\/mersinkadingazetesi.com\/index.php?rest_route=%2Fwp%2Fv2%2Fcomments&post=28718"}],"version-history":[{"count":0,"href":"https:\/\/mersinkadingazetesi.com\/index.php?rest_route=\/wp\/v2\/posts\/28718\/revisions"}],"wp:featuredmedia":[{"embeddable":true,"href":"https:\/\/mersinkadingazetesi.com\/index.php?rest_route=\/wp\/v2\/media\/28719"}],"wp:attachment":[{"href":"https:\/\/mersinkadingazetesi.com\/index.php?rest_route=%2Fwp%2Fv2%2Fmedia&parent=28718"}],"wp:term":[{"taxonomy":"category","embeddable":true,"href":"https:\/\/mersinkadingazetesi.com\/index.php?rest_route=%2Fwp%2Fv2%2Fcategories&post=28718"},{"taxonomy":"post_tag","embeddable":true,"href":"https:\/\/mersinkadingazetesi.com\/index.php?rest_route=%2Fwp%2Fv2%2Ftags&post=28718"}],"curies":[{"name":"wp","href":"https:\/\/api.w.org\/{rel}","templated":true}]}}