{"id":28721,"date":"2023-11-10T16:58:05","date_gmt":"2023-11-10T13:58:05","guid":{"rendered":"http:\/\/mersinkadingazetesi.com\/?p=28721"},"modified":"2023-11-10T16:58:05","modified_gmt":"2023-11-10T13:58:05","slug":"buyuksehir-mersinin-her-noktasinda-ulu-onder-ataturku-andi","status":"publish","type":"post","link":"https:\/\/mersinkadingazetesi.com\/?p=28721","title":{"rendered":"B\u00dcY\u00dcK\u015eEH\u0130R MERS\u0130N&#8217;\u0130N HER NOKTASINDA ULU \u00d6NDER ATAT\u00dcRK&#8217;\u00dc ANDI"},"content":{"rendered":"<p>Mersin B\u00fcy\u00fck\u015fehir Belediyesi, T\u00fcrkiye Cumhuriyeti&#8217;nin kurucusu Gazi Mustafa Kemal Atat\u00fcrk&#8217;\u00fc kentin her noktas\u0131nda sevgi, minnet ve sayg\u0131yla and\u0131.<\/p>\n<p>&#8217;10 Kas\u0131m Atat\u00fcrk&#8217;\u00fc Anma G\u00fcn\u00fc&#8217; kapsam\u0131nda Mersin B\u00fcy\u00fck\u015fehir Belediyesi Kad\u0131n ve Aile Hizmetleri Dairesi Ba\u015fkanl\u0131\u011f\u0131&#8217;na ba\u011fl\u0131 M\u00fcnir \u00d6zkul, Adile Teyze, Tarsus Begonvil ve Halkkent \u00c7ocuk Geli\u015fim Merkezi ile Yenice Ya\u015far Baybo\u011fan, Mevlana Kad\u0131n ve \u00c7ocuk At\u00f6lyesi&#8217;nin yan\u0131 s\u0131ra Silifke Gazi \u00c7iftli\u011fi ve Tarsus Gen\u00e7lik Kamp\u0131&#8217;nda program d\u00fczenlendi. Minik \u00f6\u011frenciler Gazi Mustafa Kemal Atat\u00fcrk&#8217;\u00fc and\u0131klar\u0131 \u015fark\u0131lar s\u00f6yleyip, \u015fiirler okudu, temsili olarak haz\u0131rlanan An\u0131tkabir maketine karanfiller b\u0131rakt\u0131lar.<\/p>\n<p>Tan: &#8220;Atat\u00fcrk kalbimizde hi\u00e7 bitmeyecek bir sevgiye imza att\u0131&#8221;<\/p>\n<p>T\u00fcrkiye Cumhuriyeti&#8217;nin kurucusu Ulu \u00d6nder Gazi Mustafa Kemal Atart\u00fcrk&#8217;\u00fcn aram\u0131zdan ayr\u0131l\u0131\u015f\u0131n\u0131n 85. y\u0131ld\u00f6n\u00fcm\u00fcnde minik \u00f6\u011frencileriyle anma etkinli\u011fi d\u00fczenlediklerini s\u00f6yleyen M\u00fcnir \u00d6zkul \u00c7ocuk Geli\u015fim Merkezi Birim Sorumlusu K\u00fcbra Tan, &#8220;Ulu \u00d6nder Atat\u00fcrk, geride b\u0131rakt\u0131\u011f\u0131 eserleriyle milletimizin kalbinde sonsuza dek hi\u00e7 bitmeyecek bir sevgiye imza atm\u0131\u015f, bu nedenle de g\u00fcn\u00fcm\u00fcze dek yasat\u0131lm\u0131\u015f ve ebediyete kadar da bu milletin kalbinde ya\u015fayacakt\u0131r. Ata&#8217;m\u0131z\u0131n en b\u00fcy\u00fck emaneti olan T\u00fcrkiye Cumhuriyeti&#8217;ne her zaman ve her t\u00fcrl\u00fc durumda sahip \u00e7\u0131kaca\u011f\u0131m\u0131za s\u00f6z vererek, onu \u00f6l\u00fcm y\u0131ld\u00f6n\u00fcm\u00fc sebebiyle d\u00fczenledi\u011fimiz program\u0131m\u0131zda rahmet ve minnetle an\u0131yoruz&#8221; ifadelerine yer verdi.<\/p>\n<p>Minikler \u015fiirlerle, \u015fark\u0131larla Ulu \u00d6nderi and\u0131<\/p>\n<p>Minik \u00f6\u011frenciler ise Atat\u00fcrk&#8217;\u00fc and\u0131klar\u0131 \u015fark\u0131larla dans g\u00f6sterisi d\u00fczenlediler, ard\u0131ndan &#8216;Atat\u00fcrk&#8217; \u015fiirini okudular.<\/p>\n","protected":false},"excerpt":{"rendered":"<p>Mersin B\u00fcy\u00fck\u015fehir Belediyesi, T\u00fcrkiye Cumhuriyeti&#8217;nin kurucusu Gazi Mustafa Kemal Atat\u00fcrk&#8217;\u00fc kentin her noktas\u0131nda sevgi, minnet ve sayg\u0131yla and\u0131. &#8217;10 Kas\u0131m Atat\u00fcrk&#8217;\u00fc Anma G\u00fcn\u00fc&#8217; kapsam\u0131nda Mersin B\u00fcy\u00fck\u015fehir Belediyesi Kad\u0131n ve Aile Hizmetleri Dairesi Ba\u015fkanl\u0131\u011f\u0131&#8217;na ba\u011fl\u0131 M\u00fcnir \u00d6zkul, Adile Teyze, Tarsus Begonvil ve Halkkent \u00c7ocuk Geli\u015fim Merkezi ile Yenice Ya\u015far Baybo\u011fan, Mevlana Kad\u0131n ve \u00c7ocuk At\u00f6lyesi&#8217;nin yan\u0131 [&hellip;]<\/p>\n","protected":false},"author":2,"featured_media":28722,"comment_status":"open","ping_status":"open","sticky":false,"template":"","format":"standard","meta":{"footnotes":""},"categories":[1,2,3],"tags":[],"class_list":["post-28721","post","type-post","status-publish","format-standard","has-post-thumbnail","hentry","category-genel","category-gundem","category-manset"],"views":2,"_links":{"self":[{"href":"https:\/\/mersinkadingazetesi.com\/index.php?rest_route=\/wp\/v2\/posts\/28721"}],"collection":[{"href":"https:\/\/mersinkadingazetesi.com\/index.php?rest_route=\/wp\/v2\/posts"}],"about":[{"href":"https:\/\/mersinkadingazetesi.com\/index.php?rest_route=\/wp\/v2\/types\/post"}],"author":[{"embeddable":true,"href":"https:\/\/mersinkadingazetesi.com\/index.php?rest_route=\/wp\/v2\/users\/2"}],"replies":[{"embeddable":true,"href":"https:\/\/mersinkadingazetesi.com\/index.php?rest_route=%2Fwp%2Fv2%2Fcomments&post=28721"}],"version-history":[{"count":0,"href":"https:\/\/mersinkadingazetesi.com\/index.php?rest_route=\/wp\/v2\/posts\/28721\/revisions"}],"wp:featuredmedia":[{"embeddable":true,"href":"https:\/\/mersinkadingazetesi.com\/index.php?rest_route=\/wp\/v2\/media\/28722"}],"wp:attachment":[{"href":"https:\/\/mersinkadingazetesi.com\/index.php?rest_route=%2Fwp%2Fv2%2Fmedia&parent=28721"}],"wp:term":[{"taxonomy":"category","embeddable":true,"href":"https:\/\/mersinkadingazetesi.com\/index.php?rest_route=%2Fwp%2Fv2%2Fcategories&post=28721"},{"taxonomy":"post_tag","embeddable":true,"href":"https:\/\/mersinkadingazetesi.com\/index.php?rest_route=%2Fwp%2Fv2%2Ftags&post=28721"}],"curies":[{"name":"wp","href":"https:\/\/api.w.org\/{rel}","templated":true}]}}