{"id":28727,"date":"2023-11-10T17:13:41","date_gmt":"2023-11-10T14:13:41","guid":{"rendered":"http:\/\/mersinkadingazetesi.com\/?p=28727"},"modified":"2023-11-10T17:13:41","modified_gmt":"2023-11-10T14:13:41","slug":"uluslararasi-akdeniz-su-sporlari-festivaline-tum-mersinlileri-bekliyoruz","status":"publish","type":"post","link":"https:\/\/mersinkadingazetesi.com\/?p=28727","title":{"rendered":"\u2018ULUSLARARASI AKDEN\u0130Z SU SPORLARI FEST\u0130VAL\u0130NE T\u00dcM MERS\u0130NL\u0130LER\u0130 BEKL\u0130YORUZ\u2019"},"content":{"rendered":"<p>Akdeniz Belediye Ba\u015fkan\u0131 M. Mustafa G\u00fcltak, t\u00fcm Mersinlileri ve hafta sonu yolu Mersin\u2019e d\u00fc\u015fecek b\u00fct\u00fcn vatanda\u015flar\u0131, Mersin Millet Bah\u00e7esi sahil etab\u0131nda ilk kez d\u00fczenlenecek; 11 Kas\u0131m Cumartesi g\u00fcn\u00fc ba\u015flay\u0131p 12 Kas\u0131m Pazar g\u00fcn\u00fc sona erecek olan \u201cUluslararas\u0131 Akdeniz Su Sporlar\u0131 Festivalini\u201d izlemeye davet etti.<\/p>\n<p>Akdeniz Belediye Meclisi, Kas\u0131m ay\u0131 ikinci birle\u015fim, birinci oturumunu M. Mustafa G\u00fcltak Ba\u015fkanl\u0131\u011f\u0131\u2019nda ger\u00e7ekle\u015ftirdi. Sayg\u0131 Duru\u015fu ve \u0130stiklal Mar\u015f\u0131 ile ba\u015flaya toplant\u0131da bir \u00f6nceki birle\u015fim tutanak \u00f6zetleri oybirli\u011fi ile kabul edildi. Kurtulu\u015f Sava\u015f\u0131\u2019n\u0131n Mimar\u0131 ve T\u00fcrkiye Cumhuriyeti\u2019nin kurucusu Gazi Mustafa Kemal Atat\u00fcrk\u2019\u00fcn vefat\u0131n\u0131n 85\u2019inci y\u0131ld\u00f6n\u00fcm\u00fc dolay\u0131s\u0131yla a\u00e7\u0131klama yapan Ba\u015fkan G\u00fcltak, \u201cBir asr\u0131 geride b\u0131rakan Cumhuriyetimizin kurulu\u015funun 100\u2019\u00fcnc\u00fc y\u0131l\u0131nda; Gazi Mustafa Kemal\u2019i ve \u2018En b\u00fcy\u00fck eserim\u2019 dedi\u011fi Cumhuriyeti anlamak, y\u00fcceltmek ve gelecek nesillere en g\u00fc\u00e7l\u00fc \u015fekilde teslim etmek bizlere d\u00fc\u015fen en asil, en b\u00fcy\u00fck b\u00fcy\u00fck g\u00f6revdir. Daha nice bin y\u0131llar ya\u015fayacak Cumhuriyetimizin kurucusu Atat\u00fcrk ve Kahraman Silah Arkada\u015flar\u0131na, aziz \u015fehitlerimize ve kahraman gazilerimize, istiklal m\u00fccadelemizin kahramanlar\u0131na minnetlerimi sunuyorum\u201d dedi.<\/p>\n<p>\u201cFestivale, yerli ve<br \/>\nyabanc\u0131 500 sporcu<br \/>\nkat\u0131lacak\u201d<\/p>\n<p>Ba\u015fkan G\u00fcltak, konu\u015fmas\u0131n\u0131n devam\u0131nda Millet Bah\u00e7esi sahil etab\u0131nda yar\u0131n ba\u015flayacak olan ve kentte ilk kez organize edilen Uluslararas\u0131 Akdeniz Su Sporlar\u0131 Festivali\u2019ne de Mersinlileri davet etti. Ba\u015fkan G\u00fcltak;\u201d Millet Bah\u00e7esi sahil etab\u0131nda yani eski lunapark alan\u0131nda bu hafta sonu ger\u00e7ekle\u015fecek uluslararas\u0131 nitelikteki festivale, yurtd\u0131\u015f\u0131ndan 200; yurti\u00e7inden 300 olmak \u00fczere toplamda 500 sporcu kat\u0131lacak. Mersin\u2019in ve Akdeniz\u2019in marka de\u011ferinin y\u00fckselmesini sa\u011flayacak birinci s\u0131n\u0131f ve A kalite bir festivali ilk kez kentimizde ger\u00e7ekle\u015ftirmi\u015f olaca\u011f\u0131z\u201d diye konu\u015ftu.<\/p>\n<p>\u201cBu hafta sonu<br \/>\nkimseye randevu<br \/>\nvermeyin\u201d<\/p>\n<p>Etkinli\u011fin i\u00e7eri\u011fi hakk\u0131nda da bir tak\u0131m bilgiler veren Ba\u015fkan G\u00fcltak, \u201cSu sporlar\u0131 festivalimiz kapsam\u0131nda yelken yar\u0131\u015flar\u0131, su kaya\u011f\u0131, helikopter, plaj voleybolu ve futbolu, can kurtarma, \u00e7im hokeyi ve kaykay gibi 13 farkl\u0131 dalda \u00e7eki\u015fmeli yar\u0131\u015fmalar organize edilecek. Mersinli hem\u015ferilerimize \u00e7a\u011fr\u0131m \u015fudur; Bu hafta sonu kimseye randevu vermeyin! Birbirinden heyecanl\u0131 yar\u0131\u015fma ve etkinlikler, su, plaj ve kara sporlar\u0131 ile g\u00f6sterilerin yer alaca\u011f\u0131 festivalimize herkesi davet ediyorum\u201d ifadelerini kulland\u0131.<\/p>\n<p>Mersin Uluslararas\u0131<br \/>\nTiyatro Festivaline<br \/>\n75 bin TL destek<\/p>\n<p>Akdeniz Belediyesi taraf\u0131ndan, 25 Kas\u0131m\u20133 Aral\u0131k 2023 tarihlerinde yap\u0131lacak 7\u2019nci Mersin Uluslararas\u0131 Tiyatro Festivali\u2019ne; KDV d\u00e2hil 75 bin TL maddi destek sa\u011flanmas\u0131 ile ilgili teklif de \u00fcyelerin oybirli\u011fi ile Meclis toplant\u0131s\u0131nda kabul edildi.<br \/>\nAkdeniz Belediye Meclisi\u2019nin bir sonraki toplant\u0131s\u0131 4 Aral\u0131k 2023 tarihinde saat 10:00\u2019da yap\u0131lacak.<\/p>\n","protected":false},"excerpt":{"rendered":"<p>Akdeniz Belediye Ba\u015fkan\u0131 M. Mustafa G\u00fcltak, t\u00fcm Mersinlileri ve hafta sonu yolu Mersin\u2019e d\u00fc\u015fecek b\u00fct\u00fcn vatanda\u015flar\u0131, Mersin Millet Bah\u00e7esi sahil etab\u0131nda ilk kez d\u00fczenlenecek; 11 Kas\u0131m Cumartesi g\u00fcn\u00fc ba\u015flay\u0131p 12 Kas\u0131m Pazar g\u00fcn\u00fc sona erecek olan \u201cUluslararas\u0131 Akdeniz Su Sporlar\u0131 Festivalini\u201d izlemeye davet etti. Akdeniz Belediye Meclisi, Kas\u0131m ay\u0131 ikinci birle\u015fim, birinci oturumunu M. Mustafa [&hellip;]<\/p>\n","protected":false},"author":2,"featured_media":28728,"comment_status":"open","ping_status":"open","sticky":false,"template":"","format":"standard","meta":{"footnotes":""},"categories":[7,3,10],"tags":[],"class_list":["post-28727","post","type-post","status-publish","format-standard","has-post-thumbnail","hentry","category-dunya","category-manset","category-spor"],"views":8,"_links":{"self":[{"href":"https:\/\/mersinkadingazetesi.com\/index.php?rest_route=\/wp\/v2\/posts\/28727"}],"collection":[{"href":"https:\/\/mersinkadingazetesi.com\/index.php?rest_route=\/wp\/v2\/posts"}],"about":[{"href":"https:\/\/mersinkadingazetesi.com\/index.php?rest_route=\/wp\/v2\/types\/post"}],"author":[{"embeddable":true,"href":"https:\/\/mersinkadingazetesi.com\/index.php?rest_route=\/wp\/v2\/users\/2"}],"replies":[{"embeddable":true,"href":"https:\/\/mersinkadingazetesi.com\/index.php?rest_route=%2Fwp%2Fv2%2Fcomments&post=28727"}],"version-history":[{"count":0,"href":"https:\/\/mersinkadingazetesi.com\/index.php?rest_route=\/wp\/v2\/posts\/28727\/revisions"}],"wp:featuredmedia":[{"embeddable":true,"href":"https:\/\/mersinkadingazetesi.com\/index.php?rest_route=\/wp\/v2\/media\/28728"}],"wp:attachment":[{"href":"https:\/\/mersinkadingazetesi.com\/index.php?rest_route=%2Fwp%2Fv2%2Fmedia&parent=28727"}],"wp:term":[{"taxonomy":"category","embeddable":true,"href":"https:\/\/mersinkadingazetesi.com\/index.php?rest_route=%2Fwp%2Fv2%2Fcategories&post=28727"},{"taxonomy":"post_tag","embeddable":true,"href":"https:\/\/mersinkadingazetesi.com\/index.php?rest_route=%2Fwp%2Fv2%2Ftags&post=28727"}],"curies":[{"name":"wp","href":"https:\/\/api.w.org\/{rel}","templated":true}]}}