{"id":28735,"date":"2023-11-11T22:38:12","date_gmt":"2023-11-11T19:38:12","guid":{"rendered":"http:\/\/mersinkadingazetesi.com\/?p=28735"},"modified":"2023-11-11T22:38:12","modified_gmt":"2023-11-11T19:38:12","slug":"istanbul-maratonunda-5-uluslararasi-mersin-maratonuna-kayitlar-alindi","status":"publish","type":"post","link":"https:\/\/mersinkadingazetesi.com\/?p=28735","title":{"rendered":"\u0130STANBUL MARATONU&#8217;NDA &#8216;5. ULUSLARARASI MERS\u0130N MARATONU&#8217;NA KAYITLAR ALINDI"},"content":{"rendered":"<p>Mersin B\u00fcy\u00fck\u015fehir Belediyesi Gen\u00e7lik ve Spor Hizmetleri Dairesi Ba\u015fkanl\u0131\u011f\u0131, bu y\u0131l 45.&#8217;si ger\u00e7ekle\u015ftirilen &#8216;\u0130stanbul Maratonu&#8217; kapsam\u0131nda a\u00e7\u0131lan fuarda yerini ald\u0131.<\/p>\n<p>Mersin B\u00fcy\u00fck\u015fehir Belediye Ba\u015fkan\u0131 Vahap Se\u00e7er \u00f6nc\u00fcl\u00fc\u011f\u00fcnde spor kenti olma \u00f6zelli\u011fini de \u00f6n plana ta\u015f\u0131yan Mersin&#8217;de d\u00fczenlenen &#8216;Uluslararas\u0131 Tarsus Yar\u0131 Maratonu&#8217;, &#8216;Kilikya Ultra Maratonu&#8217; ve 10 Aral\u0131k 2023 tarihinde ger\u00e7ekle\u015fecek olan &#8216;5. Uluslararas\u0131 Mersin Maratonu&#8217; hakk\u0131nda yurt i\u00e7i ve yurtd\u0131\u015f\u0131ndan fuara gelen t\u00fcm sporcu ve ziyaret\u00e7ilere detayl\u0131 bilgiler verildi.<\/p>\n<p>Bu y\u0131l 42 K,10 K, paten yar\u0131\u015f\u0131 ve Halk Ko\u015fusu kategorilerinde yap\u0131lacak &#8216;5. Uluslararas\u0131 Mersin Maratonu&#8217;na kay\u0131tlar al\u0131nd\u0131 ve \u0130stanbul Maratonu izlenip, B\u00fcy\u00fck\u015fehir Belediyesi&#8217;nin yapmay\u0131 planlad\u0131\u011f\u0131 maratonlar\u0131 daha ileriye ta\u015f\u0131mak ad\u0131na tespitlerde bulunuldu.<\/p>\n","protected":false},"excerpt":{"rendered":"<p>Mersin B\u00fcy\u00fck\u015fehir Belediyesi Gen\u00e7lik ve Spor Hizmetleri Dairesi Ba\u015fkanl\u0131\u011f\u0131, bu y\u0131l 45.&#8217;si ger\u00e7ekle\u015ftirilen &#8216;\u0130stanbul Maratonu&#8217; kapsam\u0131nda a\u00e7\u0131lan fuarda yerini ald\u0131. Mersin B\u00fcy\u00fck\u015fehir Belediye Ba\u015fkan\u0131 Vahap Se\u00e7er \u00f6nc\u00fcl\u00fc\u011f\u00fcnde spor kenti olma \u00f6zelli\u011fini de \u00f6n plana ta\u015f\u0131yan Mersin&#8217;de d\u00fczenlenen &#8216;Uluslararas\u0131 Tarsus Yar\u0131 Maratonu&#8217;, &#8216;Kilikya Ultra Maratonu&#8217; ve 10 Aral\u0131k 2023 tarihinde ger\u00e7ekle\u015fecek olan &#8216;5. Uluslararas\u0131 Mersin Maratonu&#8217; [&hellip;]<\/p>\n","protected":false},"author":2,"featured_media":28736,"comment_status":"open","ping_status":"open","sticky":false,"template":"","format":"standard","meta":{"footnotes":""},"categories":[3],"tags":[],"class_list":["post-28735","post","type-post","status-publish","format-standard","has-post-thumbnail","hentry","category-manset"],"views":51,"_links":{"self":[{"href":"https:\/\/mersinkadingazetesi.com\/index.php?rest_route=\/wp\/v2\/posts\/28735"}],"collection":[{"href":"https:\/\/mersinkadingazetesi.com\/index.php?rest_route=\/wp\/v2\/posts"}],"about":[{"href":"https:\/\/mersinkadingazetesi.com\/index.php?rest_route=\/wp\/v2\/types\/post"}],"author":[{"embeddable":true,"href":"https:\/\/mersinkadingazetesi.com\/index.php?rest_route=\/wp\/v2\/users\/2"}],"replies":[{"embeddable":true,"href":"https:\/\/mersinkadingazetesi.com\/index.php?rest_route=%2Fwp%2Fv2%2Fcomments&post=28735"}],"version-history":[{"count":0,"href":"https:\/\/mersinkadingazetesi.com\/index.php?rest_route=\/wp\/v2\/posts\/28735\/revisions"}],"wp:featuredmedia":[{"embeddable":true,"href":"https:\/\/mersinkadingazetesi.com\/index.php?rest_route=\/wp\/v2\/media\/28736"}],"wp:attachment":[{"href":"https:\/\/mersinkadingazetesi.com\/index.php?rest_route=%2Fwp%2Fv2%2Fmedia&parent=28735"}],"wp:term":[{"taxonomy":"category","embeddable":true,"href":"https:\/\/mersinkadingazetesi.com\/index.php?rest_route=%2Fwp%2Fv2%2Fcategories&post=28735"},{"taxonomy":"post_tag","embeddable":true,"href":"https:\/\/mersinkadingazetesi.com\/index.php?rest_route=%2Fwp%2Fv2%2Ftags&post=28735"}],"curies":[{"name":"wp","href":"https:\/\/api.w.org\/{rel}","templated":true}]}}