{"id":28744,"date":"2023-11-11T22:43:58","date_gmt":"2023-11-11T19:43:58","guid":{"rendered":"http:\/\/mersinkadingazetesi.com\/?p=28744"},"modified":"2023-11-11T22:43:58","modified_gmt":"2023-11-11T19:43:58","slug":"baskan-secer-cocuk-meclisinin-acilis-torenine-katildi","status":"publish","type":"post","link":"https:\/\/mersinkadingazetesi.com\/?p=28744","title":{"rendered":"BA\u015eKAN SE\u00c7ER, \u00c7OCUK MECL\u0130S\u0130&#8217;N\u0130N A\u00c7ILI\u015e T\u00d6REN\u0130&#8217;NE KATILDI"},"content":{"rendered":"<p>Mersin B\u00fcy\u00fck\u015fehir Belediye Ba\u015fkan\u0131 Vahap Se\u00e7er,  B\u00fcy\u00fck\u015fehir Belediyesi Kad\u0131n ve Aile Hizmetleri Dairesi Ba\u015fkanl\u0131\u011f\u0131 taraf\u0131ndan Cumhuriyet&#8217;in 100. Y\u0131l\u0131nda hayata ge\u00e7irilen \u00c7ocuk Meclisi&#8217;nin A\u00e7\u0131l\u0131\u015f ve Mazbata T\u00f6reni&#8217;ne kat\u0131ld\u0131.<\/p>\n<p>B\u00fcy\u00fck\u015fehir Belediyesi Kongre ve Sergi Saray\u0131&#8217;nda ger\u00e7ekle\u015ftirilen programa; Mersin B\u00fcy\u00fck\u015fehir Belediye Ba\u015fkan\u0131 Vahap Se\u00e7er, Mersin Barosu Ba\u015fkan\u0131 Gazi \u00d6zdemir, B\u00fcy\u00fck\u015fehir Belediyesi b\u00fcrokratlar\u0131 ile \u00e7ocuklar ve aileleri kat\u0131ld\u0131.<\/p>\n<p>Cumhuriyet&#8217;in 100. y\u0131l\u0131 etkinliklerine \u00f6nc\u00fc olan B\u00fcy\u00fck\u015fehir, hayata ge\u00e7irdi\u011fi \u00c7ocuk Meclisi&#8217;yle de \u00e7ocuklar\u0131n kentte s\u00f6z sahibi olabilmesine \u00f6nc\u00fcl\u00fck etti. T\u00f6rende meclis \u00fcyesi olarak yerlerini alan \u00e7ocuklar, ya\u015fad\u0131klar\u0131 yerlere dair istek ve taleplerini Ba\u015fkan Se\u00e7er&#8217;e iletti.<\/p>\n<p>Ba\u015fkan Se\u00e7er: &#8220;\u00c7ocuk Meclisi en \u00f6nemli projelerimizden birisi&#8221;<\/p>\n<p>\u00c7ocuklara k\u00fcrs\u00fcden resmi ba\u015flang\u0131\u00e7 konu\u015fmas\u0131n\u0131 ger\u00e7ekle\u015ftiren Ba\u015fkan Se\u00e7er, \u00c7ocuk Meclisi&#8217;nin kurulmas\u0131nda eme\u011fi ge\u00e7enlere te\u015fekk\u00fcr ederek, &#8220;Bu proje Kad\u0131n ve Aile dairemizin en \u00f6nemli projelerinden birisi. Demokrasiden, halk iradesinden \u00f6te bir \u015fey yok. Demokrasi; halk\u0131n iradesini, meclise ya da parlamentoya yans\u0131tan bir ara\u00e7. Ulusal egemenli\u011fin en \u00f6nemli iki \u00f6gesi se\u00e7imler ve se\u00e7imlerle olu\u015fan parlamentodur. Parlamento demek; halk\u0131n d\u00fc\u015f\u00fcncesi, iradesi, temsiliyeti, halk\u0131n ta kendisi. O nedenle en \u00f6nemli projelerimizden. Kad\u0131nlar, \u00e7ocuklar ve aileler i\u00e7in be\u015f y\u0131ll\u0131k s\u00fcre zarf\u0131nda \u00e7ok de\u011ferli projeler yapt\u0131lar ama bunun \u00f6tesi yok. Bu \u00e7ok de\u011ferli ve \u00f6nemli&#8221; ifadelerini kulland\u0131.<\/p>\n<p>Se\u00e7er, \u00c7ocuk Meclisi&#8217;ne dair bilgiler vererek, E\u011fitim, K\u00fclt\u00fcr-Sanat, \u00c7evre ve \u0130klim, E\u015fitlik, Spor ve Sa\u011fl\u0131k, Bas\u0131n Yay\u0131n, \u00c7ocuk Haklar\u0131 ile Bilim ve Teknoloji Komisyonu&#8217;nun \u00c7ocuk Meclisi&#8217;nde yer ald\u0131\u011f\u0131n\u0131;  ba\u015fkan, ba\u015fkan vekilleri, katip \u00fcyeleri ve yedek katip \u00fcyelerinin se\u00e7ilece\u011fini kaydetti.<\/p>\n<p>&#8220;B\u00f6lgenizdeki sorunlar\u0131, eksikleri ve talepleri Meclis&#8217;te dile getireceksiniz&#8221;<\/p>\n<p>13 il\u00e7eden \u00e7ocu\u011fun Meclis&#8217;te yer ald\u0131\u011f\u0131n\u0131 belirten Se\u00e7er, &#8220;Anamur&#8217;dan Tarsus&#8217;a, \u00c7aml\u0131yayla&#8217;dan Mut&#8217;a kadar herkes kendi il\u00e7elerinden se\u00e7ilip buraya geliyor. T\u0131pk\u0131 belediye meclisinde oldu\u011fu gibi. Burada sizlerin g\u00f6revi; b\u00f6lgenizdeki sorunlar\u0131, eksikleri, talepleri al\u0131p Meclis&#8217;te dile getirmek, bunun eyleme d\u00f6n\u00fc\u015ft\u00fcr\u00fclmesini sa\u011flamak&#8221; diye konu\u015ftu.<\/p>\n<p>&#8220;Hakimiyet kay\u0131ts\u0131z \u015farts\u0131z sizin olacaksa demokrasi ka\u00e7\u0131n\u0131lmaz&#8221;<\/p>\n<p>Se\u00e7er, \u00f6rneklerle \u00e7ocuklar\u0131n il\u00e7elerindeki sorunlar\u0131 nas\u0131l Meclis&#8217;e ta\u015f\u0131yabileceklerini anlatarak, &#8220;Demokrasi demek \u00e7a\u011fda\u015fl\u0131k demek, demokrasi demek sizlerin \u00f6zg\u00fcr olmas\u0131 demek, demokrasi demek halk\u0131n mutlu olmas\u0131 demek. Demokrasi demek sizlerin, halk\u0131n en basit tan\u0131m\u0131yla kendi kendinizi y\u00f6netmesi demek. Yoksa egemenlik Meclis&#8217;te olmazsa nerede olur? Saraylarda olur. O zaman hakimiyet kay\u0131ts\u0131z \u015farts\u0131z sizin olacaksa demokrasi ka\u00e7\u0131n\u0131lmaz&#8221; dedi.<\/p>\n<p>10 Kas\u0131m&#8217;da Ulu \u00d6nder Mustafa Kemal Atat\u00fcrk&#8217;\u00fc and\u0131klar\u0131n\u0131 s\u00f6yleyen Se\u00e7er, Atat\u00fcrk&#8217;\u00fcn, kurdu\u011fu Meclis&#8217;in, dini bayramlar\u0131n ve \u00e7ocuklara, gen\u00e7lere ve T\u00fcrkiye Cumhuriyeti vatanda\u015flar\u0131na arma\u011fan edilen milli bayramlar\u0131n \u00f6nemine de\u011findi. Toplumlar\u0131n ge\u00e7mi\u015flerini bilmesi ve sahip \u00e7\u0131kmas\u0131 gerekti\u011fini kaydeden Se\u00e7er, &#8220;Ge\u00e7mi\u015fimizi bilemezsek, unutursak, gelece\u011fimizi kurgulayamay\u0131z&#8221; diye konu\u015ftu.<\/p>\n<p>&#8220;Sizin \u00f6nerilerinizi tavsiye karar\u0131 olarak alaca\u011f\u0131z&#8221;<\/p>\n<p>Meclis \u00fcyelerine ba\u015far\u0131l\u0131 \u00e7al\u0131\u015fmalar dileyen Se\u00e7er, ge\u00e7ici olu\u015fturulan Ba\u015fkanl\u0131k Divan\u0131&#8217;na baz\u0131 tavsiyelerde bulundu. Se\u00e7er, &#8220;Bundan sonra iki ayda bir meclis toplanacak. Burada g\u00f6r\u00fc\u015fmeler olacak. Siz baz\u0131 kararlar alacaks\u0131n\u0131z. \u00c7\u00fcnk\u00fc Meclis \u00fcyeleriniz; b\u00f6lgelerindeki sorunlar\u0131 talepleri sizlere aktaracak. Sizin alaca\u011f\u0131n\u0131z kararlar\u0131 Mersin B\u00fcy\u00fck\u015fehir Belediyesi olarak biz tavsiye karar\u0131 alal\u0131m. Tavsiye karar\u0131 ne demek? Biz \u015funu s\u00f6yleyece\u011fiz; &#8216;\u00e7ocuklar\u0131m\u0131z bize \u015funu \u00f6neriyor: her il\u00e7ede mutlaka spor tesisleri istiyoruz&#8217;. Bu bir \u00f6neridir. Biz bunlar\u0131 tavsiye karar\u0131 olarak alaca\u011f\u0131z&#8221; dedi. \u00c7ocuklardan; zeka kul\u00fcpleri, sanatsal faaliyetlerin yap\u0131labilece\u011fi merkezler, fen lisesi ve \u00fcniversite,  e\u011fitimde f\u0131rsat e\u015fitli\u011fi gibi \u00f6nerilerin gelmesi \u00fczerine Se\u00e7er, &#8220;E\u011fitimde f\u0131rsat e\u015fitli\u011fi yarat\u0131n diyorsunuz. Biz de onun i\u00e7in 13 il\u00e7emizde LGS ve \u00fcniversiteye haz\u0131rl\u0131k merkezleri olu\u015fturduk ki, Mut&#8217;taki \u00e7ocu\u011fumuz da G\u00fclnar&#8217;daki \u00e7ocu\u011fumuz da Tarsus&#8217;ta, Merkezdeki \u00e7ocu\u011fumuzda e\u011fitimde f\u0131rsat e\u015fitli\u011fi anlam\u0131nda vars\u0131l ya da yoksul fark etmeden bu hakka sahip olsun&#8221; ifadelerini kulland\u0131.<\/p>\n<p>&#8220;Mercan 100. Y\u0131l \u0130klim ve \u00c7evre Bilim Merkezi&#8217;ne mutlaka gidin&#8221;<\/p>\n<p>Se\u00e7er, \u00e7ocuklar\u0131 yeni a\u00e7t\u0131klar\u0131 Mercan 100. Y\u0131l \u0130klim ve \u00c7evre Bilim Merkezi&#8217;ne davet ederek, &#8220;Mercan&#8217;\u0131n planetaryumu T\u00fcrkiye&#8217;nin en b\u00fcy\u00fck planetaryumu. Koltuklara uzanacaks\u0131n\u0131z, yukar\u0131dan, uzay\u0131 size g\u00f6r\u00fcnt\u00fc olarak verecekler ya da bir h\u00fccrenin i\u00e7ine gireceksiniz. Oradaki hayat\u0131 g\u00f6receksiniz. Bunlar sizlere \u00e7ok b\u00fcy\u00fck deneyimler kazand\u0131racak. Ya da uzay teleskobundan uzay\u0131 izleyeceksiniz. Deney yapabileceksiniz. Bilim stantlar\u0131nda at\u00f6lyelerde \u00e7al\u0131\u015fma imkanlar\u0131n\u0131z olacak&#8221; diye konu\u015ftu.<\/p>\n<p>&#8220;\u0130lk tavsiye karar\u0131 olan \u00e7ocuk merkezine 1 ay i\u00e7inde ba\u015fl\u0131yoruz&#8221;<\/p>\n<p>\u00c7ocuk Meclisi se\u00e7imi i\u00e7in \u00e7ocuklardan gelen talep videolar\u0131n\u0131 izledi\u011fini s\u00f6yleyen Se\u00e7er, &#8220;Dikkatimi \u015fu \u00e7ekti: \u00e7ocuk kafeleri ve \u00e7ocuk merkezleri. \u0130\u00e7inde baz\u0131 \u00e7al\u0131\u015fmalar yapabilece\u011finiz \u00e7ocuk merkezleri. Satran\u00e7 \u00f6\u011frenebilirsiniz ya da oyun oynayabilirsiniz. Bu \u00e7ok yo\u011fun bir talep. Bu konuda ilk \u00e7ocuk merkezimizi az \u00f6nce karar verdik; bir ay i\u00e7erisinde \u015fimdilik \u00e7ocuk merkezinden ba\u015fl\u0131yoruz. Bak\u0131n ilk tavsiye karar\u0131n\u0131za Mersin B\u00fcy\u00fck\u015fehir Belediyesi olarak uyduk. Sizlere te\u015fekk\u00fcr ediyoruz&#8221; dedi.<\/p>\n<p>Se\u00e7er, \u00f6n\u00fcm\u00fczdeki hafta a\u00e7\u0131lacak su sporlar\u0131 merkezi, B\u00fcy\u00fck\u015fehir&#8217;in Okuma Salonlar\u0131 ve bir\u00e7ok proje ve merkezden \u00e7ocuklar\u0131n faydalanmas\u0131n\u0131 isteyerek, &#8220;\u00c7ocuklar\u0131m\u0131z sanatsal, k\u00fclt\u00fcrel ve sportif faaliyetlerde bulunsun. Hem sanat hem k\u00fclt\u00fcr hem de spor faaliyetlerinden Mersin B\u00fcy\u00fck\u015fehir Belediyesi&#8217;nden yararlanabilirsiniz. \u00c7ocuklar\u0131n\u0131z\u0131 enstr\u00fcman kurslar\u0131na g\u00f6nderebilirsiniz. Her disiplinde, altyap\u0131da \u00e7al\u0131\u015fmalar\u0131n\u0131 sa\u011flayabilirsiniz. Futbolda, basketbolda bizlerden yararlanabilirsiniz&#8221;  ifadelerini kulland\u0131.<\/p>\n<p>Se\u00e7er&#8217;den e\u011fitimde f\u0131rsat e\u015fitli\u011fi vurgusu<\/p>\n<p>Se\u00e7er, B\u00fcy\u00fck\u015fehir Belediyesi&#8217;nin \u00e7ocuklara y\u00f6nelik at\u00f6lyelerinden ve merkezlerden de bahsederek, Kad\u0131n ve \u00c7ocuk Bilim, Teknoloji At\u00f6lyesi&#8217;nden Marina giri\u015findeki Trafik Park&#8217;a ve Silifke Gazi \u00c7iftli\u011fi&#8217;nde yer alan \u00e7ocuklara y\u00f6nelik at\u00f6lyelere kadar bilgiler verdi. Se\u00e7er, \u00e7ocuklar\u0131 ve ailelerini bu merkezleri ziyaret etmelerini tavsiye ederken, ho\u015f\u00e7a vakit ge\u00e7irmeye davet etti. &#8216;E\u011fitimde f\u0131rsat e\u015fitli\u011fi&#8217;ni \u00f6ncelediklerini de belirten Se\u00e7er, &#8220;Zaten \u00e7abalar\u0131m\u0131z da bu y\u00f6nde. Sadece merkezde de\u011fil, b\u00fct\u00fcn il\u00e7elerde sizlerin talepleri do\u011frultusunda, bizlerin \u00e7al\u0131\u015fmalar\u0131, projeleri do\u011frultusunda sizin daha iyi bir e\u011fitim alman\u0131z i\u00e7in, sizin daha donan\u0131ml\u0131 bir birey olarak yeti\u015fmelerinizi sa\u011flayabilmemiz i\u00e7in \u00e7al\u0131\u015fmalar\u0131m\u0131z\u0131n daha yo\u011funla\u015farak gitmesi laz\u0131m. Bu bizim g\u00f6revimiz&#8221; dedi.<\/p>\n<p>&#8220;Engelleri hayat\u0131m\u0131zdan kald\u0131ral\u0131m&#8221;<\/p>\n<p>Bir Meclis \u00fcyesinden gelen \u00f6zel gereksinimli bireylerin negatif ve pozitif ayr\u0131mc\u0131l\u0131\u011fa tabi tutulmadan bu \u00e7al\u0131\u015fmalara dahil olabilmesi y\u00f6n\u00fcndeki \u00f6nerisine yan\u0131t veren Se\u00e7er, &#8220;Engelleri hayat\u0131m\u0131zdan kald\u0131ral\u0131m. Sizlerin Meclis \u00fcyeleri, bizlerin de idare olarak hepimizin g\u00f6revi. Bir g\u00f6rev yerine getiriyoruz, bu g\u00f6revi de yerine getirirken, bu hizmetleri yaparken bu kaynaklar\u0131 annelerinizin babalar\u0131n\u0131z\u0131n \u00e7al\u0131\u015farak bize \u00f6dedi\u011fi vergilerden, al\u0131nan paralardan ve kaynaklardan size hizmet olarak aktar\u0131yorum. Bu g\u00f6revler \u00e7ok kutsal g\u00f6revlerdir. Sorumlulu\u011fu insan\u0131n s\u0131rt\u0131n\u0131 a\u011fr\u0131tacak kadar a\u011f\u0131r g\u00f6revlerdir. Bunun alt\u0131n\u0131 \u00e7izmek istiyorum. K\u00fc\u00e7\u00fck ya\u015fta bunu belleklerinize kaz\u0131man\u0131n yararl\u0131 oldu\u011funu d\u00fc\u015f\u00fcn\u00fcyorum&#8221; diye konu\u015ftu. Se\u00e7er kapan\u0131\u015fta son olarak &#8220;G\u00f6rev yapaca\u011f\u0131n\u0131z d\u00f6nemde ba\u015far\u0131l\u0131 \u00e7al\u0131\u015fmalar diliyorum. Hepinizi \u00e7ok seviyorum&#8221; ifadelerini kulland\u0131.<\/p>\n<p>Dokucu: &#8220;Hep birlikte m\u00fckemmel i\u015fler \u00e7\u0131karaca\u011f\u0131z&#8221;<\/p>\n<p>Kad\u0131n ve Aile Hizmetleri Dairesi Ba\u015fkan\u0131 \u015eerife Haso\u011flu Dokucu, daire olarak hayata ge\u00e7irmek istedikleri ilk projelerinden birisinin \u00c7ocuk Meclisi oldu\u011funu ifade ederek, &#8220;\u00c7ocuk Meclisi hayata ge\u00e7ti\u011fi i\u00e7in \u00e7ok heyecanl\u0131 ve mutluyum. Dairemiz \u00e7ok g\u00fczel \u015feyler yapt\u0131 ama bu \u00e7al\u0131\u015fman\u0131n en m\u00fckemmeli olaca\u011f\u0131na eminim. \u00c7ok g\u00fczel \u015feyler \u00e7\u0131kacak. Sizler konu\u015ftuk\u00e7a ne kadar g\u00fczel bir yar\u0131nlara sahip oldu\u011fumuzu, ne kadar g\u00fczel \u015feyler yapaca\u011f\u0131n\u0131z\u0131 fark ediyoruz.  Sizin pozitifli\u011finiz, birbirinize yak\u0131nl\u0131\u011f\u0131n\u0131z, ho\u015fg\u00f6r\u00fcl\u00fc olu\u015funuz bizi ayr\u0131ca \u00e7ok motive ediyor. Burada oldu\u011funuz i\u00e7in \u00e7ok te\u015fekk\u00fcr ediyoruz. Hep birlikte m\u00fckemmel i\u015fler \u00e7\u0131karaca\u011f\u0131z. Size \u00e7ok g\u00fcveniyoruz&#8221; dedi. Dokucu, \u00c7ocuk Meclisi&#8217;nin kurulmas\u0131nda eme\u011fi ge\u00e7enlere de te\u015fekk\u00fcr etti.<\/p>\n<p>A\u00e7\u0131l\u0131\u015f konu\u015fmalar\u0131n\u0131n ard\u0131ndan temsili mazbata t\u00f6reni ger\u00e7ekle\u015ftirildi. Ba\u015fkan Se\u00e7er, ba\u015fkanl\u0131k se\u00e7imi \u00f6ncesi temsili se\u00e7ilen ba\u015fkan ve katip \u00fcyelerine mazbatalar\u0131n\u0131 verdi. Program, toplu foto\u011fraf \u00e7ekiminin ard\u0131ndan sona erdi.<\/p>\n<p>\u00d6te yandan yap\u0131lan oylama sonucu Anamur il\u00e7esinden se\u00e7imlere kat\u0131lan Meri\u00e7 Ye\u015fil\u00e7ay\u0131r, \u00c7ocuk Meclisi Ba\u015fkan\u0131 se\u00e7ildi.<\/p>\n","protected":false},"excerpt":{"rendered":"<p>Mersin B\u00fcy\u00fck\u015fehir Belediye Ba\u015fkan\u0131 Vahap Se\u00e7er, B\u00fcy\u00fck\u015fehir Belediyesi Kad\u0131n ve Aile Hizmetleri Dairesi Ba\u015fkanl\u0131\u011f\u0131 taraf\u0131ndan Cumhuriyet&#8217;in 100. Y\u0131l\u0131nda hayata ge\u00e7irilen \u00c7ocuk Meclisi&#8217;nin A\u00e7\u0131l\u0131\u015f ve Mazbata T\u00f6reni&#8217;ne kat\u0131ld\u0131. B\u00fcy\u00fck\u015fehir Belediyesi Kongre ve Sergi Saray\u0131&#8217;nda ger\u00e7ekle\u015ftirilen programa; Mersin B\u00fcy\u00fck\u015fehir Belediye Ba\u015fkan\u0131 Vahap Se\u00e7er, Mersin Barosu Ba\u015fkan\u0131 Gazi \u00d6zdemir, B\u00fcy\u00fck\u015fehir Belediyesi b\u00fcrokratlar\u0131 ile \u00e7ocuklar ve aileleri kat\u0131ld\u0131. Cumhuriyet&#8217;in [&hellip;]<\/p>\n","protected":false},"author":2,"featured_media":28745,"comment_status":"open","ping_status":"open","sticky":false,"template":"","format":"standard","meta":{"footnotes":""},"categories":[1,2,3],"tags":[],"class_list":["post-28744","post","type-post","status-publish","format-standard","has-post-thumbnail","hentry","category-genel","category-gundem","category-manset"],"views":3,"_links":{"self":[{"href":"https:\/\/mersinkadingazetesi.com\/index.php?rest_route=\/wp\/v2\/posts\/28744"}],"collection":[{"href":"https:\/\/mersinkadingazetesi.com\/index.php?rest_route=\/wp\/v2\/posts"}],"about":[{"href":"https:\/\/mersinkadingazetesi.com\/index.php?rest_route=\/wp\/v2\/types\/post"}],"author":[{"embeddable":true,"href":"https:\/\/mersinkadingazetesi.com\/index.php?rest_route=\/wp\/v2\/users\/2"}],"replies":[{"embeddable":true,"href":"https:\/\/mersinkadingazetesi.com\/index.php?rest_route=%2Fwp%2Fv2%2Fcomments&post=28744"}],"version-history":[{"count":0,"href":"https:\/\/mersinkadingazetesi.com\/index.php?rest_route=\/wp\/v2\/posts\/28744\/revisions"}],"wp:featuredmedia":[{"embeddable":true,"href":"https:\/\/mersinkadingazetesi.com\/index.php?rest_route=\/wp\/v2\/media\/28745"}],"wp:attachment":[{"href":"https:\/\/mersinkadingazetesi.com\/index.php?rest_route=%2Fwp%2Fv2%2Fmedia&parent=28744"}],"wp:term":[{"taxonomy":"category","embeddable":true,"href":"https:\/\/mersinkadingazetesi.com\/index.php?rest_route=%2Fwp%2Fv2%2Fcategories&post=28744"},{"taxonomy":"post_tag","embeddable":true,"href":"https:\/\/mersinkadingazetesi.com\/index.php?rest_route=%2Fwp%2Fv2%2Ftags&post=28744"}],"curies":[{"name":"wp","href":"https:\/\/api.w.org\/{rel}","templated":true}]}}