{"id":28776,"date":"2023-11-14T13:44:30","date_gmt":"2023-11-14T10:44:30","guid":{"rendered":"http:\/\/mersinkadingazetesi.com\/?p=28776"},"modified":"2023-11-14T13:44:30","modified_gmt":"2023-11-14T10:44:30","slug":"pamuklu-baraji-isale-hatti-insaatina-hak-ettigi-butceyi-ayirin","status":"publish","type":"post","link":"https:\/\/mersinkadingazetesi.com\/?p=28776","title":{"rendered":"\u201cPamuklu Baraj\u0131 isale hatt\u0131 in\u015faat\u0131na hak etti\u011fi b\u00fct\u00e7eyi ay\u0131r\u0131n\u201d"},"content":{"rendered":"<p>DEVA Partisi Genel Ba\u015fkan Yard\u0131mc\u0131s\u0131 ve Mersin Milletvekili Mehmet Emin Ekmen, Tar\u0131m ve Orman Bakanl\u0131\u011f\u0131\u2019n\u0131n b\u00fct\u00e7esinin g\u00f6r\u00fc\u015f\u00fcld\u00fc\u011f\u00fc TBMM Plan ve B\u00fct\u00e7e Komisyonu toplant\u0131s\u0131nda Tar\u0131m ve Orman Bakan\u0131 \u0130brahim Yumakl\u0131\u2019ya Pamuklu Baraj\u0131\u2019n\u0131n isale hatt\u0131n\u0131n yap\u0131lmad\u0131\u011f\u0131n\u0131 hat\u0131rlatt\u0131. <\/p>\n<p>Pamuklu Baraj\u0131\u2019n\u0131n irsale hatt\u0131n\u0131n yap\u0131lmas\u0131 i\u00e7in 2016 y\u0131l\u0131nda Mersin B\u00fcy\u00fck\u015fehir Belediyesi ve DS\u0130 taraf\u0131ndan protokol imzaland\u0131\u011f\u0131n\u0131 hat\u0131rlatan Ekmen, ge\u00e7en s\u00fcreye ra\u011fmen hala bir metre bile isale hatt\u0131n\u0131n yap\u0131lmad\u0131\u011f\u0131n\u0131 ifade etti. Ekmen\u2019in ifade etti\u011fine g\u00f6re, Berdan Baraj\u0131 tek ba\u015f\u0131na Mersin\u2019in ihtiyac\u0131 i\u00e7in yeterli de\u011fil. Bu sebeple Pamuklu Baraj\u0131\u2019n\u0131n yaln\u0131zca elektrik \u00fcretim amac\u0131yla de\u011fil, ayn\u0131 zamanda Mersin\u2019in i\u00e7me suyu ihtiyac\u0131 i\u00e7in de kullan\u0131lmas\u0131 gerekiyor.<\/p>\n<p>\u20183 milyona hi\u00e7bir m\u00fcteahhit \u015fantiye bile kurmaz\u2019<\/p>\n<p>Tar\u0131m ve Orman Bakan\u0131 \u0130brahim Yumakl\u0131\u2019ya Pamuklu Baraj\u0131 i\u00e7in 2023 b\u00fct\u00e7esinde ayr\u0131lan paran\u0131n sadece 3 milyon lira oldu\u011funu hat\u0131rlatan Mersin Milletvekili Mehmet Emin Ekmen, \u201c3 milyon liraya hi\u00e7bir m\u00fcteahhit oraya \u015fantiye bile kurmaz, i\u015f makinelerini bulundu\u011fu yerden hareket dahi ettirmez. Bu y\u0131lki b\u00fct\u00e7e da\u011f\u0131l\u0131m\u0131nda Pamuklu Baraj\u0131 isale hatt\u0131n\u0131n in\u015fa edilmesi i\u00e7in son 10 y\u0131la g\u00f6re ayr\u0131lmayan b\u00fct\u00e7eler a\u00e7\u0131s\u0131ndan da bir pozitif ayr\u0131mc\u0131l\u0131k yap\u0131lmas\u0131n\u0131 istirham ediyorum\u201d diyerek, Tar\u0131m ve Orman Bakan\u0131 \u0130brahim Yumakl\u0131\u2019ya Mersinlilerin taleplerini iletti.<\/p>\n","protected":false},"excerpt":{"rendered":"<p>DEVA Partisi Genel Ba\u015fkan Yard\u0131mc\u0131s\u0131 ve Mersin Milletvekili Mehmet Emin Ekmen, Tar\u0131m ve Orman Bakanl\u0131\u011f\u0131\u2019n\u0131n b\u00fct\u00e7esinin g\u00f6r\u00fc\u015f\u00fcld\u00fc\u011f\u00fc TBMM Plan ve B\u00fct\u00e7e Komisyonu toplant\u0131s\u0131nda Tar\u0131m ve Orman Bakan\u0131 \u0130brahim Yumakl\u0131\u2019ya Pamuklu Baraj\u0131\u2019n\u0131n isale hatt\u0131n\u0131n yap\u0131lmad\u0131\u011f\u0131n\u0131 hat\u0131rlatt\u0131. Pamuklu Baraj\u0131\u2019n\u0131n irsale hatt\u0131n\u0131n yap\u0131lmas\u0131 i\u00e7in 2016 y\u0131l\u0131nda Mersin B\u00fcy\u00fck\u015fehir Belediyesi ve DS\u0130 taraf\u0131ndan protokol imzaland\u0131\u011f\u0131n\u0131 hat\u0131rlatan Ekmen, ge\u00e7en s\u00fcreye [&hellip;]<\/p>\n","protected":false},"author":2,"featured_media":28777,"comment_status":"open","ping_status":"open","sticky":false,"template":"","format":"standard","meta":{"footnotes":""},"categories":[6],"tags":[],"class_list":["post-28776","post","type-post","status-publish","format-standard","has-post-thumbnail","hentry","category-siyaset-2"],"views":4,"_links":{"self":[{"href":"https:\/\/mersinkadingazetesi.com\/index.php?rest_route=\/wp\/v2\/posts\/28776"}],"collection":[{"href":"https:\/\/mersinkadingazetesi.com\/index.php?rest_route=\/wp\/v2\/posts"}],"about":[{"href":"https:\/\/mersinkadingazetesi.com\/index.php?rest_route=\/wp\/v2\/types\/post"}],"author":[{"embeddable":true,"href":"https:\/\/mersinkadingazetesi.com\/index.php?rest_route=\/wp\/v2\/users\/2"}],"replies":[{"embeddable":true,"href":"https:\/\/mersinkadingazetesi.com\/index.php?rest_route=%2Fwp%2Fv2%2Fcomments&post=28776"}],"version-history":[{"count":0,"href":"https:\/\/mersinkadingazetesi.com\/index.php?rest_route=\/wp\/v2\/posts\/28776\/revisions"}],"wp:featuredmedia":[{"embeddable":true,"href":"https:\/\/mersinkadingazetesi.com\/index.php?rest_route=\/wp\/v2\/media\/28777"}],"wp:attachment":[{"href":"https:\/\/mersinkadingazetesi.com\/index.php?rest_route=%2Fwp%2Fv2%2Fmedia&parent=28776"}],"wp:term":[{"taxonomy":"category","embeddable":true,"href":"https:\/\/mersinkadingazetesi.com\/index.php?rest_route=%2Fwp%2Fv2%2Fcategories&post=28776"},{"taxonomy":"post_tag","embeddable":true,"href":"https:\/\/mersinkadingazetesi.com\/index.php?rest_route=%2Fwp%2Fv2%2Ftags&post=28776"}],"curies":[{"name":"wp","href":"https:\/\/api.w.org\/{rel}","templated":true}]}}