{"id":28806,"date":"2023-11-15T12:38:38","date_gmt":"2023-11-15T09:38:38","guid":{"rendered":"http:\/\/mersinkadingazetesi.com\/?p=28806"},"modified":"2023-11-15T12:38:38","modified_gmt":"2023-11-15T09:38:38","slug":"il-jandarma-komutani-tuggeneral-ercan-atasoy-iade-i-ziyarette-bulundu","status":"publish","type":"post","link":"https:\/\/mersinkadingazetesi.com\/?p=28806","title":{"rendered":"\u0130l Jandarma Komutan\u0131 Tu\u011fgeneral Ercan Atasoy \u0130ade-i Ziyarette Bulundu"},"content":{"rendered":"<p>\u0130l Jandarma Komutan\u0131 Tu\u011fgeneral Ercan Atasoy, Mersin Orman B\u00f6lge M\u00fcd\u00fcr\u00fc Mustafa Yal\u00e7\u0131n\u2019a iade-i ziyarette bulundu.<br \/>\nAtasoy, B\u00f6lge M\u00fcd\u00fcr\u00fc Yal\u00e7\u0131n\u2019a iyi niyet dileklerinde bulunarak \u00e7al\u0131\u015fmalar\u0131nda ba\u015far\u0131lar dilerken, B\u00f6lge M\u00fcd\u00fcr\u00fc Yal\u00e7\u0131n ise ziyaretten duydu\u011fu memnuniyeti belirtti.<br \/>\nMersin Orman B\u00f6lge M\u00fcd\u00fcrl\u00fc\u011f\u00fc olarak nazik ziyaretleri i\u00e7in kendilerine te\u015fekk\u00fcr ederiz.<\/p>\n","protected":false},"excerpt":{"rendered":"<p>\u0130l Jandarma Komutan\u0131 Tu\u011fgeneral Ercan Atasoy, Mersin Orman B\u00f6lge M\u00fcd\u00fcr\u00fc Mustafa Yal\u00e7\u0131n\u2019a iade-i ziyarette bulundu. Atasoy, B\u00f6lge M\u00fcd\u00fcr\u00fc Yal\u00e7\u0131n\u2019a iyi niyet dileklerinde bulunarak \u00e7al\u0131\u015fmalar\u0131nda ba\u015far\u0131lar dilerken, B\u00f6lge M\u00fcd\u00fcr\u00fc Yal\u00e7\u0131n ise ziyaretten duydu\u011fu memnuniyeti belirtti. Mersin Orman B\u00f6lge M\u00fcd\u00fcrl\u00fc\u011f\u00fc olarak nazik ziyaretleri i\u00e7in kendilerine te\u015fekk\u00fcr ederiz.<\/p>\n","protected":false},"author":2,"featured_media":28807,"comment_status":"open","ping_status":"open","sticky":false,"template":"","format":"standard","meta":{"footnotes":""},"categories":[3],"tags":[],"class_list":["post-28806","post","type-post","status-publish","format-standard","has-post-thumbnail","hentry","category-manset"],"views":1,"_links":{"self":[{"href":"https:\/\/mersinkadingazetesi.com\/index.php?rest_route=\/wp\/v2\/posts\/28806"}],"collection":[{"href":"https:\/\/mersinkadingazetesi.com\/index.php?rest_route=\/wp\/v2\/posts"}],"about":[{"href":"https:\/\/mersinkadingazetesi.com\/index.php?rest_route=\/wp\/v2\/types\/post"}],"author":[{"embeddable":true,"href":"https:\/\/mersinkadingazetesi.com\/index.php?rest_route=\/wp\/v2\/users\/2"}],"replies":[{"embeddable":true,"href":"https:\/\/mersinkadingazetesi.com\/index.php?rest_route=%2Fwp%2Fv2%2Fcomments&post=28806"}],"version-history":[{"count":0,"href":"https:\/\/mersinkadingazetesi.com\/index.php?rest_route=\/wp\/v2\/posts\/28806\/revisions"}],"wp:featuredmedia":[{"embeddable":true,"href":"https:\/\/mersinkadingazetesi.com\/index.php?rest_route=\/wp\/v2\/media\/28807"}],"wp:attachment":[{"href":"https:\/\/mersinkadingazetesi.com\/index.php?rest_route=%2Fwp%2Fv2%2Fmedia&parent=28806"}],"wp:term":[{"taxonomy":"category","embeddable":true,"href":"https:\/\/mersinkadingazetesi.com\/index.php?rest_route=%2Fwp%2Fv2%2Fcategories&post=28806"},{"taxonomy":"post_tag","embeddable":true,"href":"https:\/\/mersinkadingazetesi.com\/index.php?rest_route=%2Fwp%2Fv2%2Ftags&post=28806"}],"curies":[{"name":"wp","href":"https:\/\/api.w.org\/{rel}","templated":true}]}}