{"id":28848,"date":"2023-11-17T13:27:53","date_gmt":"2023-11-17T10:27:53","guid":{"rendered":"http:\/\/mersinkadingazetesi.com\/?p=28848"},"modified":"2023-11-17T13:27:53","modified_gmt":"2023-11-17T10:27:53","slug":"usta-dokuma-sanatcisi-neziroglu-mersinde-dokumaci-kadinlarla-bulustu","status":"publish","type":"post","link":"https:\/\/mersinkadingazetesi.com\/?p=28848","title":{"rendered":"USTA DOKUMA SANAT\u00c7ISI NEZ\u0130RO\u011eLU MERS\u0130N&#8217;DE DOKUMACI KADINLARLA BULU\u015eTU"},"content":{"rendered":"<p>Anadolu&#8217;nun bilinen en eski sanatlar\u0131ndan biri olan gelenek dokuma sanat\u0131n\u0131 kendi bak\u0131\u015f a\u00e7\u0131s\u0131yla harmanlayan Usta Dokuma Sanat\u00e7\u0131s\u0131 F\u0131rat Neziro\u011flu, Mersin B\u00fcy\u00fck\u015fehir Belediyesi&#8217;nin bu y\u0131l ikincisini ger\u00e7ekle\u015ftirece\u011fi &#8216;Uluslararas\u0131 Tarsus Festivali&#8217; kapsam\u0131nda Mersin&#8217;e gelerek B\u00fcy\u00fck\u015fehir&#8217;in G\u00f6zne Dokuma At\u00f6lyesi&#8217;ni ziyaret etti ve dokuma yapan kad\u0131nlarla bir araya geldi.<\/p>\n<p>Mersinden Kad\u0131n Kooperatifi Ba\u015fkan\u0131 Meral Se\u00e7er ile birlikte Dokuma At\u00f6lyesi&#8217;ni gezen ve kad\u0131nlarla bir araya gelen Neziro\u011flu, kad\u0131nlar\u0131n el eme\u011fi g\u00f6z nuru dokuma \u00fcr\u00fcnlerini inceledi ve dokuma k\u00fclt\u00fcr\u00fc \u00fczerine keyifli sohbetler ger\u00e7ekle\u015ftirdi. Dokuma ustas\u0131 kad\u0131nlarla deneyimlerini payla\u015fan Neziro\u011flu, yap\u0131labilecek \u00e7al\u0131\u015fmalar hakk\u0131nda da fikir al\u0131veri\u015flerinde bulundu. Neziro\u011flu, ayr\u0131ca &#8216;\u015eahmeran Dokuma At\u00f6lyesi&#8217; ile de festivalde yerini alacak.<\/p>\n<p>Neziro\u011flu: &#8220;Dokuma k\u00fclt\u00fcr\u00fcn\u00fcn korunmas\u0131 ve devam ediyor olmas\u0131 \u00e7ok \u00f6nemli&#8221;<\/p>\n<p>At\u00f6lye ziyareti sonras\u0131 de\u011ferlendirmelerde bulunan Neziro\u011flu, &#8220;At\u00f6lyede g\u00f6zlerim doldu. Her \u015fey o kadar g\u00fczel ki. Dokuma k\u00fclt\u00fcr\u00fcn\u00fcn korunmas\u0131, devam ediyor olmas\u0131 ve bunu unutmuyor olmam\u0131z \u00e7ok \u00f6nemli \u00e7\u00fcnk\u00fc bizi sadece kendi dilimiz kurtaracak. Burada bu dil devam ediyor. Mersin bizim i\u00e7in \u00e7ok \u00f6nemli. Ben \u0130zmirliyim, \u0130zmir ve Mersin&#8217;i birbirine \u00e7ok benzetiyorum. Burada olmak beni \u00e7ok mutlu etti. Kendi i\u015fimle ilgili bu kadar g\u00fczel ve derin \u015feyler g\u00f6rmek \u00e7ok az ve bu durum beni hep \u00fcz\u00fcyordu. Burada mutluluktan co\u015ftum&#8221; dedi.<\/p>\n<p>&#8220;Herkesi k\u00fclt\u00fcr\u00fcm\u00fcz\u00fc, co\u011frafyam\u0131z\u0131 ve \u00f6z\u00fcm\u00fcz\u00fc g\u00f6rmeye davet ediyorum&#8221;<\/p>\n<p>Uluslararas\u0131 Tarsus Festivali&#8217;ne de t\u00fcm vatanda\u015flar\u0131 davet eden Neziro\u011flu, &#8220;\u015eahmeran diye \u00e7ok \u00f6nemli bir sembol ve mitimiz var. Bu d\u00fcnyada ba\u015fka hi\u00e7bir yerde yok. Y\u0131lan asl\u0131nda sa\u011fl\u0131k ve \u015fifa demek. D\u00fcnyada mutsuzlu\u011fun ve k\u00f6t\u00fcl\u00fc\u011f\u00fcn \u00e7o\u011fald\u0131\u011f\u0131 bir d\u00f6nemde bu festivalin tekrar \u015fifan\u0131n ortaya \u00e7\u0131kmas\u0131n\u0131 sa\u011flayaca\u011f\u0131n\u0131 d\u00fc\u015f\u00fcn\u00fcyorum. Mersin&#8217;de &#8216;\u015eahmeran y\u0131l\u0131&#8217; temas\u0131yla Uluslararas\u0131 Tarsus Festivali var. Herkesi buraya bekliyor, k\u00fclt\u00fcr\u00fcm\u00fcz\u00fc, co\u011frafyam\u0131z\u0131 ve \u00f6z\u00fcm\u00fcz\u00fc g\u00f6rmeye davet ediyorum&#8221; diye konu\u015ftu.<\/p>\n<p>Se\u00e7er: &#8220;Dokuma k\u00fclt\u00fcr\u00fcne ve ge\u00e7mi\u015fimize sahip \u00e7\u0131kaca\u011f\u0131z&#8221;<\/p>\n<p>Mersinden Kad\u0131n Kooperatifi Ba\u015fkan\u0131 Meral Se\u00e7er ise ziyaretinden dolay\u0131 F\u0131rat Neziro\u011flu&#8217;na te\u015fekk\u00fcrlerini ileterek, &#8220;F\u0131rat Neziro\u011flu; ge\u00e7mi\u015fteki k\u00fclt\u00fcr\u00fcm\u00fcz\u00fc ve geleneklerimizi bu d\u00f6neme yans\u0131tan usta bir dokumac\u0131m\u0131z. Kendisiyle guru duyuyoruz. Mersin B\u00fcy\u00fck\u015fehir Belediyesi&#8217;nin dokuma at\u00f6lyesine geldik. Burada usta dokumac\u0131 Hacer Han\u0131m&#8217;\u0131n bir hayali vard\u0131. Bir at\u00f6lye kurmak ve buradaki kad\u0131nlar\u0131 da \u00fcretime te\u015fvike etmek istiyordu. B\u00fcy\u00fck\u015fehir sayesinde bu ger\u00e7ekle\u015fti. Kad\u0131nlar \u00e7ok g\u00fczel \u00fcretimlerde bulunuyorlar. F\u0131rat Bey&#8217;le de umar\u0131m \u00e7ok g\u00fczel projelere imza atarak onlar\u0131n bu heves ve mutlulu\u011funu t\u00fcm Mersin&#8217;e yayar\u0131z. \u00c7\u00fcnk\u00fc Mersin&#8217;in ba\u015fka b\u00f6lgelerinde de dokuma yapan kad\u0131nlar var. Dokuma k\u00fclt\u00fcr\u00fcne ve ge\u00e7mi\u015fimize sahip \u00e7\u0131kaca\u011f\u0131z&#8221; ifadelerine yer verdi.<\/p>\n","protected":false},"excerpt":{"rendered":"<p>Anadolu&#8217;nun bilinen en eski sanatlar\u0131ndan biri olan gelenek dokuma sanat\u0131n\u0131 kendi bak\u0131\u015f a\u00e7\u0131s\u0131yla harmanlayan Usta Dokuma Sanat\u00e7\u0131s\u0131 F\u0131rat Neziro\u011flu, Mersin B\u00fcy\u00fck\u015fehir Belediyesi&#8217;nin bu y\u0131l ikincisini ger\u00e7ekle\u015ftirece\u011fi &#8216;Uluslararas\u0131 Tarsus Festivali&#8217; kapsam\u0131nda Mersin&#8217;e gelerek B\u00fcy\u00fck\u015fehir&#8217;in G\u00f6zne Dokuma At\u00f6lyesi&#8217;ni ziyaret etti ve dokuma yapan kad\u0131nlarla bir araya geldi. Mersinden Kad\u0131n Kooperatifi Ba\u015fkan\u0131 Meral Se\u00e7er ile birlikte Dokuma At\u00f6lyesi&#8217;ni [&hellip;]<\/p>\n","protected":false},"author":2,"featured_media":28849,"comment_status":"open","ping_status":"open","sticky":false,"template":"","format":"standard","meta":{"footnotes":""},"categories":[2,3],"tags":[],"class_list":["post-28848","post","type-post","status-publish","format-standard","has-post-thumbnail","hentry","category-gundem","category-manset"],"views":34,"_links":{"self":[{"href":"https:\/\/mersinkadingazetesi.com\/index.php?rest_route=\/wp\/v2\/posts\/28848"}],"collection":[{"href":"https:\/\/mersinkadingazetesi.com\/index.php?rest_route=\/wp\/v2\/posts"}],"about":[{"href":"https:\/\/mersinkadingazetesi.com\/index.php?rest_route=\/wp\/v2\/types\/post"}],"author":[{"embeddable":true,"href":"https:\/\/mersinkadingazetesi.com\/index.php?rest_route=\/wp\/v2\/users\/2"}],"replies":[{"embeddable":true,"href":"https:\/\/mersinkadingazetesi.com\/index.php?rest_route=%2Fwp%2Fv2%2Fcomments&post=28848"}],"version-history":[{"count":0,"href":"https:\/\/mersinkadingazetesi.com\/index.php?rest_route=\/wp\/v2\/posts\/28848\/revisions"}],"wp:featuredmedia":[{"embeddable":true,"href":"https:\/\/mersinkadingazetesi.com\/index.php?rest_route=\/wp\/v2\/media\/28849"}],"wp:attachment":[{"href":"https:\/\/mersinkadingazetesi.com\/index.php?rest_route=%2Fwp%2Fv2%2Fmedia&parent=28848"}],"wp:term":[{"taxonomy":"category","embeddable":true,"href":"https:\/\/mersinkadingazetesi.com\/index.php?rest_route=%2Fwp%2Fv2%2Fcategories&post=28848"},{"taxonomy":"post_tag","embeddable":true,"href":"https:\/\/mersinkadingazetesi.com\/index.php?rest_route=%2Fwp%2Fv2%2Ftags&post=28848"}],"curies":[{"name":"wp","href":"https:\/\/api.w.org\/{rel}","templated":true}]}}