{"id":28868,"date":"2023-11-19T09:26:26","date_gmt":"2023-11-19T06:26:26","guid":{"rendered":"http:\/\/mersinkadingazetesi.com\/?p=28868"},"modified":"2023-11-19T09:26:26","modified_gmt":"2023-11-19T06:26:26","slug":"2-uluslararasi-tarsus-festivali-tum-gorkemiyle-basladi","status":"publish","type":"post","link":"https:\/\/mersinkadingazetesi.com\/?p=28868","title":{"rendered":"2. &#8216;ULUSLARARASI TARSUS FEST\u0130VAL\u0130&#8217; T\u00dcM G\u00d6RKEM\u0130YLE BA\u015eLADI"},"content":{"rendered":"<p>Mersin B\u00fcy\u00fck\u015fehir Belediyesi taraf\u0131ndan bu y\u0131l &#8216;\u015eahmeran&#8217; temas\u0131 ile 2.&#8217;si ger\u00e7ekle\u015ftirilen &#8216;Uluslararas\u0131 Tarsus Festivali&#8217; t\u00fcm g\u00f6rkemiyle dolu dolu ba\u015flad\u0131. Mersin B\u00fcy\u00fck\u015fehir Belediyesi K\u00fclt\u00fcr ve Sosyal \u0130\u015fler Dairesi Ba\u015fkanl\u0131\u011f\u0131 koordinesinde d\u00fczenlenen ve 3 g\u00fcn boyunca devam edecek olan festival co\u015fkusu ilk g\u00fcnden t\u00fcm \u015fehri sard\u0131.<\/p>\n<p>Kortej renkli g\u00f6r\u00fcnt\u00fclere sahne oldu<\/p>\n<p>Mersin B\u00fcy\u00fck\u015fehir Belediye Ba\u015fkan\u0131 Vahap Se\u00e7er ve e\u015fi Meral Se\u00e7er de vatanda\u015flar ile birlikte; Makam Kav\u015fa\u011f\u0131, \u015eahmeran Heykeli \u00f6n\u00fcnden ba\u015flayan kortej y\u00fcr\u00fcy\u00fc\u015f\u00fcnde yerini ald\u0131. Ba\u015fkan Se\u00e7er, kortej alan\u0131na giri\u015f yapt\u0131\u011f\u0131nda vatanda\u015flar taraf\u0131ndan co\u015fku ve alk\u0131\u015flarla kar\u015f\u0131land\u0131.<\/p>\n<p>\u015eahmeran heykeli \u00f6n\u00fcnden ba\u015flayan kortejde, Mersin B\u00fcy\u00fck\u015fehir Belediye Ba\u015fkan\u0131 Vahap Se\u00e7er ve e\u015fi Meral Se\u00e7er, Tarsus Belediye Ba\u015fkan\u0131 Dr. Haluk Bozdo\u011fan, Cumhuriyet Halk Partisi (CHP) Mersin Milletvekili G\u00fclcan K\u0131\u015f, Adana Barosu Ba\u015fkan\u0131 Semih G\u00f6kayaz, CHP Eski D\u00f6nem Milletvekilleri Ali Oksal ve Cengiz G\u00f6k\u00e7el, CHP Mersin \u0130l Ba\u015fkan\u0131 Koral \u00d6m\u00fcr, Gen\u00e7lik Kollar\u0131 Genel Ba\u015fkan Yard\u0131mc\u0131s\u0131 \u0130zzet K\u0131r\u0131lmaz, Mersin \u0130l Gen\u00e7lik Kollar\u0131 Ba\u015fkan\u0131 Alk\u0131m S\u00fcmer, Mersin \u0130l Kad\u0131n Kollar\u0131 Ba\u015fkan\u0131 G\u00fcl\u015fah Y\u0131ld\u0131r\u0131m Gen\u00e7, il\u00e7e ba\u015fkanlar\u0131 ve parti y\u00f6neticileri, Meclis \u00fcyeleri, siyasi parti temsilcileri, STK temsilcileri, muhtarlar, Mersin B\u00fcy\u00fck\u015fehir Belediyesi ve MESK\u0130 b\u00fcrokratlar\u0131 ve daire ba\u015fkanlar\u0131 ile y\u00fczlerce vatanda\u015f yer ald\u0131.<\/p>\n<p>Kortejde, farkl\u0131 \u00fclkelerden Tarsus&#8217;a gelen Halk Danslar\u0131 Topluluklar\u0131 da bayraklar\u0131 ile yer al\u0131p, korteje g\u00f6sterileriyle renk katt\u0131. Mersin B\u00fcy\u00fck\u015fehir Belediyesi Kent Orkestras\u0131&#8217;n\u0131n \u00e7ald\u0131\u011f\u0131 birbirinden hareketli \u015fark\u0131lar da festival co\u015fkusunu katlad\u0131. Ba\u015fkan Se\u00e7er, kortej boyunca vatanda\u015flar\u0131 selamlad\u0131. Tarsus sokaklar\u0131 festival co\u015fkusuna ev sahipli\u011fi yapt\u0131. Vatanda\u015flar da evlerinin balkon ve pencerelerinden, i\u015f yerlerinden bu co\u015fkuya ortak oldu. 11 metrelik \u015eahmeran Kuklas\u0131 kortejin en \u00f6n\u00fcnde yer alarak korteje renk katt\u0131.<\/p>\n<p>Se\u00e7er: &#8220;Tarsus&#8217;a fark\u0131 bir atmosfer katma amac\u0131m\u0131z var&#8221;<\/p>\n<p>Kortej alan\u0131nda konu\u015fan Se\u00e7er, bu sene 3 g\u00fcn boyunca s\u00fcrecek festivalin 2.&#8217;sinin \u00e7ok daha muhte\u015fem olaca\u011f\u0131n\u0131n alt\u0131n\u0131 \u00e7izdi. Kortej y\u00fcr\u00fcy\u00fc\u015f\u00fc ile birlikte resmi olarak festivalin de a\u00e7\u0131l\u0131\u015f\u0131n\u0131 yapt\u0131klar\u0131n\u0131 aktaran Se\u00e7er, Tarsus&#8217;a farkl\u0131 bir atmosfer katmay\u0131 ama\u00e7lad\u0131klar\u0131n\u0131 dile getirdi. Festival kapsam\u0131nda konserlerin ve halk danslar\u0131 topluluklar\u0131n\u0131n g\u00f6sterilerinin yan\u0131 s\u0131ra s\u00f6yle\u015filer ve at\u00f6lyelerin de olaca\u011f\u0131n\u0131 ifade eden Se\u00e7er, festivalin, Tarsus esnaf\u0131na da \u00e7ok \u00f6nemli katk\u0131 sunaca\u011f\u0131n\u0131 vurgulayarak, &#8220;Hem Mersin&#8217;in di\u011fer il\u00e7elerinden hem de T\u00fcrkiye&#8217;nin her taraf\u0131ndan gelen insanlar \u00e7ok g\u00fczel vakit ge\u00e7irecekler. \u0130nsanlar gelsin e\u011flensinler, dostlar\u0131yla yesinler, i\u00e7sinler, hayat\u0131n stresini ats\u0131nlar. Pazartesi g\u00fcn\u00fc yine hayat devam edecek. \u0130\u015fine, okuluna gitsinler. Herkese \u00e7ok g\u00fczel bir hafta sonu diliyorum&#8221; s\u00f6zlerine yer verdi.<\/p>\n<p>Festivalin kente olan katk\u0131lar\u0131na de\u011finen Se\u00e7er, &#8220;Bir kent ne kadar \u00e7ok ziyaret ediliyorsa o kadar zenginle\u015fir. Dura\u011fan, kendi n\u00fcfusu i\u00e7erisinde kapal\u0131 bir kent geli\u015femez, marka kent olamaz. Sadece o kenttekiler kenti tan\u0131r. Oysaki di\u011fer yerlerden gelenler buray\u0131 g\u00f6rd\u00fckleri zaman tarihi birer el\u00e7i gibi gidecekler, ba\u015fka yerlerde Tarsus&#8217;un tan\u0131t\u0131m\u0131n\u0131 yapacaklar. Festivalin sosyal, ekonomik, k\u00fclt\u00fcrel, her a\u00e7\u0131dan muazzam etkisi olacak diye d\u00fc\u015f\u00fcn\u00fcyorum&#8221; diye konu\u015ftu.<\/p>\n<p>Kortej, y\u00fcr\u00fcy\u00fc\u015f\u00fcn ard\u0131ndan Cumhuriyet Alan\u0131&#8217;na geldi. Alan\u0131 dolduran y\u00fczler, Mersin Devlet Opera ve Balesi&#8217;nin &#8216;\u015eahmeran Tarsus&#8217;ta&#8217; isimli festival a\u00e7\u0131l\u0131\u015f\u0131 g\u00f6sterisini ilgi ile izledi. Mersin Olgunla\u015fma Enstit\u00fcs\u00fc ve Giri\u015fimci \u0130\u015f Kad\u0131nlar\u0131 Derne\u011fi de (G\u0130\u015eKAD) &#8216;\u015eahmeran Efsanesi&#8217; isimli defile ger\u00e7ekle\u015ftirdi. Defile kat\u0131l\u0131mc\u0131lardan b\u00fcy\u00fck be\u011feni toplad\u0131.<\/p>\n<p>Ba\u015fkan Se\u00e7er: &#8220;3 g\u00fcn boyunca derdi ve tasay\u0131 bir kenara b\u0131rak\u0131n&#8221;<\/p>\n<p>A\u00e7\u0131l\u0131\u015fta vatanda\u015flara seslenen Ba\u015fkan Se\u00e7er, Tarsus&#8217;ta olmaktan mutluluk duydu\u011funu ifade ederek, &#8220;\u00d6\u011frenciler, \u00e7al\u0131\u015fanlar, emekliler, \u00e7ift\u00e7iler, \u00f6zellikle gen\u00e7ler 3 g\u00fcn boyunca derdi ve tasay\u0131 bir kenara b\u0131rak\u0131n. Burada arkada\u015flar\u0131n\u0131zla dostlar\u0131n\u0131zla bir arada olun. \u00c7ok g\u00fczel etkinlikler var. T\u00fcrkiye&#8217;nin her taraf\u0131ndan, 11 \u00fclkeden 300 sanat\u00e7\u0131, halk danslar\u0131 topluluklar\u0131 burada. Onlar\u0131 izlemenizi tavsiye ediyorum&#8221; dedi. Vatanda\u015flara konserlere de kat\u0131lmalar\u0131 \u00e7a\u011fr\u0131s\u0131nda bulunan Se\u00e7er, &#8220;Bug\u00fcn Simge, pazar g\u00fcn\u00fc de Melek Mosso sahne alacak. Ho\u015f\u00e7a vakit ge\u00e7irin. Tarsus&#8217;u seviyoruz. Tarsus sevilmeye lay\u0131k bir kent. Ben burada do\u011fdum, burada b\u00fcy\u00fcd\u00fcm. Tarsus&#8217;u \u00e7ok seviyorum. Tarsuslu olmaktan da gurur duyuyorum&#8221; diye konu\u015ftu.<\/p>\n<p>Tarsus&#8217;u daha g\u00fczel yapmak i\u00e7in \u00e7al\u0131\u015ft\u0131klar\u0131n\u0131 ve \u00e7al\u0131\u015fmaya da devam edeceklerini vurgulayan Se\u00e7er, &#8220;Tarsus d\u00fcnyan\u0131n en g\u00fczel ve kadim kentlerinden. Tarsus&#8217;un her taraf\u0131 tarih, k\u00fclt\u00fcr ve d\u00fcnya tarihinin semboll\u00fcleriyle dolu. Tarsus medeniyetler ve uygarl\u0131klar kenti. Bundan sonra da b\u00f6yle olacak&#8221; dedi.<\/p>\n<p>Se\u00e7er&#8217;den gen\u00e7lere; &#8220;Gelece\u011fimizin umutlar\u0131 sizlersiniz&#8221;<\/p>\n<p>Bu t\u00fcr festivalleri Tarsus&#8217;u tan\u0131tmak i\u00e7in ger\u00e7ekle\u015ftirdiklerinin alt\u0131n\u0131 \u00e7izen Se\u00e7er, festival alan\u0131na ak\u0131n eden gen\u00e7lere seslenerek, &#8220;Gelece\u011fimizin umutlar\u0131 sizlersiniz. Sizler yar\u0131nlar\u0131m\u0131zs\u0131n\u0131z. Hepimiz Mustafa Kemal Atat\u00fcrk&#8217;\u00fcn izinde bu \u00fclkeyi \u00e7ok daha iyi yerlere getirece\u011fiz. Bunu birlik ve beraberlikle i\u00e7erisinde, insanlar\u0131 severek ve sayarak yapaca\u011f\u0131z. Yedi cihana milletimizin dost ve bar\u0131\u015fsever bir millet oldu\u011funu g\u00f6sterece\u011fiz. Sizleri seviyoruz, sizlere g\u00fcveniyoruz. En g\u00fczel g\u00fcnler, en g\u00fczel ak\u015famlar sizlerin olsun&#8221; diyerek s\u00f6zlerini tamamlad\u0131.<\/p>\n<p>\u00c7al\u0131\u015fkan ve Dormen festivalde Onur \u00d6d\u00fcl\u00fc&#8217;ne lay\u0131k g\u00f6r\u00fcld\u00fc<\/p>\n<p>Konu\u015fmalar\u0131n ard\u0131ndan Se\u00e7er, hat sanat\u0131n\u0131n usta ismi Etem \u00c7al\u0131\u015fkan&#8217;a Festival Onur \u00d6d\u00fcl\u00fc&#8217;n\u00fc sahnede takdim etti. Se\u00e7er, &#8220;Etem abi her g\u00fcn gen\u00e7le\u015fiyor. Etem abi 96 ya\u015f\u0131nda bir gen\u00e7. Onun ruhu, vicdan\u0131, insanlara sayg\u0131s\u0131, sevgisi gen\u00e7, onun i\u00e7in seviyoruz. Etem abi T\u00fcrkiye&#8217;nin de\u011feri bizim de medar\u0131 iftihar\u0131m\u0131z. Mustafa Kemal&#8217;in imzas\u0131n\u0131 bilmeyen yok herhalde. \u0130\u015fte o imzan\u0131n yarat\u0131c\u0131s\u0131 Etem \u00c7al\u0131\u015fkan&#8217;d\u0131r&#8221; diye konu\u015ftu. \u00c7al\u0131\u015fkan da festivale katk\u0131 sunan ba\u015fta Se\u00e7er&#8217;e ve arka planda eme\u011fi ge\u00e7en herkese te\u015fekk\u00fcr ederek, \u00e7i\u00e7ek ve onur \u00f6d\u00fcl\u00fcn\u00fc kabul etti. Festival kapsam\u0131nda Sanat\u00e7\u0131 Haldun Dormen&#8217;e de Festival Onur \u00d6d\u00fcl\u00fc verildi.<\/p>\n<p>Ba\u015fkan Se\u00e7er ayr\u0131ca festivale \u015fehir d\u0131\u015f\u0131 ve Mersin&#8217;den kat\u0131l\u0131m sa\u011flayan t\u00fcm konuk sanat\u00e7\u0131, yazar, bas\u0131n mensubu ve di\u011fer kat\u0131l\u0131mc\u0131lar ile yemekte bulu\u015ftu.<\/p>\n<p>7&#8217;den 70&#8217;e herkes kortej ve konser co\u015fkusuna e\u015flik etti<\/p>\n<p>6 ya\u015f\u0131ndaki Derin Topal, festivali \u00e7ok be\u011fendi\u011fini s\u00f6yleyerek \u00e7ocuk at\u00f6lyelerinde ve e\u011flence parklar\u0131nda vakit ge\u00e7irdiklerini belirtti. Topal, &#8220;\u00c7ok heyecanland\u0131m, \u015fimdi de ba\u015fka \u00fclkelerden gelen dans topluluklar\u0131n\u0131n g\u00f6sterilerini izleyece\u011fim&#8221; dedi. Adana&#8217;dan festivale kat\u0131lmak i\u00e7in gelen bisiklet s\u00fcr\u00fcc\u00fcs\u00fc Sevilay Kayg\u0131s\u0131z, &#8220;Festivale kat\u0131lmak b\u00fcy\u00fck bir mutluluk. Festival boyunca burada olaca\u011f\u0131z. Tarsus&#8217;ta olmak bizim i\u00e7in ayr\u0131 bir mutluluk&#8221; s\u00f6zlerine yer verdi.<\/p>\n<p>Tarsus&#8217;un, k\u00fclt\u00fcr\u00fcn\u00fc ve tarihi tan\u0131tabilmesi i\u00e7in b\u00f6yle e\u011flenceli bir festivale ihtiyac\u0131 oldu\u011funu belirten Tarsus Kent Konseyi Bisiklet Toplulu\u011fu Ba\u015fkan\u0131 G\u00f6khan \u00d6zberk, &#8220;Biz bu festivallere kat\u0131lmaktan \u00e7ok memnunuz. Umar\u0131z bu her zaman katlanarak daha da b\u00fcy\u00fcyecek, daha da g\u00fczel festivaller olacak, Tarsus&#8217;ta bir canl\u0131l\u0131k olacak. Uluslararas\u0131 festivallerle birlikte Tarsus&#8217;un canlanmas\u0131n\u0131 istiyorum. Tarsus o kabu\u011funu y\u0131rts\u0131n istiyorum&#8221; ifadelerine yer verdi.<\/p>\n<p>D\u00fcnyan\u0131n her yan\u0131ndan gelen dans\u00e7\u0131lar Tarsus&#8217;a hayran kald\u0131<\/p>\n<p>Dans \u00f6\u011fretmeni Anna Ta\u011fma, &#8220;\u00c7ok g\u00fczel bir festival. \u00c7ok e\u011flenceli geliyor bize. Ayr\u0131ca ge\u00e7en sene festivale geldi\u011fimde burada birisiyle tan\u0131\u015ft\u0131m ve evlendik. T\u00fcrk soy ismiyle buraday\u0131m bu y\u0131l&#8221; s\u00f6zlerine yer verdi. \u0130steyen herkesin gelmesi gerekti\u011fini s\u00f6yleyen Ta\u011fma, &#8220;Tarsus&#8217;a gelin&#8221; \u00e7a\u011fr\u0131s\u0131 yapt\u0131. Kuzey K\u0131br\u0131s T\u00fcrk Cumhuriyeti&#8217;nden (KKTC) gelen dans\u00e7\u0131lar Melike S\u00f6nmez ve I\u015f\u0131n Yusufo\u011fular\u0131, &#8220;\u00c7ok g\u00fczel bir festival var, iyi ki gelmi\u015fiz. Dans\u0131m\u0131z olsun, k\u0131yafetlerimiz olsun k\u00fclt\u00fcr\u00fcm\u00fcz\u00fc en g\u00fczel \u015fekilde temsil etti\u011fimizi d\u00fc\u015f\u00fcn\u00fcyoruz. Ge\u00e7en sene de buradayd\u0131k, \u00e7ok keyifli ge\u00e7ece\u011fini d\u00fc\u015f\u00fcn\u00fcyoruz&#8221; dedi. G\u00fcrcistan&#8217;dan festivale gelen Dans E\u011fitmeni Jumber Lezhava, &#8220;Her festival sezonunda buraya gelmek istiyoruz, Mersin&#8217;i \u00e7ok seviyorum. Festival \u00e7ok e\u011flenceli&#8221; diyerek ne zaman davet edilirlerse geleceklerini vurgulad\u0131.<\/p>\n<p>Festival co\u015fkusu DJ Performans\u0131 ve pop m\u00fczi\u011finin sevilen ismi Simge&#8217;nin konseri ile zirve yapt\u0131.<\/p>\n<p>Se\u00e7er, konserde gen\u00e7lerle bulu\u015ftu<\/p>\n<p>\u00dcnl\u00fc sanat\u00e7\u0131 Simge&#8217;nin konserine de kat\u0131lan Ba\u015fkan Se\u00e7er, gen\u00e7lere &#8216;E\u011fleniyor muyuz?&#8217; diye sorarak co\u015fkulu kalabal\u0131ktan &#8216;Evet&#8217; cevab\u0131n\u0131 ald\u0131. Se\u00e7er, &#8220;B\u00fct\u00fcn gen\u00e7ler burada. Gelece\u011fimizin umudu, her \u015feyimiz, sevdiklerimiz&#8230; Sizlere g\u00fcveniyoruz. Tarsus&#8217;a da b\u00f6yle bir gen\u00e7lik yara\u015f\u0131r. Her \u015fey sizler i\u00e7in. Sizler i\u00e7in \u00e7al\u0131\u015faca\u011f\u0131z. Yar\u0131nlar\u0131 sizler i\u00e7in haz\u0131rlayaca\u011f\u0131z. Tarsus benim kentim, ben burada do\u011fdum. Tarsuslu olmakla gurur duyuyorum. Sizi Simge&#8217;yle ba\u015f ba\u015fa b\u0131rak\u0131yorum. Yar\u0131n ve Pazar g\u00fcn\u00fc Tarsus&#8217;un sokaklar\u0131 \u015fenlenecek. Herkesi bekliyoruz. \u00c7ok g\u00fczel etkinlikler olacak, hepiniz renk kat\u0131n ifadelerini kulland\u0131. Ba\u015fkan Se\u00e7er sanat\u00e7\u0131 Simge&#8217;ye \u00e7i\u00e7e\u011fini ve \u015eahmeran heykeli takdim etti.<\/p>\n<p>Sanat\u00e7\u0131 Simge ise Tarsus&#8217;u \u00e7ok sevdi\u011fini belirterek, &#8220;Bu gece daha da enerji dolu. \u015eahane bir kalabal\u0131k var, \u00e7ok keyifli bir gece ge\u00e7irece\u011fimizden eminim&#8221; dedi.<\/p>\n<p>Kat\u0131l\u0131mc\u0131lar konserde doyas\u0131ya e\u011flendi<\/p>\n<p>Festivali \u00e7ok be\u011fendi\u011fini s\u00f6yleyen Teslimi G\u00fcd\u00fcc\u00fc, &#8220;Konser \u00e7ok e\u011flenceli ge\u00e7iyor, festivaldeki t\u00fcm etkinliklere kat\u0131lmak istiyorum. Katk\u0131 sunan herkese \u00e7ok te\u015fekk\u00fcr ederim, Tarsus&#8217;un b\u00f6yle etkinliklere daha \u00e7ok ihtiyac\u0131 var&#8221; dedi. Yenice&#8217;den konsere gelen \u015eehriban \u015eipal, &#8220;\u00c7ok e\u011flenceli bir konser, b\u00f6yle ortamlar\u0131n olmas\u0131 bizi \u00e7ok mutlu ediyor. \u0130htiyac\u0131m\u0131z var b\u00f6yle bir arada oldu\u011fumuz etkinliklere.  \u0130nsanlar\u0131m\u0131z\u0131 bir arada g\u00f6rmek \u00e7ok gurur verici, iyi ki varlar&#8221; diye konu\u015ftu.<\/p>\n<p>15 ya\u015f\u0131ndaki Ozan \u00d6ztun\u00e7 festivalin \u00e7ok g\u00fczel ge\u00e7ti\u011fini belirterek, &#8220;Tarsus&#8217;ta konserlerin daha \u00e7ok olmas\u0131n\u0131 isterim. Herkesin gelmesini istiyorum&#8221; derken, Nimet Aynac\u0131 ise &#8220;Festivalimizden memnunuz. Vahap Se\u00e7er&#8217;imizden \u00e7ok memnunuz&#8221; ifadelerini kulland\u0131. Gen\u00e7lerden Ali Eren Tekin de konserin \u00e7ok g\u00fczel ge\u00e7ti\u011fini ve daha \u00e7ok olmas\u0131n\u0131 istediklerini belirtirken, Berat Ablak ise &#8220;\u00c7ok e\u011flenceli. \u00c7ok mutlu oluyoruz. Her g\u00fcn olmas\u0131n\u0131 istiyoruz&#8221; dedi. \u0130rem \u00d6rs ise &#8220;\u015eu an \u00e7ok e\u011fleniyoruz. Daha \u00e7ok olmas\u0131 gerekiyor. Bu etkinliklerle halk daha \u00e7ok mutlu olur&#8221; ifadelerini kulland\u0131.<\/p>\n","protected":false},"excerpt":{"rendered":"<p>Mersin B\u00fcy\u00fck\u015fehir Belediyesi taraf\u0131ndan bu y\u0131l &#8216;\u015eahmeran&#8217; temas\u0131 ile 2.&#8217;si ger\u00e7ekle\u015ftirilen &#8216;Uluslararas\u0131 Tarsus Festivali&#8217; t\u00fcm g\u00f6rkemiyle dolu dolu ba\u015flad\u0131. Mersin B\u00fcy\u00fck\u015fehir Belediyesi K\u00fclt\u00fcr ve Sosyal \u0130\u015fler Dairesi Ba\u015fkanl\u0131\u011f\u0131 koordinesinde d\u00fczenlenen ve 3 g\u00fcn boyunca devam edecek olan festival co\u015fkusu ilk g\u00fcnden t\u00fcm \u015fehri sard\u0131. Kortej renkli g\u00f6r\u00fcnt\u00fclere sahne oldu Mersin B\u00fcy\u00fck\u015fehir Belediye Ba\u015fkan\u0131 Vahap Se\u00e7er [&hellip;]<\/p>\n","protected":false},"author":2,"featured_media":28869,"comment_status":"open","ping_status":"open","sticky":false,"template":"","format":"standard","meta":{"footnotes":""},"categories":[3],"tags":[],"class_list":["post-28868","post","type-post","status-publish","format-standard","has-post-thumbnail","hentry","category-manset"],"views":37,"_links":{"self":[{"href":"https:\/\/mersinkadingazetesi.com\/index.php?rest_route=\/wp\/v2\/posts\/28868"}],"collection":[{"href":"https:\/\/mersinkadingazetesi.com\/index.php?rest_route=\/wp\/v2\/posts"}],"about":[{"href":"https:\/\/mersinkadingazetesi.com\/index.php?rest_route=\/wp\/v2\/types\/post"}],"author":[{"embeddable":true,"href":"https:\/\/mersinkadingazetesi.com\/index.php?rest_route=\/wp\/v2\/users\/2"}],"replies":[{"embeddable":true,"href":"https:\/\/mersinkadingazetesi.com\/index.php?rest_route=%2Fwp%2Fv2%2Fcomments&post=28868"}],"version-history":[{"count":0,"href":"https:\/\/mersinkadingazetesi.com\/index.php?rest_route=\/wp\/v2\/posts\/28868\/revisions"}],"wp:featuredmedia":[{"embeddable":true,"href":"https:\/\/mersinkadingazetesi.com\/index.php?rest_route=\/wp\/v2\/media\/28869"}],"wp:attachment":[{"href":"https:\/\/mersinkadingazetesi.com\/index.php?rest_route=%2Fwp%2Fv2%2Fmedia&parent=28868"}],"wp:term":[{"taxonomy":"category","embeddable":true,"href":"https:\/\/mersinkadingazetesi.com\/index.php?rest_route=%2Fwp%2Fv2%2Fcategories&post=28868"},{"taxonomy":"post_tag","embeddable":true,"href":"https:\/\/mersinkadingazetesi.com\/index.php?rest_route=%2Fwp%2Fv2%2Ftags&post=28868"}],"curies":[{"name":"wp","href":"https:\/\/api.w.org\/{rel}","templated":true}]}}