{"id":28874,"date":"2023-11-19T09:34:36","date_gmt":"2023-11-19T06:34:36","guid":{"rendered":"http:\/\/mersinkadingazetesi.com\/?p=28874"},"modified":"2023-11-19T09:34:36","modified_gmt":"2023-11-19T06:34:36","slug":"2-uluslarasi-tarsus-festivali-tum-coskusuyla-suruyor","status":"publish","type":"post","link":"https:\/\/mersinkadingazetesi.com\/?p=28874","title":{"rendered":"2. ULUSLARASI TARSUS FEST\u0130VAL\u0130 T\u00dcM CO\u015eKUSUYLA S\u00dcR\u00dcYOR"},"content":{"rendered":"<p>Mersin B\u00fcy\u00fck\u015fehir Belediyesi taraf\u0131ndan d\u00fczenlenen ve Tarsus&#8217;u festival kentine \u00e7eviren &#8216;2. Uluslararas\u0131 Tarsus Festivali&#8217; t\u00fcm co\u015fkusuyla s\u00fcr\u00fcyor. \u0130lk g\u00fcne damga vuran festival, ikinci g\u00fcnde de de kentin d\u00f6rt bir yan\u0131na yay\u0131larak devam ediyor. G\u00fcn boyu s\u00fcren s\u00f6yle\u015fi, workshoplara kat\u0131lan kat\u0131l\u0131c\u0131mlar, usta yazar, sanat\u00e7\u0131 ve \u015feflerle bulu\u015ftu. Festivalde doyas\u0131ya e\u011flenmek ve dans etmek isteyen kat\u0131l\u0131mc\u0131lar da 11 \u00fclkeden gelen ve 300 sanat\u00e7\u0131dan olu\u015fan \u00e7e\u015fitli Halk Danslar\u0131 Topluluklar\u0131n\u0131n da g\u00f6sterilerinin tad\u0131n\u0131 \u00e7\u0131kartt\u0131. Festivalde ayr\u0131ca, g\u00fcn boyu yama\u00e7 para\u015f\u00fct\u00fc etkinli\u011fi de ger\u00e7ekle\u015ftirildi. Festival kapsam\u0131nda d\u00fczenlenen bisiklet ve otob\u00fcs turlar\u0131 da kat\u0131l\u0131mc\u0131lar\u0131 \u015fehir ke\u015ffine \u00e7\u0131kartt\u0131. Festivalde stant a\u00e7an \u00fcreticiler de \u00fcr\u00fcnlerini al\u0131c\u0131larla bulu\u015fturarak B\u00fcy\u00fck\u015fehir sayesinde gelir elde etme imkan\u0131 yakalad\u0131.<\/p>\n<p>TADEKA Binas\u0131&#8217;nda Bar\u0131\u015f \u0130nce taraf\u0131ndan ger\u00e7ekle\u015ftirilen &#8216;Edebiyat At\u00f6lyesi&#8217;ne vatanda\u015flar yo\u011fun kat\u0131l\u0131m sa\u011flad\u0131. Misak-\u0131 Milli Binas\u0131&#8217;nda ise F\u0131rat Neziro\u011flu&#8217;nun d\u00fczenledi\u011fi &#8216;\u015eahmeran Dokuma At\u00f6lyesi&#8217;ne vatanda\u015flar b\u00fcy\u00fck bir ilgiyle kat\u0131ld\u0131.<\/p>\n<p>Sosyal Medya Fenomeni Tepe, festivalde kad\u0131nlarla k\u0131s\u0131r yapt\u0131<\/p>\n<p>St. Paul Meydan\u0131&#8217;nda K\u0131s\u0131r Yap\u0131m\u0131 At\u00f6lyesi d\u00fczenleyen Sosyal Medya Fenomeni \u00d6nder Tepe, Mersinli kad\u0131n \u00fcreticilerin \u00fcr\u00fcnleriyle k\u0131s\u0131r yap\u0131m\u0131 ger\u00e7ekle\u015ftirdi. At\u00f6lyeye kat\u0131lan Mersinden Kad\u0131n Kooperatifi Ba\u015fkan\u0131 Meral Se\u00e7er de k\u0131s\u0131r yap\u0131m\u0131na yard\u0131m etti. K\u0131s\u0131r yaparken bol bol sohbet de eden Meral Se\u00e7er, Mersinden Kad\u0131n Kooperatifi \u00fcr\u00fcnleri hakk\u0131nda bilgi vererek, kentin yerel \u00fcr\u00fcnlerine \u00f6zg\u00fc \u00fcretim yapt\u0131klar\u0131n\u0131 ve kentteki \u00fcretici kad\u0131nlarla i\u015f birli\u011fi i\u00e7erisinde olduklar\u0131n\u0131 kaydetti. At\u00f6lyenin ard\u0131ndan \u00d6nder Tepe, Meral Se\u00e7er ve Tarsuslu kad\u0131nlar 9 bin y\u0131ll\u0131k Tarsus sokaklar\u0131nda dola\u015f\u0131p tarihi yap\u0131lar\u0131 ke\u015ffe \u00e7\u0131kt\u0131lar. Kubatpa\u015fa Meydan\u0131&#8217;nda yer alan Slowfood Yery\u00fcz\u00fc Pazar\u0131&#8217;n\u0131 da gezen Meral Se\u00e7er, Tarsus&#8217;a \u00f6zg\u00fc y\u00f6resel lezzetlerin ve organik \u00fcr\u00fcnlerin oldu\u011fu stantlar\u0131 inceleyip, \u00fcretici kad\u0131nlarla sohbet etti.<\/p>\n<p>Tepe: &#8220;Uluslararas\u0131 Tarsus Festivali bize bir\u00e7ok \u015fey kazand\u0131rd\u0131&#8221;<\/p>\n<p>Workshop sonras\u0131 de\u011ferlendirmelerde bulunan \u00d6nder Tepe, &#8220;\u015eahmeran Y\u0131l\u0131 ve Uluslararas\u0131 Tarsus Festivali bize bir\u00e7ok \u015fey kazand\u0131rd\u0131. Geleneklerimizi ne derece korumam\u0131z gerekti\u011fini \u00f6\u011fretti. Ben de k\u0131s\u0131r yapmay\u0131 \u00e7ok seviyorum. B\u00f6yle haftal\u0131k videolar at\u0131yordum hep sosyal medyada, burada takip\u00e7ilerinin gelip ayn\u0131 zamanda tan\u0131mayan insanlar\u0131n da sevgisini kazanmak benim i\u00e7in ekstra bir mutluluk verici bir \u015feydi&#8221; dedi. Mersinden Kad\u0131n Kooperatifi Ba\u015fkan\u0131 meral Se\u00e7er ile birlikte olmaktan da mutluluk duydu\u011funu belirten Tepe &#8220;\u0130yi ki burada oldum. \u00c7ok keyifli, her \u015fey \u00e7ok g\u00fczel&#8221; ifadelerini kulland\u0131.<\/p>\n<p>Meral Se\u00e7er: &#8220;Festival her yerde g\u00fczel ge\u00e7iyor&#8221;<\/p>\n<p>Workshopta, \u00d6nder Tepe ile birlikte k\u0131s\u0131r yap\u0131m\u0131na kat\u0131lan Meral Se\u00e7er, &#8220;\u0130kinci Tarsus Festivali kapsam\u0131nda bug\u00fcn Dizaynoloji hesab\u0131na sahip \u00d6nder Tepe ile k\u0131s\u0131r yapt\u0131k. Burada Mersinden Kad\u0131n Kooperatifi&#8217;nin y\u00f6resel \u00fcr\u00fcnleri kullan\u0131ld\u0131. Kooperatifimizin b\u00f6lgemizdeki anlam ve \u00f6nemini insanlar\u0131m\u0131za, anlatt\u0131k. Bu lezzetleri onlar\u0131n da tatmas\u0131na vesile olduk. G\u00fczel bir program oldu. \u0130nsanlar\u0131n ilgisi \u00e7oktu. Bu da bizi \u00e7ok memnun etti. Festival, b\u00f6yle her yerde g\u00fczel ge\u00e7iyor&#8221; dedi.<\/p>\n<p>Kubatpa\u015fa Meydan\u0131&#8217;nda Koyuncu Tarsus lahmacunu ve pidesini yorumlad\u0131<\/p>\n<p>Kubatpa\u015fa Meydan\u0131&#8217;nda ger\u00e7ekle\u015ftirilen workshopta; \u015eef U\u011fur Koyuncu, Tarsus lahmacunu ve pidesini ata tohumlar\u0131 ile yo\u011furdu\u011fu hamurdan yapt\u0131. Yapt\u0131\u011f\u0131 lahmacunlar\u0131 kat\u0131l\u0131mc\u0131lara tatt\u0131ran Koyuncu, merak edenlerle yap\u0131m teknikleri ve pi\u015firdikleri f\u0131r\u0131n\u0131n \u00f6zellikleri \u00fczerine sohbet etti. Kubatpa\u015fa Meydan\u0131&#8217;nda kurulan Tarsus Slow Food Yery\u00fcz\u00fc Pazar\u0131&#8217;nda kurulan stantlarda Mersin&#8217;e ve Tarsus&#8217;a \u00f6zg\u00fc lezzetler yer ald\u0131. Stantlarda; kurutulmu\u015f meyveler, bakliyatlar, ev yap\u0131m\u0131 re\u00e7eller, organik \u00fcr\u00fcnler, Tarsus&#8217;a \u00f6zg\u00fc k\u00f6mbe, mam\u00fcl, karaku\u015f tatl\u0131s\u0131, humus gibi y\u00f6resel lezzetlerin yan\u0131 s\u0131ra ah\u015fap \u00fcr\u00fcnler, organik ar\u0131 \u00fcr\u00fcnleri, lavantadan yap\u0131lan esans ve ya\u011flar vatanda\u015flar\u0131n be\u011fenisine sunuldu.<\/p>\n<p>Tarsuslu Masterchef Yar\u0131\u015fmac\u0131s\u0131 Batuhan Bay\u0131r humusa kendi yorumunu katt\u0131<\/p>\n<p>Tarsuslu Masterchef Yar\u0131\u015fmac\u0131s\u0131 Batuhan Bay\u0131r, Tarsus&#8217;un y\u00f6resel lezzetlerinden olan humusa kendi yorumunu katt\u0131. Workshopa kat\u0131lan t\u00fcm vatanda\u015flara yapt\u0131\u011f\u0131 \u00f6zel soslu humusu deneten Bay\u0131r, Tarsuslulardan tam not ald\u0131. Memleketi Tarsus&#8217;a gelmenin ve a\u011f\u0131rlanman\u0131n \u00e7ok gurur verici oldu\u011funu belirten Bay\u0131r, &#8220;Hala yar\u0131\u015f\u0131yorum bir Tarsuslu olarak. Bu y\u00fczden Mersin ve Tarsus&#8217;un deste\u011fini bekliyorum. \u00c7\u00fcnk\u00fc orada ben halk\u0131m\u0131, Mersin&#8217;i ve Tarsus&#8217;u temsil ediyorum. O y\u00fczden arkamda olsunlar zafere do\u011fru gidelim&#8221; diye konu\u015ftu.<\/p>\n<p>Koyuncu: &#8220;Bu festivaller b\u00fcy\u00fcyerek devam etmeli&#8221;<\/p>\n<p>\u015eef U\u011fur Koyuncu, workshopta yapt\u0131klar\u0131n\u0131 anlatarak, &#8220;Bug\u00fcn Tarsus&#8217;un yerel lahmacun i\u00e7ini, k\u0131ymal\u0131 ve peynirli pide b\u00f6rek i\u00e7iyle; Slow Food \u00fcr\u00fcnleri olan, bu b\u00f6lgede yeti\u015fen atal\u0131k ve yadigar tohumlar dedi\u011fimiz karak\u0131l\u00e7\u0131klar, sar\u0131 bu\u011fdaylar gibi \u00fcr\u00fcnler ve sadece ek\u015fi maya kullanarak bir hamur haz\u0131rlad\u0131k. Onlarla Tarsus pidesi ve lahmacununu yorumlad\u0131k&#8221; dedi. Festivallerin tan\u0131t\u0131m i\u00e7in \u00f6nemine de de\u011finen Koyuncu, &#8220;Bu festivaller b\u00fcy\u00fcyerek devam etmeli.  Bunlar halk\u0131n birbiriyle kayna\u015ft\u0131\u011f\u0131, etkile\u015fim i\u00e7inde oldu\u011fu, \u00e7ok eskilerden kaybetti\u011fimiz o mahalle k\u00fclt\u00fcrlerinin yeniden canland\u0131\u011f\u0131 etkinlikler. Dolay\u0131s\u0131yla artarak \u00e7o\u011falmas\u0131n\u0131, s\u00fcreklili\u011fini kaybetmeden devam etmesini temenni ediyorum&#8221; ifadelerini kulland\u0131.<\/p>\n<p>Ay: &#8220;Bir \u00fcretici olarak \u015fehrimizin tan\u0131t\u0131lmas\u0131 benim i\u00e7in \u00e7ok \u00f6nemli&#8221;<\/p>\n<p>Kubatpa\u015fa Meydan\u0131&#8217;nda Slow Food Yery\u00fcz\u00fc Pazar\u0131&#8217;nda tezgah a\u00e7an ve Karaku\u015f Tatl\u0131s\u0131 dal\u0131nda birincilik \u00f6d\u00fcl\u00fc olan M\u00fcjgan Ay, &#8220;\u00c7ok g\u00fczel ge\u00e7iyor. Ge\u00e7en sene de kat\u0131ld\u0131m, s\u00fcrekli kat\u0131l\u0131yorum. Bir \u00fcretici olarak \u015fehrimizin tan\u0131t\u0131lmas\u0131 benim i\u00e7in \u00e7ok \u00f6nemli. Gastronomi dal\u0131nda yerel \u00fcr\u00fcnlerimizi tan\u0131tma f\u0131rsat\u0131m\u0131z oluyor. \u015eehrimize \u00f6zg\u00fc tatl\u0131m\u0131z\u0131 tan\u0131t\u0131yoruz. \u00c7ok memnun oluyoruz&#8221; diye belirtti.<\/p>\n<p>Emre: &#8220;Hem motive oluyoruz hem eme\u011fimiz kazanca d\u00f6n\u00fc\u015f\u00fcyor&#8221;<\/p>\n<p>At\u0131k a\u011fa\u00e7lardan yapt\u0131\u011f\u0131 ah\u015fap \u00fcr\u00fcnlerin sat\u0131\u015f\u0131n\u0131 yapan Ganime Emre, festivali de\u011ferlendirerek, &#8220;\u00c7ok g\u00fczel ge\u00e7iyor bizim i\u00e7in. \u0130nsanlara el eme\u011finin, buradaki do\u011fal \u00fcr\u00fcnlerin nas\u0131l oldu\u011funu anlat\u0131yoruz. Gayet g\u00fczel bir samimiyet de kuruyoruz. Ayr\u0131ca insanlar burada be\u011fendi\u011fi \u00fcr\u00fcnleri alabiliyorlar. Ge\u00e7en y\u0131l da festivale kat\u0131lm\u0131\u015ft\u0131m. Buradaki insanlar\u0131n hepsi \u00fcretim yapt\u0131klar\u0131 i\u00e7in hem kendileri motive oluyorlar, hem de el emeklerini kazanca d\u00f6n\u00fc\u015ft\u00fcrd\u00fckleri bir ortam oluyor&#8221; diye belirtti.<\/p>\n<p>Yazarlar, &#8216;\u00c7a\u011fda\u015f Sanat, K\u00fclt\u00fcr, \u00c7a\u011fda\u015f Hayat, Toplum ve T\u00fcrkiye&#8217; panelinde bulu\u015ftu<\/p>\n<p>Festival kapsam\u0131nda, \u00c7ukurova Sanayi \u0130\u015fletmeleri T.A.\u015e. Fabrikas\u0131 Eski \u00c7\u0131r\u00e7\u0131r Deposu&#8217;nda da S\u0131rma Zaimo\u011flu&#8217;nun Moderat\u00f6rl\u00fc\u011f\u00fc&#8217;nde &#8216;\u00c7a\u011fda\u015f Sanat, K\u00fclt\u00fcr, \u00c7a\u011fda\u015f Hayat, Toplum ve T\u00fcrkiye&#8217; konulu panel d\u00fczenlendi. Tarihi dokularla bezenmi\u015f depoda d\u00fczenlenen panelde; Ekrem Kahraman, Prof. Emre Zeytino\u011flu, K\u00fclti\u011fin Kaan Akbulut ve \u00d6v\u00fcn\u00e7 Demiray konu\u015fmac\u0131 oldu.<\/p>\n<p>Panel sonras\u0131 de\u011ferlendirmelerde bulunan Yazar Ekrem Kahraman, Mersin ve Tarsus&#8217;ta bir\u00e7ok k\u00fclt\u00fcrel ve sanatsal etkinlikler ger\u00e7ekle\u015ftirmek istediklerini belirterek, &#8220;Belki \u00f6n\u00fcm\u00fczdeki on y\u0131l i\u00e7erisinde uluslararas\u0131 k\u00fcrat\u00f6r, sanat\u00e7\u0131, tarih\u00e7i ya da yazar buraya \u00e7evirmenlerle gelip konu\u015fmalar yapacak, paneller yap\u0131lacak. Biz bunlar\u0131n hayalini yap\u0131yoruz. Belediyelerimiz de d\u00e2hil olacak. Sa\u011f olsun Vahap Bey bu t\u00fcr etkinlikleri daha ba\u015f\u0131ndan beri hep destekledi. Bu b\u00f6lgeyi gelecekte \u015fu anda g\u00f6rd\u00fc\u011f\u00fcn\u00fczden \u00e7ok daha farkl\u0131 yerde g\u00f6rmek i\u00e7in hep birlikte \u00e7al\u0131\u015faca\u011f\u0131z, yapaca\u011f\u0131z diyoruz. S\u00f6z veriyorum&#8221; dedi.<\/p>\n<p>Tarsus&#8217;un B\u00fcy\u00fck\u015fehir taraf\u0131ndan sanata ve k\u00fclt\u00fcre bo\u011fuldu\u011funu s\u00f6yleyen Mersin \u00dcniversitesi G\u00fczel Sanatlar Fak\u00fcltesi Resim B\u00f6l\u00fcm\u00fc \u00d6\u011fretim \u00dcyesi ve \u00c7ukurova \u00c7a\u011fda\u015f Sanat K\u00fclt\u00fcr E\u011fitim Vakf\u0131 kurucu \u00fcyesi Or\u00e7un \u00c7ad\u0131r, Eski \u00c7\u0131r\u00e7\u0131r Deposu&#8217;nda yap\u0131lan panelin \u00e7ok keyifli ge\u00e7ti\u011fini kaydetti. \u00c7ad\u0131r, &#8220;Tarsus&#8217;ta g\u00fczel \u015feyler oluyor, Tarsus b\u00fcy\u00fcyor. Bu anlamda Mersin B\u00fcy\u00fck\u015fehir Belediyesi de ciddi katk\u0131lar yap\u0131yor, b\u00fct\u00fcn organizasyonlara. Gelecek vadeden ad\u0131mlar at\u0131l\u0131yor, uzun soluklu olaca\u011f\u0131 kanaatindeyim&#8221; diye konu\u015ftu.<\/p>\n<p>T\u00f6re Sivrio\u011flu&#8217;nun &#8216;Akdeniz K\u00fclt\u00fcr\u00fc ve Tarihinin \u00d6nemi, Mitolojiden Tarihe Akdeniz, Kleopatra&#8217;dan Levant&#8217;a Do\u011fu Akdeniz&#8217;in \u00d6yk\u00fcs\u00fc&#8217; konulu s\u00f6yle\u015fisine kat\u0131lan vatanda\u015flar ise, tarih ve mitolojiye olan hayranl\u0131klar\u0131n\u0131 gizleyemedi.<\/p>\n<p>7&#8217;den 70&#8217;e herkes Tarsus&#8217;ta e\u011flenceye doydu<\/p>\n<p>K\u00fclt\u00fcr Park&#8217;taki d\u00fczenlenen birbirinden renkli etkinlikler de hem aileleri hem \u00e7ocuklar\u0131 mutlu etti. Etkinliklere kat\u0131lan vatanda\u015flardan Ebru \u015eim\u015fek, festival kapsam\u0131nda stant da kurdu\u011funu ve gelir elde etti\u011fini belirterek, &#8220;\u00c7ocuklar\u0131m\u0131 gezdirmeye getirdim bug\u00fcn. E\u011fleniyorlar, \u00e7ok memnun ve mutluyuz. 2 senedir stant kuruyorum ben, harika ge\u00e7iyor. Hem gelir kayna\u011f\u0131 elde ediyoruz hem \u00e7ocuklar\u0131m\u0131z e\u011fleniyor. Ben tak\u0131 ve toka sat\u0131yorum. \u0130htiyac\u0131m\u0131 kar\u015f\u0131layacak ve \u00e7ocuklar\u0131ma yetecek kadar gelir elde ediyorum. Etraf\u0131m\u0131zdaki insanlarla da sohbet i\u00e7erisinde oluyoruz. E\u011flenceli ge\u00e7iyor. Festival i\u00e7in Vahap Se\u00e7er&#8217;e \u00e7ok te\u015fekk\u00fcr ederiz&#8221; dedi. Kadriye Avc\u0131 ise festivalin \u00e7ok g\u00fczel ge\u00e7ti\u011fini s\u00f6yleyerek, &#8220;\u00c7ocuklar e\u011fleniyor, biz e\u011fleniyoruz. Tarsus ve Mersin&#8217;le ilgilendi\u011fi i\u00e7in ba\u015fkan\u0131m\u0131zdan \u00e7ok memnunuz. Hem \u00e7ocuklar e\u011fleniyor hem insanlar \u00e7ocuklarla vakit ge\u00e7irebiliyor&#8221; diye konu\u015ftu. 6 ya\u015f\u0131ndaki Ulus Carus ise festivalde doyas\u0131ya e\u011flendi\u011fini ifade ederek, &#8220;Bug\u00fcn \u015fi\u015fme balon g\u00f6rd\u00fcm. Sonra annemle gezdik, m\u00fczeye gittik, yemek yedik. \u00c7ok e\u011flendim, oyun oynad\u0131k, \u00e7ubuklarla \u015fekiller yapt\u0131k&#8221; dedi.<\/p>\n<p>Umut Erdemir de, &#8220;Bug\u00fcn ilk defa geldim y\u00fcz\u00fcm\u00fc boyad\u0131m, sonra oyunlar oynad\u0131k, e\u011flendik&#8221; diyerek bu t\u00fcr etkinlikleri yapt\u0131\u011f\u0131 i\u00e7in Vahap Se\u00e7er&#8217;i \u00e7ok sevdi\u011fini dile getirdi.  Festival i\u00e7in ailesiyle birlikte Mersin Yeni\u015fehir&#8217;den gelen Yasemin Ayr\u0131k ise &#8220;Mersin&#8217;de bir\u00e7ok ekinlik yap\u0131l\u0131yor. Buray\u0131 da deneyelim istedik. \u00c7ok g\u00fczel ge\u00e7iyor&#8221; derken e\u015fi Koray Ayr\u0131k, festivalleri \u00e7ok be\u011fendi\u011fini s\u00f6yleyerek, &#8220;\u00c7ok g\u00fczel. Biz de elimizden geldi\u011fi kadar \u00e7ocukla kat\u0131lmaya \u00e7al\u0131\u015f\u0131yoruz. \u00c7ok iyi zaten Mersin&#8217;den de belli oluyor. Sahildeki yerler olsun di\u011fer yerler olsun gayet g\u00fczel ve memnunuz&#8221; ifadelerini kulland\u0131.<\/p>\n<p>\u00c7ocuklar\u0131yla beraber festivale gelen Ahmet Has\u0131rc\u0131, &#8220;Ge\u00e7en y\u0131lda kat\u0131lm\u0131\u015ft\u0131m ama bu y\u0131l daha kapsaml\u0131 olmu\u015f. \u0130ki \u00e7ocu\u011fum oldu\u011fu i\u00e7in \u00e7ocuklar i\u00e7in olan k\u0131s\u0131mlar benim daha \u00e7ok ilgimi \u00e7ekti. \u015eef Mehmet Yal\u00e7\u0131nkaya ve Somer Sivrio\u011flu&#8217;nun oldu\u011fu programa da kat\u0131ld\u0131m. \u00c7ok keyifliydi&#8221; dedi. \u0130nsanlar\u0131n bir araya gelmesinin heyecan verici oldu\u011funu belirten Has\u0131rc\u0131, &#8220;Tarsus&#8217;un b\u00f6yle bir \u015feye ihtiyac\u0131 vard\u0131,  B\u00fcy\u00fck\u015fehir Ba\u015fkan\u0131m\u0131z b\u00f6yle bir festivali kentimize getirdi ve \u00e7ok iyi oldu&#8221; s\u00f6zlerine yer verdi. \u0130zmir&#8217;den Tarsus&#8217;a geldi\u011fini kaydeden Evrim D\u00f6kmen, &#8220;Uluslararas\u0131 Tarsus Festivaline denk geldik. G\u00fczel bir Anadolu \u015fehrinde keyifli bir zaman ge\u00e7irmi\u015f olduk. Hava muhalefeti olmasa daha g\u00fczel olurdu ama yine de her \u015fey harika, umar\u0131m devam\u0131 gelir. Festival sayesinde ekonomi canland\u0131, d\u00f6viz getirmese de esnaf bir nebze rahatlam\u0131\u015ft\u0131r&#8221; ifadelerine yer verdi. <\/p>\n","protected":false},"excerpt":{"rendered":"<p>Mersin B\u00fcy\u00fck\u015fehir Belediyesi taraf\u0131ndan d\u00fczenlenen ve Tarsus&#8217;u festival kentine \u00e7eviren &#8216;2. Uluslararas\u0131 Tarsus Festivali&#8217; t\u00fcm co\u015fkusuyla s\u00fcr\u00fcyor. \u0130lk g\u00fcne damga vuran festival, ikinci g\u00fcnde de de kentin d\u00f6rt bir yan\u0131na yay\u0131larak devam ediyor. G\u00fcn boyu s\u00fcren s\u00f6yle\u015fi, workshoplara kat\u0131lan kat\u0131l\u0131c\u0131mlar, usta yazar, sanat\u00e7\u0131 ve \u015feflerle bulu\u015ftu. Festivalde doyas\u0131ya e\u011flenmek ve dans etmek isteyen kat\u0131l\u0131mc\u0131lar da [&hellip;]<\/p>\n","protected":false},"author":2,"featured_media":28875,"comment_status":"open","ping_status":"open","sticky":false,"template":"","format":"standard","meta":{"footnotes":""},"categories":[7,3],"tags":[],"class_list":["post-28874","post","type-post","status-publish","format-standard","has-post-thumbnail","hentry","category-dunya","category-manset"],"views":6,"_links":{"self":[{"href":"https:\/\/mersinkadingazetesi.com\/index.php?rest_route=\/wp\/v2\/posts\/28874"}],"collection":[{"href":"https:\/\/mersinkadingazetesi.com\/index.php?rest_route=\/wp\/v2\/posts"}],"about":[{"href":"https:\/\/mersinkadingazetesi.com\/index.php?rest_route=\/wp\/v2\/types\/post"}],"author":[{"embeddable":true,"href":"https:\/\/mersinkadingazetesi.com\/index.php?rest_route=\/wp\/v2\/users\/2"}],"replies":[{"embeddable":true,"href":"https:\/\/mersinkadingazetesi.com\/index.php?rest_route=%2Fwp%2Fv2%2Fcomments&post=28874"}],"version-history":[{"count":0,"href":"https:\/\/mersinkadingazetesi.com\/index.php?rest_route=\/wp\/v2\/posts\/28874\/revisions"}],"wp:featuredmedia":[{"embeddable":true,"href":"https:\/\/mersinkadingazetesi.com\/index.php?rest_route=\/wp\/v2\/media\/28875"}],"wp:attachment":[{"href":"https:\/\/mersinkadingazetesi.com\/index.php?rest_route=%2Fwp%2Fv2%2Fmedia&parent=28874"}],"wp:term":[{"taxonomy":"category","embeddable":true,"href":"https:\/\/mersinkadingazetesi.com\/index.php?rest_route=%2Fwp%2Fv2%2Fcategories&post=28874"},{"taxonomy":"post_tag","embeddable":true,"href":"https:\/\/mersinkadingazetesi.com\/index.php?rest_route=%2Fwp%2Fv2%2Ftags&post=28874"}],"curies":[{"name":"wp","href":"https:\/\/api.w.org\/{rel}","templated":true}]}}