{"id":28877,"date":"2023-11-19T09:37:12","date_gmt":"2023-11-19T06:37:12","guid":{"rendered":"http:\/\/mersinkadingazetesi.com\/?p=28877"},"modified":"2023-11-19T09:37:12","modified_gmt":"2023-11-19T06:37:12","slug":"baskan-secer-dolu-dolu-gecen-festivalin-ikinci-gununde-de-tarsustaydi","status":"publish","type":"post","link":"https:\/\/mersinkadingazetesi.com\/?p=28877","title":{"rendered":"BA\u015eKAN SE\u00c7ER, DOLU DOLU GE\u00c7EN FEST\u0130VAL\u0130N \u0130K\u0130NC\u0130 G\u00dcN\u00dcNDE DE TARSUS&#8217;TAYDI"},"content":{"rendered":"<p>Mersin B\u00fcy\u00fck\u015fehir Belediye Ba\u015fkan\u0131 Vahap Se\u00e7er, Mersin B\u00fcy\u00fck\u015fehir Belediyesi taraf\u0131ndan bu y\u0131l 2.&#8217;si d\u00fczenlenen &#8216;Uluslararas\u0131 Tarsus Festivali&#8217;nin ikinci g\u00fcn\u00fcnde de Tarsus&#8217;un her noktas\u0131nda ger\u00e7ekle\u015ftirilen s\u00f6yle\u015fi ve etkinliklere kat\u0131l\u0131m sa\u011flayarak, vatanda\u015flarla bulu\u015ftu, festival co\u015fkusuna ortak oldu. Festival ikinci g\u00fcn\u00fcnde de dolu dolu ge\u00e7ti.<\/p>\n<p>Ba\u015fkan Se\u00e7er&#8217;e festivalin ikinci g\u00fcn\u00fcnde e\u015fi Meral Se\u00e7er, Cumhuriyet Halk Partisi (CHP) Mersin Milletvekili G\u00fclcan K\u0131\u015f, Gazeteci \u0130smail K\u00fc\u00e7\u00fckkaya, Meclis \u00fcyeleri ve Mersin B\u00fcy\u00fck\u015fehir Belediyesi b\u00fcrokratlar\u0131 ile daire ba\u015fkanlar\u0131 e\u015flik etti.<\/p>\n<p>Se\u00e7er ilk olarak \u015eermin Ya\u015far&#8217;\u0131n s\u00f6yle\u015fisini dinledi<\/p>\n<p>\u0130lk olarak Tarsus M\u00fczesi&#8217;nde Yazar \u015eermin Ya\u015far&#8217;\u0131n &#8216;Kelimenin Ard\u0131&#8217; isimli s\u00f6yle\u015fisine kat\u0131lan Ba\u015fkan Se\u00e7er, yazar Ya\u015far&#8217;\u0131n keyifli s\u00f6yle\u015finin ard\u0131ndan yazara \u00e7i\u00e7e\u011fini ve hediyesini takdim edip konu\u015fma yapt\u0131. Se\u00e7er, &#8220;Hem sizi hem de \u00e7ocuklar\u0131m\u0131z\u0131n d\u00e2hiyane sorular\u0131n\u0131 keyifle dinledim. \u00c7ocuklar\u0131m\u0131z bizim her \u015feyimiz. Sizin gibi hem gen\u00e7 hem yetenekli bir kalemin Tarsus gibi m\u00fcstesna bir yerde olmas\u0131 bizlere gurur verdi&#8221; diyerek Ya\u015far&#8217;a Tarsuslular ad\u0131na te\u015fekk\u00fcr etti. \u015eermin Ya\u015far&#8217;\u0131n s\u00f6yle\u015fi sonunda yapt\u0131\u011f\u0131 \u00e7ocuklar ile olan keyifli soru cevaplar\u0131n\u0131 da dinleyen Se\u00e7er, daha sonra Tarsus&#8217;ta k\u0131sa bir esnaf ziyareti yaparak esnaf ve vatanda\u015flarla bir araya geldi.  <\/p>\n<p>Se\u00e7er, gazeteci K\u00fc\u00e7\u00fckkaya ile etkinlik alanlar\u0131n\u0131 gezdi<\/p>\n<p>Ba\u015fkan Se\u00e7er, festivalin ikinci g\u00fcn\u00fcnde kente gelen Gazeteci \u0130smail K\u00fc\u00e7\u00fckkaya ile bir araya geldi. K\u00fc\u00e7\u00fckkaya ile Tarsus sokaklar\u0131n\u0131 dola\u015fan Ba\u015fkan Se\u00e7er, vatanda\u015flarla sohbet etti. Esnaf ile bol bol sohbet eden ikili, vatanda\u015flar\u0131n ve esnaf\u0131n sevgisi ile kar\u015f\u0131land\u0131. Ba\u015fkan Se\u00e7er daha sonra \u0130smail K\u00fc\u00e7\u00fckkaya ile birlikte yeme\u011fe ge\u00e7ti ve yemekte Meral Se\u00e7er ile festivale kat\u0131l\u0131m sa\u011flayan kat\u0131l\u0131mc\u0131larla birlikte yemek yedi.<\/p>\n<p>Vatanda\u015ftan Yarenlik Alan\u0131&#8217;nda Se\u00e7er&#8217; e yo\u011fun ilgi<\/p>\n<p>Se\u00e7er yeme\u011fin ard\u0131ndan Meral Se\u00e7er, CHP Mersin Milletvekili K\u0131\u015f ve Gazeteci K\u00fc\u00e7\u00fckkaya ile birlikte Yarenlik Alan\u0131&#8217;na ge\u00e7ti. Yarenlik Alan\u0131&#8217;nda esnaf ziyareti yapan Se\u00e7er, &#8216;Vahap Ba\u015fkan&#8217; sloganlar\u0131 ile d\u00fckkanlardan alk\u0131\u015f ald\u0131. Esnaf Ba\u015fkan Se\u00e7er&#8217;e; festivalin Tarsus&#8217;a bir renk getirdi\u011fini ifade etti ve festivalden duyduklar\u0131 memnuniyeti anlatt\u0131.<\/p>\n<p>Se\u00e7er ard\u0131ndan Yarenlik Alan\u0131&#8217;nda  farkl\u0131 \u00fclkelerden festivale kat\u0131l\u0131m sa\u011flayan Halk Danslar\u0131 Topluluklar\u0131n\u0131n ve Mersin B\u00fcy\u00fck\u015fehir Belediyesi Halk Danslar\u0131 Toplulu\u011fu&#8217;nun da g\u00f6sterilerini izledi, vatanda\u015flarla bir araya geldi. Co\u015fkulu ve birbirinden renkli g\u00f6sterileri izleyen Ba\u015fkan Se\u00e7er, buradan da K\u00fclt\u00fcr Park&#8217;a ge\u00e7ti.<\/p>\n<p>K\u00fclt\u00fcr Park&#8217;ta festival co\u015fkusuna \u00e7ocuklar\u0131n ne\u015feli sesleri e\u015flik etti<\/p>\n<p>K\u00fclt\u00fcr Park Etkinlik Alan\u0131&#8217;ndaki etkinlik ve g\u00f6sterileri izleyen Ba\u015fkan Se\u00e7er, \u00e7ocuk e\u011flence ve oyun at\u00f6lyelerini izleyip, \u00e7ocuklar\u0131n e\u011flenceli etkinliklerine ortak oldu. Se\u00e7er ve e\u015fi Meral Se\u00e7er, K\u00fclt\u00fcr Park i\u00e7erisinde yer alan Just Dans D\u00fcnya \u015eampiyonu Umutcan T\u00fct\u00fcnc\u00fc&#8217;n\u00fcn dans g\u00f6sterisini izlerken, T\u00fct\u00fcnc\u00fc ile birlikte dans eden \u00e7ocuklarla bir araya geldi, onlar\u0131 izledi. Se\u00e7er ve Meral Se\u00e7er ayr\u0131ca Gezici K\u00fct\u00fcphane Kitob\u00fcs&#8217;\u00fc de ziyaret etti, \u00e7ocuklara kitap hediye etti.<\/p>\n<p>&#8220;Her alanda \u00e7ok g\u00fczel etkinliklerimiz var&#8221;<\/p>\n<p>Festival hakk\u0131nda g\u00f6r\u00fc\u015flerini payla\u015fan Ba\u015fkan Se\u00e7er, ikinci g\u00fcn\u00fcnde de festivale \u00e7ok yo\u011fun bir kat\u0131l\u0131m oldu\u011funu belirterek, &#8220;Sadece Mersin il\u00e7elerinden de\u011fil civar illerinden vatanda\u015flar da geldi. \u00c7ok farkl\u0131 etkinlikler var. Her kesime hitap eden yediden yetmi\u015fe \u00e7ocuklara da gen\u00e7lere de sanatla ilgilenene de k\u00fclt\u00fcrel alanda \u00e7al\u0131\u015fanlara ilgi g\u00f6sterenlere de her alanda \u00e7ok g\u00fczel etkinliklerimiz var&#8221; dedi.<\/p>\n<p>Festivalin ad\u0131na yara\u015f\u0131r bir \u015fekilde uluslararas\u0131 olarak ger\u00e7ekle\u015ftirildi\u011fini vurgulayan Se\u00e7er, &#8220;11 \u00fclkeden 300&#8217;e yak\u0131n dans\u00e7\u0131lar, sanat\u00e7\u0131lar, yazarlar, \u00e7izerler, gastronomi ile ilgilenenler, \u00e7ok \u00fcnl\u00fc a\u015f\u00e7\u0131lar, herkes burada. Bu anlamda da kente de\u011fer katan insanlar s\u00f6yle\u015fileriyle vatanda\u015flar\u0131m\u0131z\u0131n g\u00fczel vakit ge\u00e7irmesini sa\u011fl\u0131yorlar. Bu festivalde eme\u011fi ge\u00e7en herkese te\u015fekk\u00fcr ediyorum. Vatanda\u015flar\u0131m\u0131za da bu ilgilerinden dolay\u0131 \u00e7ok te\u015fekk\u00fcr ediyorum. Nice nice b\u00f6yle g\u00fczel g\u00fcnlerde yurtta\u015flar\u0131m\u0131zla beraber olal\u0131m&#8221; diyerek s\u00f6zlerini tamamlad\u0131.<\/p>\n<p>Se\u00e7er, Haldun Dormen&#8217;in &#8216;Ya\u015flanmaya Vaktim Yok&#8217; s\u00f6yle\u015fisine kat\u0131ld\u0131<\/p>\n<p>Se\u00e7er, K\u00fclt\u00fcr Park&#8217;\u0131n ard\u0131ndan, Tarsus M\u00fczesi&#8217;nde \u015eebnem \u00d6zinal&#8217;\u0131n moderat\u00f6rl\u00fc\u011f\u00fcnde usta sanat\u00e7\u0131 Haldun Dormen taraf\u0131ndan ger\u00e7ekle\u015fen &#8216;Ya\u015flanmaya Vaktim Yok&#8217; isimli s\u00f6yle\u015fisine kat\u0131ld\u0131.<\/p>\n<p>Haldun Dormen s\u00f6yle\u015fisini Ba\u015fkan Se\u00e7er ile birlikte e\u015fi Meral Se\u00e7er, CHP Mersin Milletvekili G\u00fclcan K\u0131\u015f, \u00fcnl\u00fc Hat Sanat\u00e7\u0131s\u0131 Etem \u00c7al\u0131\u015fkan, Meclis \u00fcyeleri ve B\u00fcy\u00fck\u015fehir Belediyesi b\u00fcrokratlar\u0131 da dinledi.<\/p>\n<p>S\u00f6yle\u015fide Haldun Dormen Mersin&#8217;i \u00e7ok sevdi\u011finden s\u00f6z etti. Dormen, hayat\u0131n b\u00fct\u00fcn olumsuzluklar\u0131na ra\u011fmen \u00e7ok g\u00fczel oldu\u011funu vurgulad\u0131. Oyunculukla ilgili tecr\u00fcbelerinden s\u00f6z eden Dormen, gen\u00e7lere de tavsiyelerde bulundu. Dormen&#8217;in s\u00f6yle\u015fisi kat\u0131l\u0131mc\u0131lar taraf\u0131ndan ilgi ile dinlendi. Dormen ayr\u0131ca Mersin&#8217;de \u00e7ok iyi a\u011f\u0131rland\u0131\u011f\u0131n\u0131 da s\u00f6zlerine ekledi. Verdi\u011fi oyunculuk e\u011fitimleri hakk\u0131nda bilgi veren Dormen, kat\u0131l\u0131mc\u0131lar taraf\u0131ndan ilgi ile dinlendi. S\u00f6yle\u015fide kat\u0131l\u0131mc\u0131larla birlikte hep bir a\u011f\u0131zdan L\u00fck\u00fcs Hayat \u015fark\u0131s\u0131n\u0131 da seslendiren Dormen, festivalde keyifli bir s\u00f6yle\u015fiye imza att\u0131. Dormen s\u00f6yle\u015fi sonunda ise kat\u0131l\u0131mc\u0131lar\u0131n sorular\u0131n\u0131 yan\u0131tlad\u0131.<\/p>\n<p>Se\u00e7er, Festival Onur \u00d6d\u00fcl\u00fcn\u00fc Dormen&#8217;e takdim etti<\/p>\n<p>S\u00f6yle\u015fiyi dinleyen Ba\u015fkan Se\u00e7er, s\u00f6yle\u015fi sonunda Haldun Dormen&#8217;e Festival Onur \u00d6d\u00fcl\u00fc&#8217;n\u00fc, \u00e7i\u00e7e\u011fini ve hediyesini takdim etti. Se\u00e7er, \u015eebnem \u00d6zinal&#8217;a da hediye ve \u00e7i\u00e7e\u011fini takdim etti.<\/p>\n<p>Usta tiyatrocu Haldun Dormen&#8217;in s\u00f6yle\u015fisini izleyen Ba\u015fkan Se\u00e7er, festival kapsam\u0131nda b\u00fcy\u00fck duayen isimleri de hem\u015fehrileriyle bulu\u015fturduklar\u0131n\u0131 s\u00f6yledi. Se\u00e7er, &#8220;Haldun Bey gibi \u015eebnem Han\u0131m gibi her biri kendi alan\u0131nda usta onlarca ki\u015fiyi sizlerle bulu\u015fturuyoruz. \u00c7ocuklar\u0131m\u0131za, sizlere inan\u0131lmaz feyz verecek sohbetler&#8221; diye konu\u015ftu. Se\u00e7er, Mersin B\u00fcy\u00fck\u015fehir Belediyesi \u015eehir Tiyatrosu&#8217;nun &#8216;L\u00fctfen K\u0131z\u0131mla Evlenir misiniz?&#8217;, &#8216;Kamyon&#8217;, ve &#8216;Matru\u015fka&#8217; isimli oyunlar\u0131n\u0131n \u015fu anda kent genelinde g\u00f6sterimde oldu\u011funu vurgulad\u0131. Se\u00e7er, Mersinli tiyatroseverleri bu 3 oyunla bulu\u015fturduklar\u0131n\u0131 aktararak, \u00e7ok yak\u0131nda Tarsus&#8217;a yara\u015f\u0131r yeni bir K\u00fclt\u00fcr Merkezi projesinin haz\u0131r oldu\u011funu ve ileriki s\u00fcre\u00e7te Tarsuslular\u0131n hizmetine sunacaklar\u0131n\u0131n alt\u0131n\u0131 \u00e7izdi.<\/p>\n<p>\u00d6zinal: &#8220;Kentte \u00e7ok g\u00fczel a\u011f\u0131rland\u0131k&#8221;<\/p>\n<p>Tarsus M\u00fczesi&#8217;nde d\u00fczenlenen Haldun Dormen&#8217;in &#8216;Ya\u015flanmaya Vaktim Yok&#8217; s\u00f6yle\u015fisini usta tiyatrocu Haldun Dormen&#8217;le birlikte y\u00fcr\u00fcten tiyatrocu ve oyuncu \u015eebnem \u00d6zinal, 2. Uluslararas\u0131 Tarsus Festivali ile ilgili; &#8220;Ba\u015fkan\u0131m\u0131z Vahap Se\u00e7er&#8217;e bir kez daha te\u015fekk\u00fcr ediyoruz b\u00f6yle harika bir ekip kurdu\u011funuz i\u00e7in. Ger\u00e7ekten \u00e7ok organizeler, \u00e7ok g\u00fczel a\u011f\u0131rlan\u0131yoruz&#8221; dedi.<\/p>\n","protected":false},"excerpt":{"rendered":"<p>Mersin B\u00fcy\u00fck\u015fehir Belediye Ba\u015fkan\u0131 Vahap Se\u00e7er, Mersin B\u00fcy\u00fck\u015fehir Belediyesi taraf\u0131ndan bu y\u0131l 2.&#8217;si d\u00fczenlenen &#8216;Uluslararas\u0131 Tarsus Festivali&#8217;nin ikinci g\u00fcn\u00fcnde de Tarsus&#8217;un her noktas\u0131nda ger\u00e7ekle\u015ftirilen s\u00f6yle\u015fi ve etkinliklere kat\u0131l\u0131m sa\u011flayarak, vatanda\u015flarla bulu\u015ftu, festival co\u015fkusuna ortak oldu. Festival ikinci g\u00fcn\u00fcnde de dolu dolu ge\u00e7ti. Ba\u015fkan Se\u00e7er&#8217;e festivalin ikinci g\u00fcn\u00fcnde e\u015fi Meral Se\u00e7er, Cumhuriyet Halk Partisi (CHP) Mersin [&hellip;]<\/p>\n","protected":false},"author":2,"featured_media":28878,"comment_status":"open","ping_status":"open","sticky":false,"template":"","format":"standard","meta":{"footnotes":""},"categories":[2,3],"tags":[],"class_list":["post-28877","post","type-post","status-publish","format-standard","has-post-thumbnail","hentry","category-gundem","category-manset"],"views":4,"_links":{"self":[{"href":"https:\/\/mersinkadingazetesi.com\/index.php?rest_route=\/wp\/v2\/posts\/28877"}],"collection":[{"href":"https:\/\/mersinkadingazetesi.com\/index.php?rest_route=\/wp\/v2\/posts"}],"about":[{"href":"https:\/\/mersinkadingazetesi.com\/index.php?rest_route=\/wp\/v2\/types\/post"}],"author":[{"embeddable":true,"href":"https:\/\/mersinkadingazetesi.com\/index.php?rest_route=\/wp\/v2\/users\/2"}],"replies":[{"embeddable":true,"href":"https:\/\/mersinkadingazetesi.com\/index.php?rest_route=%2Fwp%2Fv2%2Fcomments&post=28877"}],"version-history":[{"count":0,"href":"https:\/\/mersinkadingazetesi.com\/index.php?rest_route=\/wp\/v2\/posts\/28877\/revisions"}],"wp:featuredmedia":[{"embeddable":true,"href":"https:\/\/mersinkadingazetesi.com\/index.php?rest_route=\/wp\/v2\/media\/28878"}],"wp:attachment":[{"href":"https:\/\/mersinkadingazetesi.com\/index.php?rest_route=%2Fwp%2Fv2%2Fmedia&parent=28877"}],"wp:term":[{"taxonomy":"category","embeddable":true,"href":"https:\/\/mersinkadingazetesi.com\/index.php?rest_route=%2Fwp%2Fv2%2Fcategories&post=28877"},{"taxonomy":"post_tag","embeddable":true,"href":"https:\/\/mersinkadingazetesi.com\/index.php?rest_route=%2Fwp%2Fv2%2Ftags&post=28877"}],"curies":[{"name":"wp","href":"https:\/\/api.w.org\/{rel}","templated":true}]}}