{"id":28883,"date":"2023-11-20T12:40:22","date_gmt":"2023-11-20T09:40:22","guid":{"rendered":"http:\/\/mersinkadingazetesi.com\/?p=28883"},"modified":"2023-11-20T12:40:22","modified_gmt":"2023-11-20T09:40:22","slug":"tarsusun-sokaklarini-festival-buyusu-sardi","status":"publish","type":"post","link":"https:\/\/mersinkadingazetesi.com\/?p=28883","title":{"rendered":"TARSUS&#8217;UN SOKAKLARINI FEST\u0130VAL B\u00dcY\u00dcS\u00dc SARDI"},"content":{"rendered":"<p>Mersin B\u00fcy\u00fck\u015fehir Belediyesi&#8217;nin bu y\u0131l &#8216;\u015eahmeran&#8217; temas\u0131yla d\u00fczenledi\u011fi &#8216;Uluslararas\u0131 Tarsus Festivali&#8217; 3. g\u00fcn\u00fcnde de dolu dolu ge\u00e7ti. Birbirinden k\u0131ymetli konuklar\u0131n yer ald\u0131\u011f\u0131 s\u00f6yle\u015filer ve workshoplara \u00e7ok say\u0131da vatanda\u015f yo\u011fun ilgi g\u00f6sterirken; Yarenlik Alan\u0131&#8217;nda g\u00fcn boyu Uluslararas\u0131 Halk Dans\u0131 Topluluklar\u0131n\u0131n g\u00f6sterileri kat\u0131l\u0131mc\u0131larla bulu\u015ftu, g\u00fcn boyu her ya\u015ftan vatanda\u015f\u0131n u\u011frak noktas\u0131 olan K\u00fclt\u00fcrpark&#8217;ta ise birbirinden renkli at\u00f6lyeler d\u00fczenlendi. workshoplar, s\u00f6yle\u015filer, konserler, ekolojik pazarlar, yama\u00e7 para\u015f\u00fct\u00fc etkinli\u011fi, slow food yery\u00fcz\u00fc pazar\u0131, bisiklet turu parkuru, \u00fcretici kad\u0131n statlar\u0131, kent turlar\u0131, gen\u00e7lik deneyim alanlar\u0131, \u00e7ocuk e\u011flence ve oyun at\u00f6lyeleri kat\u0131l\u0131mc\u0131lara unutulmaz anlar ya\u015fatt\u0131.<\/p>\n<p>Sanat\u00e7\u0131 Derya Baykal &#8216;\u00c7anta Yap\u0131m\u0131, Makrome Mumluk Yap\u0131m&#8217; at\u00f6lyesinde kat\u0131l\u0131mc\u0131larla bulu\u015ftu. Gazeteci ve Belgesel Y\u00f6netmeni Tuluhan Tekelio\u011flu ve Derya Baykal ile Meral Se\u00e7er&#8217;in kat\u0131ld\u0131\u011f\u0131 &#8216;Kad\u0131na Dair&#8217; s\u00f6yle\u015fisinde kad\u0131nlarla bir araya gelindi. D\u00fcnyaca \u00dcnl\u00fc Ressam Ahmet Ye\u015fil ise Do\u00e7. Dr. Veli Mert ve \u00d6\u011freti \u00dcyesi \u015eeref Erol ile &#8216;Cumhuriyetimizin 100. y\u0131l\u0131nda Yerelden Evrensele \u00c7a\u011fda\u015f Sanat&#8217; s\u00f6yle\u015fisinde \u00e7a\u011fda\u015f sanat\u0131 konu\u015furken, Dokuma Sanat\u00e7\u0131s\u0131 F\u0131rat Neziro\u011flu ile \u00dcnl\u00fc Sunucu Oylum Se\u00e7in &#8216;\u015eahmeran Dokumas\u0131 ve Roma Yolu&#8217;nu konu\u015ftu.<\/p>\n<p>Baykal: &#8220;Hem s\u00f6yle\u015filerin hem lezzetlerin tad\u0131 dama\u011f\u0131m\u0131zda kald\u0131&#8221;<\/p>\n<p>Worksopun ard\u0131ndan s\u00f6yle\u015fide konu\u015fan Derya Baykal, festivallerin \u015fehirler i\u00e7in \u00e7ok \u00f6nemli oldu\u011funu dile getirerek, &#8220;Kad\u0131nlara kim destek veriyorsa, festivalle veya ba\u015fka bir yolla kad\u0131nlar\u0131 destekleyen her kurumun kalbimizde yeri \u00e7ok b\u00fcy\u00fck. Kad\u0131nlarla hep birlikte \u00e7ok g\u00fczel bir etkinlik yapt\u0131k. \u00c7ok ilgililerdi. Demek ki burada b\u00f6yle bir ihtiya\u00e7 ve potansiyel var. \u00d6rd\u00fck, sohbet ettik, payla\u015ft\u0131k. Etkinli\u011fin bu kadar ilgiyle izlenmesi beni \u00e7ok mutlu etti. Benim i\u00e7in festival \u00e7ok g\u00fczel ge\u00e7ti, buralar\u0131n lezzetini tatt\u0131k. Lezzetler dama\u011f\u0131m\u0131zda kald\u0131. Hem s\u00f6yle\u015filer hem yediklerimiz hem de g\u00f6rd\u00fcklerimizle verimli bir festival oldu&#8221; ifadelerini kulland\u0131.<\/p>\n<p>Bo\u011fazi\u00e7i \u00dcniversitesi G\u00f6zl\u00fckle Kaz\u0131 Ara\u015ft\u0131rmalar\u0131 Merkezi&#8217;nde ise Ressam Ahmet Ye\u015fil, Do\u00e7. Dr. Veli Mert ve \u00d6\u011freti \u00dcyesi \u015eeref Erol ise  &#8216;Cumhuriyetimizin 100. y\u0131l\u0131nda Yerelden Evrensele \u00c7a\u011fda\u015f Sanat&#8217; s\u00f6yle\u015fisinde kat\u0131l\u0131mc\u0131larla bulu\u015ftu.<\/p>\n<p>Usta Sanat\u00e7\u0131 Neziro\u011flu&#8217;nun &#8216;\u015eahmeran Dokumas\u0131&#8217; \u015fovu izleyenleri b\u00fcy\u00fcledi<\/p>\n<p>Usta Dokuma Sanat\u00e7\u0131s\u0131 F\u0131rat Neziro\u011flu&#8217;nun Tarsus M\u00fczesi&#8217;ndeki &#8216;\u015eahmeran Dokumas\u0131&#8217; \u015fovunu izledi. Neziro\u011flu, Uluslararas\u0131 Tarsus Festivali&#8217;ne \u00f6zel olarak, festivalin temas\u0131 olan \u015eahmeran&#8217;a \u00f6zel bir \u015eahmeran dokumas\u0131 yapt\u0131. Kat\u0131l\u0131mc\u0131lar, dokuma yapan Neziro\u011flu&#8217;nu ilgi ile izledi. G\u00f6steriye, \u015eahmeran&#8217;a ilgili \u015fark\u0131lar da e\u015flik ederken, anlat\u0131mlar ile de g\u00f6rsel bir \u015fov ya\u015fand\u0131.<\/p>\n<p>Se\u00e7in: &#8220;Bu festival i\u00e7in b\u00fcy\u00fck emek verilmi\u015f&#8221;<\/p>\n<p>F\u0131rat Neziro\u011flu ile birlikte &#8216;\u015eahmeran Dokumas\u0131-Roma Yolu&#8217; etkinli\u011fine kat\u0131lan Sunucu Oylum Se\u00e7in de etkinliklerin \u00e7ok g\u00fczel ge\u00e7ti\u011fine de\u011finerek, &#8220;Biz de bu etkinliklerin bir par\u00e7as\u0131y\u0131z. Tarsus&#8217;a ilk defa geldim, \u00e7ok farkl\u0131 buldum, insanlar\u0131n\u0131 \u00e7ok sevdim. \u00c7ok keyif ald\u0131m. Bu 2. Uluslararas\u0131 Tarsus Festivali i\u00e7in ger\u00e7ekten b\u00fcy\u00fck emek verilmi\u015f. Bir\u00e7ok g\u00fczel isimle hem sizi hem bizleri bir araya getirdiler. \u00c7ok keyifli oldu, ben \u00e7ok mutluyum&#8221; dedi.<\/p>\n<p>\u00c7al\u0131\u015fkan: &#8220;Festival \u00e7ok ba\u015far\u0131l\u0131 ge\u00e7ti&#8221;<\/p>\n<p>Halk E\u011fitimde Usta E\u011fitici olan Seval \u00c7al\u0131\u015fkan, \u00e7arpana ve dokuma yapt\u0131klar\u0131n\u0131 belirterek, &#8220;F\u0131rat Neziro\u011flu, \u015eahmeran dokumas\u0131ndan bahsedince burada olmak istedik. Festival \u00e7ok ba\u015far\u0131l\u0131 ge\u00e7ti, \u00e7ok g\u00fczel kat\u0131l\u0131m oldu. G\u00fczeldi, \u00e7ok memnun kald\u0131k. Ahmet Ye\u015fil beyin konferans\u0131na kat\u0131ld\u0131k, \u00e7ok g\u00fczel bilgiler edindik&#8221; dedi.<\/p>\n<p>Etkinli\u011fe kat\u0131lan Ada Batmaz, &#8220;F\u0131rat Neziro\u011flu i\u00e7in geldim. \u00c7ok merak etti\u011fim bir dokuma sanat\u00e7\u0131s\u0131yd\u0131. \u00c7ok sevindim, \u00e7ok mutlu oldum. Belediyemize te\u015fekk\u00fcrler, memnunuz&#8221; diye konu\u015ftu.<\/p>\n<p>Y\u00fczlerce resim sanatseverlerin be\u011fenisine sunuldu<\/p>\n<p>Festival kapsam\u0131nda birbirinden de\u011ferli isimlerin sergileri de vatanda\u015flarla bulu\u015ftu. Hikmet \u00d6z&#8217;\u00fcn &#8216;\u015eahmeran Tarsus&#8217;ta Mozaik Sergisi&#8217; Tarsus TADEKA Binas\u0131 Sergi Salonu&#8217;nda yerini ald\u0131. Sergi, 30 Kas\u0131m&#8217;a kadar sanatseverleri bekliyor olacak.<\/p>\n<p>\u00dcmit Aslan&#8217;\u0131n &#8216;\u015eahmeran Tarsus&#8217;ta Ya\u011fl\u0131 Boya Sergisi&#8217;nde Tarsus Belediyesi Mehmet Bal Sanat Galerisi&#8217;nde ilgilileri ile bulu\u015furken, K\u00fcrat\u00f6r&#8217;\u00fc H\u00fclya Atakan olan Tarsus Ressamlar Derne\u011fi Karma Sergisi ise Tarsu AVM Galerisi&#8217;nde yer ald\u0131. Sergi, 30 Kas\u0131m&#8217;a a\u00e7\u0131k olacak.<\/p>\n<p>Remzi Karabulut&#8217;un &#8216;Yeralt\u0131 Notlar\u0131&#8217; ismini verdi\u011fi sergi de 30 Kas\u0131m&#8217;a kadar Tarsus Eshab-\u0131 Kehf Ta\u015fkuyu Ma\u011faras\u0131&#8217;nda a\u00e7\u0131k olacak. &#8216;\u00c7ukurova Resim Sanat Galerisi Karma Sergisi&#8217; Tarsus Belediyesi Mehmet Bal Sanat Galerisi&#8217;nde yer al\u0131rken, Yarenlik Alan\u0131&#8217;nda da Nurettin G\u00f6zen&#8217;in &#8216;Canl\u0131 Performans \u015eahmeran&#8217; isimli sergisi a\u00e7\u0131ld\u0131. Misak-\u0131 Milli Binas\u0131 da Erdal G\u00f6\u00e7en&#8217;in &#8216;\u015eahmeran Tarsus&#8217;ta At\u0131k Malzeme ile D\u00f6n\u00fc\u015f\u00fcm&#8217; sergisine ev sahipli\u011fi yapt\u0131.<\/p>\n<p>Gen\u00e7ler festival sayesinde sosyalle\u015firken farkl\u0131 k\u00fclt\u00fcrler tan\u0131d\u0131<\/p>\n<p>Gen\u00e7ler olarak festivalin kendilerini \u00e7ok e\u011flendirdi\u011fini s\u00f6yleyen \u0130brahim Alperen Av\u015far, &#8220;Yarenlik alan\u0131 tekrardan bir heyecana kavu\u015ftu. Normalde \u00e7ok insan\u0131n olmad\u0131\u011f\u0131 yerler, ya\u015fl\u0131 n\u00fcfusun geldi\u011fi yerler ama \u015fu an g\u00f6rd\u00fc\u011f\u00fcm kadar\u0131yla neredeyse Tarsus&#8217;un b\u00fcy\u00fck \u00e7o\u011funlu\u011fu Yaren&#8217;e ak\u0131n etmeye ba\u015flad\u0131. Farkl\u0131 milletlerden insanlar\u0131 tan\u0131d\u0131k. Bu festival Tarsus&#8217;un turizmine b\u00fcy\u00fck katk\u0131 sa\u011flar, yeniden \u015fahland\u0131 Tarsus. Bu festivallerin devam etmesini \u00e7ok isterim&#8221; dedi.<\/p>\n<p>Festivalin Tarsus i\u00e7in \u00e7ok de\u011ferli oldu\u011funu kaydeden gen\u00e7 Arda Top\u00e7uo\u011flu ise, &#8220;Hem k\u00fclt\u00fcrel a\u00e7\u0131dan hem de sosyallik a\u00e7\u0131s\u0131ndan \u00e7ok de\u011ferli. Normalde bu kadar insan bir araya gelmez, biz \u00e7ok be\u011fendik gen\u00e7ler olarak. Festival sayesinde daha fazla sosyalle\u015ftik&#8221; diyerek gelen sanat\u00e7\u0131lar\u0131n da Tarsus&#8217;a hayran kald\u0131klar\u0131n\u0131 belirtti.<\/p>\n","protected":false},"excerpt":{"rendered":"<p>Mersin B\u00fcy\u00fck\u015fehir Belediyesi&#8217;nin bu y\u0131l &#8216;\u015eahmeran&#8217; temas\u0131yla d\u00fczenledi\u011fi &#8216;Uluslararas\u0131 Tarsus Festivali&#8217; 3. g\u00fcn\u00fcnde de dolu dolu ge\u00e7ti. Birbirinden k\u0131ymetli konuklar\u0131n yer ald\u0131\u011f\u0131 s\u00f6yle\u015filer ve workshoplara \u00e7ok say\u0131da vatanda\u015f yo\u011fun ilgi g\u00f6sterirken; Yarenlik Alan\u0131&#8217;nda g\u00fcn boyu Uluslararas\u0131 Halk Dans\u0131 Topluluklar\u0131n\u0131n g\u00f6sterileri kat\u0131l\u0131mc\u0131larla bulu\u015ftu, g\u00fcn boyu her ya\u015ftan vatanda\u015f\u0131n u\u011frak noktas\u0131 olan K\u00fclt\u00fcrpark&#8217;ta ise birbirinden renkli at\u00f6lyeler [&hellip;]<\/p>\n","protected":false},"author":2,"featured_media":28884,"comment_status":"open","ping_status":"open","sticky":false,"template":"","format":"standard","meta":{"footnotes":""},"categories":[3],"tags":[],"class_list":["post-28883","post","type-post","status-publish","format-standard","has-post-thumbnail","hentry","category-manset"],"views":2,"_links":{"self":[{"href":"https:\/\/mersinkadingazetesi.com\/index.php?rest_route=\/wp\/v2\/posts\/28883"}],"collection":[{"href":"https:\/\/mersinkadingazetesi.com\/index.php?rest_route=\/wp\/v2\/posts"}],"about":[{"href":"https:\/\/mersinkadingazetesi.com\/index.php?rest_route=\/wp\/v2\/types\/post"}],"author":[{"embeddable":true,"href":"https:\/\/mersinkadingazetesi.com\/index.php?rest_route=\/wp\/v2\/users\/2"}],"replies":[{"embeddable":true,"href":"https:\/\/mersinkadingazetesi.com\/index.php?rest_route=%2Fwp%2Fv2%2Fcomments&post=28883"}],"version-history":[{"count":0,"href":"https:\/\/mersinkadingazetesi.com\/index.php?rest_route=\/wp\/v2\/posts\/28883\/revisions"}],"wp:featuredmedia":[{"embeddable":true,"href":"https:\/\/mersinkadingazetesi.com\/index.php?rest_route=\/wp\/v2\/media\/28884"}],"wp:attachment":[{"href":"https:\/\/mersinkadingazetesi.com\/index.php?rest_route=%2Fwp%2Fv2%2Fmedia&parent=28883"}],"wp:term":[{"taxonomy":"category","embeddable":true,"href":"https:\/\/mersinkadingazetesi.com\/index.php?rest_route=%2Fwp%2Fv2%2Fcategories&post=28883"},{"taxonomy":"post_tag","embeddable":true,"href":"https:\/\/mersinkadingazetesi.com\/index.php?rest_route=%2Fwp%2Fv2%2Ftags&post=28883"}],"curies":[{"name":"wp","href":"https:\/\/api.w.org\/{rel}","templated":true}]}}