{"id":28889,"date":"2023-11-20T12:43:07","date_gmt":"2023-11-20T09:43:07","guid":{"rendered":"http:\/\/mersinkadingazetesi.com\/?p=28889"},"modified":"2023-11-20T12:43:07","modified_gmt":"2023-11-20T09:43:07","slug":"muhtesem-festivale-muhtesem-kapanis","status":"publish","type":"post","link":"https:\/\/mersinkadingazetesi.com\/?p=28889","title":{"rendered":"MUHTE\u015eEM FEST\u0130VALE MUHTE\u015eEM KAPANI\u015e"},"content":{"rendered":"<p>Mersin B\u00fcy\u00fck\u015fehir Belediyesi taraf\u0131ndan d\u00fczenlenen ve 3 g\u00fcn boyunca Tarsus&#8217;a damga vuran Uluslararas\u0131 Tarsus Festivali, muhte\u015fem kapan\u0131\u015f konseriyle sona erdi. Birbirinden renkli etkinliklerin yer ald\u0131\u011f\u0131 festivalin son g\u00fcn\u00fcnde Sanat\u00e7\u0131 Melek Mosso sahne alarak unutulmaz bir kapan\u0131\u015f konseri ger\u00e7ekle\u015ftirdi.<\/p>\n<p>Tarsus Cumhuriyet Alan\u0131&#8217;nda d\u00fczenlenen konsere kat\u0131lan y\u00fczlerce vatanda\u015f, konser \u00f6ncesi ger\u00e7ekle\u015ftirilen DJ performans\u0131yla doyas\u0131ya e\u011flendi. Co\u015fkunun doru\u011fa \u00e7\u0131kt\u0131\u011f\u0131 saatlerde sahneye \u00e7\u0131kan Melek Mosso, en sevilen \u015fark\u0131lar\u0131n\u0131 festival i\u00e7in seslendirdi.<\/p>\n<p>Se\u00e7er, 3. Uluslararas\u0131 Tarsus Festivali&#8217;nin s\u00f6z\u00fcn\u00fc verdi<\/p>\n<p>Mersin B\u00fcy\u00fck\u015fehir Belediye Ba\u015fkan\u0131 Vahap Se\u00e7er, &#8216;Uluslararas\u0131 Tarsus Festivali&#8217;nin son g\u00fcn\u00fcne damga vuran Melek Mosso konserine kat\u0131ld\u0131. Sahneye \u00e7\u0131karak alan\u0131 dolduran y\u00fczlerce vatanda\u015f\u0131 selamlayan Ba\u015fkan Se\u00e7er, Melek Mosso&#8217;nun ge\u00e7ti\u011fimiz ay Mersin&#8217;de nikahlar\u0131n\u0131 k\u0131yd\u0131klar\u0131n\u0131 hat\u0131rlatarak, &#8220;Umar\u0131m imzam u\u011furlu gelir ve \u00e7ok g\u00fczel bir evlili\u011finiz olur&#8221; dedi. Alan\u0131 dolduran y\u00fczlerce vatanda\u015fa &#8220;Festival ho\u015funuza gitti mi bu y\u0131l? Gelecek y\u0131l bir daha istiyor muyuz?&#8221; diye soran ve co\u015fkulu kalabal\u0131ktan &#8220;Evet&#8221; cevab\u0131n\u0131 alan Se\u00e7er, gelecek y\u0131l festivalin \u00fc\u00e7\u00fcnc\u00fcs\u00fcn\u00fc ger\u00e7ekle\u015ftireceklerinin s\u00f6z\u00fcn\u00fc vererek, herkese iyi e\u011flenceler diledi. <\/p>\n<p>Mosso: &#8220;\u0130yi ki geldim, Tarsus m\u00fckemmel&#8221;<\/p>\n<p>Sahnede herkesi selamlayan Melek Mosso, herkesin hat\u0131r\u0131n\u0131 sorarak, &#8220;Nas\u0131ls\u0131n\u0131z, iyi misiniz hepiniz? Ho\u015f geldiniz, sefalar getirdiniz, ben de iyi ki geldim, Tarsus m\u00fckemmel&#8221; dedi.<\/p>\n<p>Konu\u015fmalar\u0131n ard\u0131ndan Ba\u015fkan Se\u00e7er Mosso&#8217;ya hediye ve \u00e7i\u00e7e\u011fini takdim etti.<\/p>\n<p>Konser co\u015fkusu Cumhuriyet Alan\u0131&#8217;ndan t\u00fcm kente yay\u0131ld\u0131<\/p>\n<p>Konserde &#8216;Vursalar \u00d6lemem&#8217;, &#8216;Hayat\u0131m Kaym\u0131\u015f&#8217;, &#8216;Y\u0131llar Affetmez&#8217;, &#8216;Arzular Ars\u0131z&#8217;, &#8216;\u00c7at Kap\u0131&#8217; gibi sevilen \u015fark\u0131lar\u0131n\u0131 festivaldekilerle hep bir a\u011f\u0131zdan s\u00f6yleyen Mosso, kat\u0131l\u0131mc\u0131lara hem g\u00fczel hem de keyifli bir ak\u015fam ya\u015fatt\u0131.<\/p>\n<p>Konsere kat\u0131lan gen\u00e7lerden Cemal Tama\u00e7in &#8220;Konser ger\u00e7ekten \u00e7ok g\u00fczeldi. Her y\u0131l olmas\u0131n\u0131 diliyorum&#8221; derken, Mahir Da\u011fl\u0131kan ise festivalin de konserin de m\u00fckemmel oldu\u011funu ifade ederek, &#8220;Daha fazla olsun isterim. Halk\u0131m\u0131z \u00e7ok g\u00fczel e\u011flendi, gen\u00e7ler olarak bize de \u00e7ok iyi aktivite oldu&#8221; diye konu\u015ftu. Ekin Tamt\u0131 da konserin \u00e7ok g\u00fczel ge\u00e7ti\u011fini s\u00f6yleyerek, &#8220;3 g\u00fcn de m\u00fckemmeldi. \u00d6zlemi\u015ftik b\u00f6yle bir \u015feyi. Festival \u00e7ok g\u00fczeldi. \u00c7ok e\u011flendik. Her y\u0131l b\u00f6yle bir festival bekliyoruz&#8221; dedi. Emre Songur ise &#8220;Festival \u00e7ok g\u00fczeldi. 3 g\u00fcn \u00e7ok g\u00fczel ge\u00e7ti, dar\u0131s\u0131n\u0131 \u00fc\u00e7\u00fcnc\u00fcs\u00fcne. \u00dc\u00e7\u00fcnc\u00fc daha da g\u00fczel olur umar\u0131m&#8221; ifadelerini kulland\u0131.<\/p>\n<p>Konsere kat\u0131lan \u00e7ocuklardan Metehan Alg\u0131\u015f ise festivalde doyas\u0131ya e\u011flendi\u011fini belirterek, &#8220;Yarenlik Alan\u0131&#8217;ndaki etkinliklere de kat\u0131ld\u0131m. \u00c7ok g\u00fczeldi. Vahap Se\u00e7er&#8217;e \u00e7ok te\u015fekk\u00fcr ediyorum&#8221; dedi. G\u00fcll\u00fc Aktay da festivalin seneye tekrar olmas\u0131n\u0131 istediklerini ifade ederken, Handan Sorgucu da, &#8220;Muhte\u015fem bir konserdi. Ben festivalde stant kurdum, sonra da her yeri gezdim. Festival \u00e7ok g\u00fczeldi, devam\u0131n\u0131 da bekliyoruz&#8221; diye konu\u015ftu.<\/p>\n","protected":false},"excerpt":{"rendered":"<p>Mersin B\u00fcy\u00fck\u015fehir Belediyesi taraf\u0131ndan d\u00fczenlenen ve 3 g\u00fcn boyunca Tarsus&#8217;a damga vuran Uluslararas\u0131 Tarsus Festivali, muhte\u015fem kapan\u0131\u015f konseriyle sona erdi. Birbirinden renkli etkinliklerin yer ald\u0131\u011f\u0131 festivalin son g\u00fcn\u00fcnde Sanat\u00e7\u0131 Melek Mosso sahne alarak unutulmaz bir kapan\u0131\u015f konseri ger\u00e7ekle\u015ftirdi. Tarsus Cumhuriyet Alan\u0131&#8217;nda d\u00fczenlenen konsere kat\u0131lan y\u00fczlerce vatanda\u015f, konser \u00f6ncesi ger\u00e7ekle\u015ftirilen DJ performans\u0131yla doyas\u0131ya e\u011flendi. Co\u015fkunun doru\u011fa [&hellip;]<\/p>\n","protected":false},"author":2,"featured_media":28890,"comment_status":"open","ping_status":"open","sticky":false,"template":"","format":"standard","meta":{"footnotes":""},"categories":[2,3],"tags":[],"class_list":["post-28889","post","type-post","status-publish","format-standard","has-post-thumbnail","hentry","category-gundem","category-manset"],"views":3,"_links":{"self":[{"href":"https:\/\/mersinkadingazetesi.com\/index.php?rest_route=\/wp\/v2\/posts\/28889"}],"collection":[{"href":"https:\/\/mersinkadingazetesi.com\/index.php?rest_route=\/wp\/v2\/posts"}],"about":[{"href":"https:\/\/mersinkadingazetesi.com\/index.php?rest_route=\/wp\/v2\/types\/post"}],"author":[{"embeddable":true,"href":"https:\/\/mersinkadingazetesi.com\/index.php?rest_route=\/wp\/v2\/users\/2"}],"replies":[{"embeddable":true,"href":"https:\/\/mersinkadingazetesi.com\/index.php?rest_route=%2Fwp%2Fv2%2Fcomments&post=28889"}],"version-history":[{"count":0,"href":"https:\/\/mersinkadingazetesi.com\/index.php?rest_route=\/wp\/v2\/posts\/28889\/revisions"}],"wp:featuredmedia":[{"embeddable":true,"href":"https:\/\/mersinkadingazetesi.com\/index.php?rest_route=\/wp\/v2\/media\/28890"}],"wp:attachment":[{"href":"https:\/\/mersinkadingazetesi.com\/index.php?rest_route=%2Fwp%2Fv2%2Fmedia&parent=28889"}],"wp:term":[{"taxonomy":"category","embeddable":true,"href":"https:\/\/mersinkadingazetesi.com\/index.php?rest_route=%2Fwp%2Fv2%2Fcategories&post=28889"},{"taxonomy":"post_tag","embeddable":true,"href":"https:\/\/mersinkadingazetesi.com\/index.php?rest_route=%2Fwp%2Fv2%2Ftags&post=28889"}],"curies":[{"name":"wp","href":"https:\/\/api.w.org\/{rel}","templated":true}]}}