{"id":28898,"date":"2023-11-20T12:47:25","date_gmt":"2023-11-20T09:47:25","guid":{"rendered":"http:\/\/mersinkadingazetesi.com\/?p=28898"},"modified":"2023-11-20T12:47:25","modified_gmt":"2023-11-20T09:47:25","slug":"mersin-barosu-dunya-ulkeleri-cocuklar-icin-siyaset-ve-menfaat-ustu-bir-anlayisla-harekete-gecmelidir","status":"publish","type":"post","link":"https:\/\/mersinkadingazetesi.com\/?p=28898","title":{"rendered":"MERS\u0130N BAROSU: &#8220;D\u00dcNYA \u00dcLKELER\u0130, \u00c7OCUKLAR \u0130\u00c7\u0130N S\u0130YASET VE MENFAAT \u00dcST\u00dc B\u0130R ANLAYI\u015eLA HAREKETE GE\u00c7MEL\u0130D\u0130R&#8221;"},"content":{"rendered":"<p>Mersin Barosu \u00c7ocuk Haklar\u0131 Merkezi, 20 Kas\u0131m D\u00fcnya \u00c7ocuk Haklar\u0131 G\u00fcn\u00fc nedeniyle bas\u0131n a\u00e7\u0131klamas\u0131 yapt\u0131. A\u00e7\u0131klamada, \u0130srail ve Filistin aras\u0131ndaki sava\u015f nedeniyle Gazze&#8217;de binlerce \u00e7ocu\u011fun hak ihlaline u\u011frad\u0131\u011f\u0131na dikkat \u00e7ekilerek, &#8220;Siyaset ve menfaat \u00fcst\u00fc bir anlay\u0131\u015fla \u00e7ocuklar\u0131n ya\u015famas\u0131, korunmas\u0131 i\u00e7in t\u00fcm d\u00fcnya \u00fclkelerinin harekete ge\u00e7mesi gerekiyor&#8221; denildi.<\/p>\n<p>&#8220;BM \u00c7OCUK HAKLARINA DA\u0130R S\u00d6ZLE\u015eME&#8217;YE TARAF \u00dcLKELER R\u0130AYET ETM\u0130YOR&#8221;<\/p>\n<p>Mersin Barosu y\u00f6netim kurulu \u00fcyeleri,  Mersin Barosu \u00c7ocuk Haklar\u0131 Merkezi y\u00fcr\u00fctme kurulu \u00fcyeleri ve avukatlar\u0131n kat\u0131l\u0131m\u0131yla Mersin Adliyesi bah\u00e7esinde yap\u0131lan bas\u0131n a\u00e7\u0131klamas\u0131nda konu\u015fma yapan, Mersin Barosu \u00c7ocuk Haklar\u0131 Merkezi Ba\u015fkan\u0131 Av. Ezgi \u015eim\u015fek, \u00e7ocuk hakk\u0131 ihlallerinin t\u00fcm d\u00fcnyada artarak devam etti\u011fi&#8221;Birle\u015fmi\u015f Milletler \u00c7ocuk Haklar\u0131na Dair S\u00f6zle\u015fme&#8217;nin, Birle\u015fmi\u015f Milletler Genel Kurulu&#8217;nca 20 Kas\u0131m 1989 tarihinde kabul edilmesiyle; 20 Kas\u0131m, D\u00fcnya \u00c7ocuk Haklar\u0131 G\u00fcn\u00fc olarak ilan edilmi\u015ftir. Bug\u00fcn, s\u00f6zle\u015fmenin kabul edili\u015finin 34. y\u0131l\u0131n\u0131 kutluyoruz. T\u00fcrkiye&#8217;de kabul edilmesinin pe\u015fi s\u0131ra 1995 y\u0131l\u0131nda y\u00fcr\u00fcrl\u00fc\u011fe giren s\u00f6zle\u015fme; neredeyse t\u00fcm d\u00fcnya \u00fclkelerinin kabul etti\u011fi en geni\u015f kat\u0131l\u0131ml\u0131 enternasyonal s\u00f6zle\u015fme niteli\u011findedir. Bu s\u00f6zle\u015fme ile h\u00fck\u00fcm ve koruma alt\u0131na al\u0131nmak istenen \u00e7ocuk haklar\u0131na bir b\u00fct\u00fcn halde bak\u0131ld\u0131\u011f\u0131nda maalesef taraf \u00fclkelerce riayet edilemedi\u011fi, hak ihlallerinin ne yaz\u0131k ki t\u00fcm d\u00fcnyada artarak devam etti\u011fini g\u00f6rmekteyiz&#8221; dedi.<\/p>\n<p>&#8220;\u00c7OK AC\u0130L ATE\u015eKESE \u0130HT\u0130YA\u00c7 OLDU\u011eU APA\u00c7IK ORTADA&#8221;<\/p>\n<p>Gazze&#8217;de ya\u015fanan \u00e7ocuk haklar\u0131 ihlaline de\u011finen \u015eim\u015fek, &#8220;Bilindi\u011fi \u00fczere, 7 Ekim&#8217;den bu yana \u0130srail ile Filistin aras\u0131nda ya\u015fanan sald\u0131r\u0131lardan dolay\u0131 binlerce \u00e7ocuk \u00f6ld\u00fcr\u00fcld\u00fc, sakatland\u0131, a\u00e7 ve susuz b\u0131rak\u0131ld\u0131, \u00f6ks\u00fcz kald\u0131, sevdiklerinden, yerinden yurdundan ayr\u0131lmaya mecbur b\u0131rak\u0131ld\u0131 ve ne ac\u0131d\u0131r ki, bu durum hala ve h\u0131zla artarak devam ediyor. Gazze binlerce \u00e7ocu\u011fun mezar\u0131 ve orada bulunan herkes i\u00e7in de cehennem haline geldi. \u00c7ocuklara y\u00f6nelik tehditler sadece bomba ve havan toplar\u0131yla da s\u0131n\u0131rl\u0131 de\u011fil. Ayn\u0131 zamanda milyonlarca \u00e7ocuk i\u00e7ecek temiz bir su bile bulam\u0131yor. Bu \u00e7ocuklar\u0131n ya\u015fad\u0131\u011f\u0131 travmalar nedeniyle, \u00e7at\u0131\u015fma sona erse dahi, y\u0131llar boyu s\u00fcrecek bir ruh sa\u011fl\u0131\u011f\u0131 ve psikososyal deste\u011fe ihtiya\u00e7lar\u0131 olacak.<\/p>\n<p>Her ge\u00e7en g\u00fcn artarak devam eden bu facian\u0131n son bulmas\u0131, etkilerinin silinmesi i\u00e7in elbirli\u011fi ile hareket edilmesi gerekmektedir. \u015eu an \u00e7ok acil ate\u015fkese ihtiya\u00e7 oldu\u011fu apa\u00e7\u0131k ortada. Su, g\u0131da, t\u0131bbi malzeme ve yak\u0131t da dahil olmak \u00fczere insani yard\u0131m malzemelerinin g\u00fcvenli, s\u00fcrekli ve engelsiz olarak b\u00f6lgeye ula\u015ft\u0131r\u0131lmas\u0131 i\u00e7in Gazze&#8217;ye giden t\u00fcm ge\u00e7i\u015flerin bir an \u00f6nce a\u00e7\u0131lmas\u0131 i\u00e7in harekete ge\u00e7ilmesi gerekiyor. Bu do\u011frultuda siyaset ve menfaat \u00fcst\u00fc bir anlay\u0131\u015fla \u00e7ocuklar\u0131n ya\u015famas\u0131, korunmas\u0131 i\u00e7in t\u00fcm d\u00fcnya \u00fclkelerinin harekete ge\u00e7mesi gerekiyor&#8221; ifadesini kulland\u0131.<\/p>\n<p>&#8220;TAR\u0130FS\u0130Z B\u0130R \u00dcZ\u00dcNT\u00dc \u0130\u00c7ER\u0130S\u0130NDEY\u0130Z&#8221;<\/p>\n<p>D\u00fcnya \u00e7ocuk haklar\u0131 g\u00fcn\u00fc olarak \u015fenliklerle, \u00e7e\u015fitli e\u011flencelerle kutlamam\u0131z gereken bug\u00fcnde, \u00e7ocuklar\u0131n en temel, en do\u011fal hakk\u0131 olan ya\u015fama hakk\u0131 i\u00e7in bu konu\u015fmay\u0131 yapmak zorunda oldu\u011fumuz i\u00e7in tarifsiz bir \u00fcz\u00fcnt\u00fc i\u00e7erisindeyiz. \u00c7ocuklar\u0131n daha sa\u011fl\u0131kl\u0131 ve geli\u015fimlerine uygun bir ya\u015fam s\u00fcrd\u00fcrmeleri i\u00e7in ger\u00e7ek\/t\u00fczel ki\u015filerin her birinin siyaset \u00fcst\u00fc bir anlay\u0131\u015fla meseleye bakmalar\u0131 ve \u00e7ocuklar\u0131n maruz kalm\u0131\u015f olduklar\u0131 sorunlara \u00e7ocuklar\u0131n \u00fcst\u00fcn yarar\u0131n\u0131 g\u00f6zeterek kal\u0131c\u0131 \u00e7\u00f6z\u00fcmler \u00fcretmeye \u00e7al\u0131\u015fmalar\u0131 gerekmektedir.<\/p>\n<p>Mersin Barosu \u00c7ocuk Haklar\u0131 Merkezi olarak; \u00e7ocuklar\u0131n u\u011frad\u0131\u011f\u0131 her t\u00fcrl\u00fc ihlal, \u015fiddet, ihmal ve istismar\u0131n takip\u00e7isi olarak t\u00fcm d\u00fcnya \u00fclkeleri, devlet organlar\u0131, siyasi erk ve sivil toplum kurulu\u015flar\u0131 ve inisiyatiflere \u00e7ocuk hak ihlalleri kar\u015f\u0131s\u0131nda y\u00fck\u00fcml\u00fcl\u00fcklerini defaatle hat\u0131rlat\u0131yor, \u00e7ocuk kat\u0131l\u0131ml\u0131 politikalar\u0131n geli\u015ftirilmesi noktas\u0131nda yap\u0131lacak \u00e7al\u0131\u015fmalarla; \u00e7ocuklar\u0131m\u0131z\u0131n bedensel, ruhsal geli\u015fimlerini sa\u011fl\u0131kl\u0131 \u015fekilde tamamlad\u0131klar\u0131, \u00e7ocukluklar\u0131n\u0131 doya doya ya\u015fayabildikleri ve elbette \u00fcst\u00fcn yararlar\u0131n\u0131n esas al\u0131nd\u0131\u011f\u0131, sa\u011fl\u0131kl\u0131, fiziksel veya ruhsal olarak ac\u0131 \u00e7ekmeyen, hayat\u0131n gerisinde kalmayan \u00e7ocuklar\u0131n ya\u015fayaca\u011f\u0131 bar\u0131\u015f ve huzur dolu bir \u00fclke ve d\u00fcnya temennisiyle; BM \u00c7ocuk Haklar\u0131 S\u00f6zle\u015fmesi&#8217;nin kabul\u00fcn\u00fcn 34. y\u0131l\u0131nda b\u00fct\u00fcn d\u00fcnya \u00e7ocuklar\u0131n\u0131n hak g\u00fcn\u00fcn\u00fc kutluyor, her daim yanlar\u0131nda oldu\u011fumuzu bir kez daha vurguluyoruz. S\u00f6zlerimizi her zaman oldu\u011fu gibi Ulu \u00d6nderimiz Mustafa Kemal Atat\u00fcrk&#8217;\u00fcn \u015fu s\u00f6zleriyle bitirmek istiyoruz. &#8216;\u00c7ocuklar gelece\u011fimizin g\u00fcvencesi, ya\u015fama sevincimizdir. Bug\u00fcn\u00fcn \u00e7ocu\u011funu yar\u0131n\u0131n b\u00fcy\u00fc\u011f\u00fc olarak yeti\u015ftirmek hepimizin insanl\u0131k g\u00f6revidir&#8217;. D\u00fcnya \u00c7ocuk Haklar\u0131 G\u00fcn\u00fcm\u00fcz kutlu olsun&#8221; \u015feklinde konu\u015ftu.<\/p>\n","protected":false},"excerpt":{"rendered":"<p>Mersin Barosu \u00c7ocuk Haklar\u0131 Merkezi, 20 Kas\u0131m D\u00fcnya \u00c7ocuk Haklar\u0131 G\u00fcn\u00fc nedeniyle bas\u0131n a\u00e7\u0131klamas\u0131 yapt\u0131. A\u00e7\u0131klamada, \u0130srail ve Filistin aras\u0131ndaki sava\u015f nedeniyle Gazze&#8217;de binlerce \u00e7ocu\u011fun hak ihlaline u\u011frad\u0131\u011f\u0131na dikkat \u00e7ekilerek, &#8220;Siyaset ve menfaat \u00fcst\u00fc bir anlay\u0131\u015fla \u00e7ocuklar\u0131n ya\u015famas\u0131, korunmas\u0131 i\u00e7in t\u00fcm d\u00fcnya \u00fclkelerinin harekete ge\u00e7mesi gerekiyor&#8221; denildi. &#8220;BM \u00c7OCUK HAKLARINA DA\u0130R S\u00d6ZLE\u015eME&#8217;YE TARAF \u00dcLKELER R\u0130AYET [&hellip;]<\/p>\n","protected":false},"author":2,"featured_media":28899,"comment_status":"open","ping_status":"open","sticky":false,"template":"","format":"standard","meta":{"footnotes":""},"categories":[34,1,2,3],"tags":[],"class_list":["post-28898","post","type-post","status-publish","format-standard","has-post-thumbnail","hentry","category-flas-haber","category-genel","category-gundem","category-manset"],"views":38,"_links":{"self":[{"href":"https:\/\/mersinkadingazetesi.com\/index.php?rest_route=\/wp\/v2\/posts\/28898"}],"collection":[{"href":"https:\/\/mersinkadingazetesi.com\/index.php?rest_route=\/wp\/v2\/posts"}],"about":[{"href":"https:\/\/mersinkadingazetesi.com\/index.php?rest_route=\/wp\/v2\/types\/post"}],"author":[{"embeddable":true,"href":"https:\/\/mersinkadingazetesi.com\/index.php?rest_route=\/wp\/v2\/users\/2"}],"replies":[{"embeddable":true,"href":"https:\/\/mersinkadingazetesi.com\/index.php?rest_route=%2Fwp%2Fv2%2Fcomments&post=28898"}],"version-history":[{"count":0,"href":"https:\/\/mersinkadingazetesi.com\/index.php?rest_route=\/wp\/v2\/posts\/28898\/revisions"}],"wp:featuredmedia":[{"embeddable":true,"href":"https:\/\/mersinkadingazetesi.com\/index.php?rest_route=\/wp\/v2\/media\/28899"}],"wp:attachment":[{"href":"https:\/\/mersinkadingazetesi.com\/index.php?rest_route=%2Fwp%2Fv2%2Fmedia&parent=28898"}],"wp:term":[{"taxonomy":"category","embeddable":true,"href":"https:\/\/mersinkadingazetesi.com\/index.php?rest_route=%2Fwp%2Fv2%2Fcategories&post=28898"},{"taxonomy":"post_tag","embeddable":true,"href":"https:\/\/mersinkadingazetesi.com\/index.php?rest_route=%2Fwp%2Fv2%2Ftags&post=28898"}],"curies":[{"name":"wp","href":"https:\/\/api.w.org\/{rel}","templated":true}]}}