{"id":28938,"date":"2023-11-22T13:04:29","date_gmt":"2023-11-22T10:04:29","guid":{"rendered":"http:\/\/mersinkadingazetesi.com\/?p=28938"},"modified":"2023-11-22T13:04:29","modified_gmt":"2023-11-22T10:04:29","slug":"baskan-secer-5-uluslararasi-mersin-maratonuna-kaydini-yaptirdi","status":"publish","type":"post","link":"https:\/\/mersinkadingazetesi.com\/?p=28938","title":{"rendered":"BA\u015eKAN SE\u00c7ER, &#8216;5. ULUSLARARASI MERS\u0130N MARATONU&#8217;NA KAYDINI YAPTIRDI"},"content":{"rendered":"<p>Mersin B\u00fcy\u00fck\u015fehir Belediye Ba\u015fkan\u0131 Vahap Se\u00e7er, Mersin B\u00fcy\u00fck\u015fehir Belediyesi taraf\u0131ndan d\u00fczenlenen ve 10 Aral\u0131k&#8217;ta ko\u015fulacak olan &#8216;5. Uluslararas\u0131 Mersin Maratonu&#8217;nun Halk Ko\u015fusu kategorisine kayd\u0131n\u0131 yapt\u0131rd\u0131. &#8216;5. Uluslararas\u0131 Mersin Maratonu&#8217;, &#8216;Herkes Ko\u015far Mersin&#8217;e&#8217; slogan\u0131yla ko\u015fulacak. Ba\u015fkan Se\u00e7er maratonda; &#8220;0033&#8221; yaz\u0131l\u0131 g\u00f6\u011f\u00fcs numaras\u0131 ile ko\u015facak<\/p>\n<p>Mersin B\u00fcy\u00fck\u015fehir Belediyesi Gen\u00e7lik ve Spor Hizmetleri Dairesi Ba\u015fkan\u0131 Emrullah Ta\u015fk\u0131n, Ba\u015fkan Se\u00e7er&#8217;i ziyaret ederek, maraton ti\u015f\u00f6rt\u00fc ile &#8220;0033&#8221; yaz\u0131l\u0131 g\u00f6\u011f\u00fcs numaras\u0131n\u0131 takdim etti.<\/p>\n<p>&#8220;10 Aral\u0131k&#8217;ta herkesi Mersin&#8217;e bekliyoruz&#8221;<\/p>\n<p>Ba\u015fkan Se\u00e7er de maratonun Halk Ko\u015fusu kategorisine https:\/\/imsva91-ctp.trendmicro.com:443\/wis\/clicktime\/v1\/query?url=www.mbbspor.org&#038;umid=59538501-0ABA-3606-BBE6-049DFD8E58FD&#038;auth=3b1925d1bc8738e93b0ed0c6e2bc564debba9efa-d387c20f495312052bd57c0e1a39987b42cecec3 adresinden kayd\u0131n\u0131 yaparak,  &#8220;Hay\u0131rl\u0131 olsun&#8221; dedi.  Ba\u015fkan Se\u00e7er, Mersin halk\u0131n\u0131 ve t\u00fcm sporseverleri maratonda ko\u015fmaya davet ederek; &#8220;10 Aral\u0131kta, 5. Uluslararas\u0131 Mersin Maratonu&#8217;nu ger\u00e7ekle\u015ftirece\u011fiz. 6 Aral\u0131k&#8217;a kadar da m\u00fcracaatlar devam edecek. Hem \u00fclke \u00e7ap\u0131nda hem uluslararas\u0131 \u00e7apta y\u00fczlerce sporcu bu maratona i\u015ftirak edecek. Ayn\u0131 zamanda Halk Ko\u015fusu da ger\u00e7ekle\u015fecek. 10 Aral\u0131k&#8217;ta herkesi Mersin&#8217;e bekliyoruz. Herkes Ko\u015far Mersin&#8217;e&#8221; dedi.<\/p>\n<p>5. Uluslararas\u0131 Mersin Maratonu hakk\u0131nda&#8230;<\/p>\n<p>D\u00fcnya Atletizm Birli\u011fi taraf\u0131ndan &#8216;Elite Label&#8217; kategorisine al\u0131nan 5. Uluslararas\u0131 Mersin Maratonu; T\u00fcrkiye&#8217;de bu kategoride yap\u0131lan tek maraton olma \u00f6zelli\u011fi ta\u015f\u0131yor. Maraton mesafesi de 42 bin 195 metreden olu\u015fuyor. Maraton ayr\u0131ca; 2024 Paris Yaz Olimpiyatlar\u0131&#8217;na kat\u0131l\u0131m i\u00e7in sporcular\u0131n kota alabilece\u011fi bir yar\u0131\u015f olmas\u0131 nedeniyle sporcular i\u00e7in b\u00fcy\u00fck \u00f6nem ta\u015f\u0131yor ve Paten Yar\u0131\u015f\u0131 da bu maratonun unutulmaz anlar\u0131ndan biri olacak. 5. Uluslararas\u0131 Mersin Maratonu&#8217;na kay\u0131t yapt\u0131rmak isteyenler &#8220;https:\/\/imsva91-ctp.trendmicro.com:443\/wis\/clicktime\/v1\/query?url=www.mbbspor.org%e2%80%9d&#038;umid=59538501-0ABA-3606-BBE6-049DFD8E58FD&#038;auth=3b1925d1bc8738e93b0ed0c6e2bc564debba9efa-bb8b35c924b25e9caa14b43a92caaeed9ade765c adresinden 6 Aral\u0131k tarihine kadar kay\u0131tlar\u0131n\u0131 yapt\u0131rabiliyor. Maratona \u015fimdiye kadar 18 \u00fclkeden kay\u0131t yapt\u0131r\u0131ld\u0131.  Maraton, 8-9 Aral\u0131k 2023 tarihlerinde \u00d6zgecan Aslan Bar\u0131\u015f Meydan\u0131&#8217;nda yap\u0131lacak fuarla ba\u015flayacak. Maraton; 42 kilometre, 10 kilometre,         Paten Yar\u0131\u015f\u0131 ve Halk Ko\u015fusu kategorilerinden olu\u015fuyor.<\/p>\n","protected":false},"excerpt":{"rendered":"<p>Mersin B\u00fcy\u00fck\u015fehir Belediye Ba\u015fkan\u0131 Vahap Se\u00e7er, Mersin B\u00fcy\u00fck\u015fehir Belediyesi taraf\u0131ndan d\u00fczenlenen ve 10 Aral\u0131k&#8217;ta ko\u015fulacak olan &#8216;5. Uluslararas\u0131 Mersin Maratonu&#8217;nun Halk Ko\u015fusu kategorisine kayd\u0131n\u0131 yapt\u0131rd\u0131. &#8216;5. Uluslararas\u0131 Mersin Maratonu&#8217;, &#8216;Herkes Ko\u015far Mersin&#8217;e&#8217; slogan\u0131yla ko\u015fulacak. Ba\u015fkan Se\u00e7er maratonda; &#8220;0033&#8221; yaz\u0131l\u0131 g\u00f6\u011f\u00fcs numaras\u0131 ile ko\u015facak Mersin B\u00fcy\u00fck\u015fehir Belediyesi Gen\u00e7lik ve Spor Hizmetleri Dairesi Ba\u015fkan\u0131 Emrullah Ta\u015fk\u0131n, Ba\u015fkan [&hellip;]<\/p>\n","protected":false},"author":2,"featured_media":28939,"comment_status":"open","ping_status":"open","sticky":false,"template":"","format":"standard","meta":{"footnotes":""},"categories":[3,10],"tags":[],"class_list":["post-28938","post","type-post","status-publish","format-standard","has-post-thumbnail","hentry","category-manset","category-spor"],"views":42,"_links":{"self":[{"href":"https:\/\/mersinkadingazetesi.com\/index.php?rest_route=\/wp\/v2\/posts\/28938"}],"collection":[{"href":"https:\/\/mersinkadingazetesi.com\/index.php?rest_route=\/wp\/v2\/posts"}],"about":[{"href":"https:\/\/mersinkadingazetesi.com\/index.php?rest_route=\/wp\/v2\/types\/post"}],"author":[{"embeddable":true,"href":"https:\/\/mersinkadingazetesi.com\/index.php?rest_route=\/wp\/v2\/users\/2"}],"replies":[{"embeddable":true,"href":"https:\/\/mersinkadingazetesi.com\/index.php?rest_route=%2Fwp%2Fv2%2Fcomments&post=28938"}],"version-history":[{"count":0,"href":"https:\/\/mersinkadingazetesi.com\/index.php?rest_route=\/wp\/v2\/posts\/28938\/revisions"}],"wp:featuredmedia":[{"embeddable":true,"href":"https:\/\/mersinkadingazetesi.com\/index.php?rest_route=\/wp\/v2\/media\/28939"}],"wp:attachment":[{"href":"https:\/\/mersinkadingazetesi.com\/index.php?rest_route=%2Fwp%2Fv2%2Fmedia&parent=28938"}],"wp:term":[{"taxonomy":"category","embeddable":true,"href":"https:\/\/mersinkadingazetesi.com\/index.php?rest_route=%2Fwp%2Fv2%2Fcategories&post=28938"},{"taxonomy":"post_tag","embeddable":true,"href":"https:\/\/mersinkadingazetesi.com\/index.php?rest_route=%2Fwp%2Fv2%2Ftags&post=28938"}],"curies":[{"name":"wp","href":"https:\/\/api.w.org\/{rel}","templated":true}]}}