{"id":28949,"date":"2023-11-23T12:35:21","date_gmt":"2023-11-23T09:35:21","guid":{"rendered":"http:\/\/mersinkadingazetesi.com\/?p=28949"},"modified":"2023-11-23T12:35:21","modified_gmt":"2023-11-23T09:35:21","slug":"silifkede-celal-bayar-caddesi-asfaltlandi","status":"publish","type":"post","link":"https:\/\/mersinkadingazetesi.com\/?p=28949","title":{"rendered":"S\u0130L\u0130FKE&#8217;DE CELAL BAYAR CADDES\u0130 ASFALTLANDI"},"content":{"rendered":"<p>Mersin B\u00fcy\u00fck\u015fehir Belediyesi Yol Yap\u0131m Bak\u0131m ve Onar\u0131m Dairesi Ba\u015fkanl\u0131\u011f\u0131 ekipleri, Silifke&#8217;de yapt\u0131\u011f\u0131 \u00e7al\u0131\u015fmalarla hem ula\u015f\u0131m\u0131 kolayla\u015ft\u0131r\u0131yor hem de kenti modernle\u015ftiriyor. Silifke il\u00e7esi i\u00e7in olduk\u00e7a \u00f6nemli olan ve farkl\u0131 kurumlar\u0131n altyap\u0131 \u00e7al\u0131\u015fmalar\u0131 nedeniyle deforme olan Celal Bayar Caddesi yap\u0131lan yeni \u00e7al\u0131\u015fma ile asfaltland\u0131.<\/p>\n<p>Farkl\u0131 kurum kaz\u0131lar\u0131 nedeniyle yol asfaltland\u0131<\/p>\n<p>Yapt\u0131\u011f\u0131 stratejik plan ve vatanda\u015flardan gelen taleplerle \u00e7al\u0131\u015fma rotas\u0131 belirleyen Yol Yap\u0131m Bak\u0131m ve Onar\u0131m Dairesi Ba\u015fkanl\u0131\u011f\u0131 ekipleri farkl\u0131 zamanlarda farkl\u0131 kurumlar\u0131n yapt\u0131\u011f\u0131 altyap\u0131 \u00e7al\u0131\u015fmalar\u0131 nedeni ile delik de\u015fik olan yol nedeniyle serzeni\u015fte bulunan vatanda\u015flara kulak vererek Celal Bayar Caddesi&#8217;ni yeniden s\u0131cak asfalt ile kaplad\u0131. 2 bin 100 metrelik yolu bir hafta gibi k\u0131sa bir s\u00fcrede ba\u015ftan sona yenileyen ekipler, b\u00f6lge sakinlerinin de takdirini kazand\u0131. Ekipler, 2 bin 100 metrelik yol i\u00e7in 4 bin 800 ton s\u0131cak asfalt kulland\u0131.<\/p>\n<p>Erden: &#8220;G\u00fczel bir yol yap\u0131ld\u0131, vatanda\u015f da memnun&#8221;<\/p>\n<p>Mersin B\u00fcy\u00fck\u015fehir Belediyesi Silifke Koordinasyon M\u00fcd\u00fcr\u00fc Atilla Erden, yolda yap\u0131lan \u00e7al\u0131\u015fman\u0131n detaylar\u0131n\u0131 vererek, &#8220;Bizim i\u00e7in \u00e7ok \u00f6nemli bir yoldu. Silifkemizi ba\u011flayan d\u00f6rt ana yolumuz var. Bu d\u00f6rt ana yolumuzun bir tanesi Celal Bayar Caddesi. Celal Bayar Caddesi&#8217;nde g\u00fczel bir \u00e7al\u0131\u015fma oldu. Toplam yol uzunlu\u011fumuz 2 bin 100 metre. 4 bin 800 ton s\u0131cak asfalt kulland\u0131k. Vatanda\u015f da \u00e7ok memnun. Olduk\u00e7a g\u00fczel bir emek sarf edilerek g\u00fczel bir yol yap\u0131ld\u0131&#8221; dedi.<\/p>\n<p>Muhtar Serin: &#8220;G\u00fczel bir \u00e7al\u0131\u015fma oldu&#8221;<\/p>\n<p>Silifke G\u00f6ksu Mahallesi Muhtar\u0131 Ahmet Serin, farkl\u0131 kurumlar\u0131n \u00e7al\u0131\u015fmalar\u0131 nedeniyle yolun s\u0131k s\u0131k deforme oldu\u011funu s\u00f6yleyerek, &#8220;Vahap Ba\u015fkan\u0131m\u0131z \u00e7ok g\u00fczel bir \u00e7al\u0131\u015fman\u0131n sonucu yolu bize teslim etti. Memnunuz, te\u015fekk\u00fcr ederiz. Halk\u0131m\u0131z, muhtarl\u0131\u011f\u0131ma gelip, \u00e7al\u0131\u015fmalar\u0131ndan dolay\u0131 Vahap Ba\u015fkan\u0131m\u0131za \u00e7ok te\u015fekk\u00fcr ediyorlar. Sadece yol de\u011fil, altyap\u0131, yem da\u011f\u0131t\u0131m\u0131 gibi hizmetlerden halk\u0131m\u0131z \u00e7ok memnun&#8221; dedi.<\/p>\n<p>Muhtar G\u00fcrb\u00fcz: &#8220;Yap\u0131lan i\u015fte estetik ve profesyonellik var&#8221;<\/p>\n<p>Gazi Mahallesi Muhtar\u0131 Kerim G\u00fcrb\u00fcz, yap\u0131lan yolun kendileri i\u00e7in \u00f6nemli oldu\u011funu belirterek, &#8220;Bu asfalt\u0131m\u0131z bizim i\u00e7in hayati \u00f6nem ta\u015f\u0131yor. \u00c7\u00fcnk\u00fc Gazi Mahallesi ve G\u00f6ksu Mahallesi b\u00f6lgesinde 50 bin n\u00fcfus ya\u015f\u0131yor. Do\u011falgaz, telekom, enerji ve elektrik gibi altyap\u0131 \u00e7al\u0131\u015fmalar\u0131ndan dolay\u0131 s\u0131k s\u0131k deforme oluyor. Kald\u0131r\u0131m \u00e7al\u0131\u015fmas\u0131n\u0131 da son sistem yapt\u0131. \u00c7ok g\u00fczel \u00e7al\u0131\u015fmalar\u0131 var, \u00e7ok be\u011feniyoruz. Yap\u0131lan i\u015fte bir estetik, g\u00f6steri\u015f, profesyonellik var. Mersin B\u00fcy\u00fck\u015fehir Belediyesi&#8217;nin hizmetlerini \u00e7ok be\u011feniyorum. \u00c7ok takdir ediyorum. \u00c7ok g\u00fczel oldu, harika oldu&#8221; diye konu\u015ftu.<\/p>\n<p>&#8220;Vatanda\u015f\u0131n memnuniyeti y\u00fczlerinde g\u00f6r\u00fcn\u00fcyor&#8221;<\/p>\n<p>Vatanda\u015flar\u0131n da yap\u0131lan hizmetler hakk\u0131nda s\u0131k s\u0131k te\u015fekk\u00fcr etti\u011fini kaydeden G\u00fcrb\u00fcz, &#8220;Vatanda\u015f\u0131n memnuniyeti zaten y\u00fczlerinde g\u00f6r\u00fcn\u00fcyor. Vatanda\u015f hizmetin ne oldu\u011funu, kalitesini biliyor. B\u00fcy\u00fck\u015fehir Belediyesi&#8217;nin yapt\u0131\u011f\u0131 \u00e7al\u0131\u015fmalar hem Avrupa tarz\u0131 bir \u00e7al\u0131\u015fma hem \u015fehre yak\u0131\u015f\u0131r bir \u00e7al\u0131\u015fma. \u015eehre ayr\u0131 bir vizyon kat\u0131yor&#8221; ifadelerini kulland\u0131.<\/p>\n<p>&#8220;Eskiden k\u00f6stebek yuvas\u0131 gibiydi, \u015fimdi \u00e7ok g\u00fczel&#8221;<\/p>\n<p>Yap\u0131lan hizmeti, &#8220;\u00c7ok memnunuz. \u00c7ok g\u00fczel&#8221; c\u00fcmleleriyle de\u011ferlendiren vatanda\u015flardan Nazif Zab\u0131no\u011flu, &#8220;Yol geni\u015fledi, \u015fimdi gayet rahat. \u00d6nceden k\u00f6stebek yuvas\u0131 gibiydi. Ara\u00e7la, motosikletle gidip gelemiyordum. \u015eu an \u00e7ok iyi, \u00e7ok memnunuz&#8221; ifadelerini kulland\u0131.<\/p>\n<p>B\u00f6lge sakinlerinden Zekai Serin de, &#8220;Vahap Bey&#8217;den gerek k\u00f6ylerde, gerek \u015fehirde, gerek eski beldelerde hizmet olarak t\u00fcm halk\u0131n memnun oldu\u011funu biliyorum. T\u00fcm Silifke halk\u0131 Vahap Bey&#8217;den memnun&#8221; derken, yap\u0131lan yeni yolu bisiklet s\u00fcrmek i\u00e7in kullanan Mustafa Kaplan ise, &#8220;\u00d6nceden yol \u00e7ok \u00e7ukurluydu. Bisikletlerimiz zarar g\u00f6r\u00fcyordu. \u015eimdi daha iyi oldu. Hep b\u00f6yle devam etsinler&#8221; dedi.<\/p>\n","protected":false},"excerpt":{"rendered":"<p>Mersin B\u00fcy\u00fck\u015fehir Belediyesi Yol Yap\u0131m Bak\u0131m ve Onar\u0131m Dairesi Ba\u015fkanl\u0131\u011f\u0131 ekipleri, Silifke&#8217;de yapt\u0131\u011f\u0131 \u00e7al\u0131\u015fmalarla hem ula\u015f\u0131m\u0131 kolayla\u015ft\u0131r\u0131yor hem de kenti modernle\u015ftiriyor. Silifke il\u00e7esi i\u00e7in olduk\u00e7a \u00f6nemli olan ve farkl\u0131 kurumlar\u0131n altyap\u0131 \u00e7al\u0131\u015fmalar\u0131 nedeniyle deforme olan Celal Bayar Caddesi yap\u0131lan yeni \u00e7al\u0131\u015fma ile asfaltland\u0131. Farkl\u0131 kurum kaz\u0131lar\u0131 nedeniyle yol asfaltland\u0131 Yapt\u0131\u011f\u0131 stratejik plan ve vatanda\u015flardan gelen [&hellip;]<\/p>\n","protected":false},"author":2,"featured_media":28950,"comment_status":"open","ping_status":"open","sticky":false,"template":"","format":"standard","meta":{"footnotes":""},"categories":[3],"tags":[],"class_list":["post-28949","post","type-post","status-publish","format-standard","has-post-thumbnail","hentry","category-manset"],"views":3,"_links":{"self":[{"href":"https:\/\/mersinkadingazetesi.com\/index.php?rest_route=\/wp\/v2\/posts\/28949"}],"collection":[{"href":"https:\/\/mersinkadingazetesi.com\/index.php?rest_route=\/wp\/v2\/posts"}],"about":[{"href":"https:\/\/mersinkadingazetesi.com\/index.php?rest_route=\/wp\/v2\/types\/post"}],"author":[{"embeddable":true,"href":"https:\/\/mersinkadingazetesi.com\/index.php?rest_route=\/wp\/v2\/users\/2"}],"replies":[{"embeddable":true,"href":"https:\/\/mersinkadingazetesi.com\/index.php?rest_route=%2Fwp%2Fv2%2Fcomments&post=28949"}],"version-history":[{"count":0,"href":"https:\/\/mersinkadingazetesi.com\/index.php?rest_route=\/wp\/v2\/posts\/28949\/revisions"}],"wp:featuredmedia":[{"embeddable":true,"href":"https:\/\/mersinkadingazetesi.com\/index.php?rest_route=\/wp\/v2\/media\/28950"}],"wp:attachment":[{"href":"https:\/\/mersinkadingazetesi.com\/index.php?rest_route=%2Fwp%2Fv2%2Fmedia&parent=28949"}],"wp:term":[{"taxonomy":"category","embeddable":true,"href":"https:\/\/mersinkadingazetesi.com\/index.php?rest_route=%2Fwp%2Fv2%2Fcategories&post=28949"},{"taxonomy":"post_tag","embeddable":true,"href":"https:\/\/mersinkadingazetesi.com\/index.php?rest_route=%2Fwp%2Fv2%2Ftags&post=28949"}],"curies":[{"name":"wp","href":"https:\/\/api.w.org\/{rel}","templated":true}]}}