{"id":28959,"date":"2023-11-23T12:40:37","date_gmt":"2023-11-23T09:40:37","guid":{"rendered":"http:\/\/mersinkadingazetesi.com\/?p=28959"},"modified":"2023-11-23T12:40:37","modified_gmt":"2023-11-23T09:40:37","slug":"mersin-barosu-esitlik-dilde-baslar-egitimi-duzenledi","status":"publish","type":"post","link":"https:\/\/mersinkadingazetesi.com\/?p=28959","title":{"rendered":"MERS\u0130N BAROSU &#8216;E\u015e\u0130TL\u0130K D\u0130LDE BA\u015eLAR&#8217; E\u011e\u0130T\u0130M\u0130 D\u00dcZENLED\u0130"},"content":{"rendered":"<p>Mersin Barosu Kad\u0131n Haklar\u0131 Merkezi taraf\u0131ndan, &#8220;E\u015fitlik Dilde Ba\u015flar&#8221; konulu e\u011fitim d\u00fczenlendi. E\u011fitimde baro y\u00f6netimi, personeller ve avukatlar, e\u015fitlik\u00e7i dil kullan\u0131m\u0131 ve toplumsal cinsiyet e\u015fitsizli\u011finin \u00f6n\u00fcne ge\u00e7ilmesi i\u00e7in neler yap\u0131lmas\u0131 gerekti\u011fi konusunda bilgilendirildi.<\/p>\n<p>Mersin Barosu Ba\u015fkan\u0131 Av. Gazi \u00d6zdemir, y\u00f6netim kurulu \u00fcyeleri, avukatlar ve baro personellerinin kat\u0131l\u0131m\u0131yla G\u00f6kdelen hizmet biriminde d\u00fczenlenen e\u011fitim, Mersin Barosu Kad\u0131n Haklar\u0131 Merkezi Ba\u015fkan\u0131 Av. Arzu G\u00fcnay&#8217;\u0131n moderat\u00f6rl\u00fc\u011f\u00fcnde, Toplumsal Cinsiyet \u00c7al\u0131\u015fmalar\u0131 Uzman\u0131\/Mezitli Belediyesi E\u015fitlik Birimi Sorumlusu Dr. Burcu \u015eanl\u0131 ve Mersin B\u00fcy\u00fck\u015fehir Belediyesi Kad\u0131n ve Aile Hizmetleri Dairesi M\u00fcd\u00fcr\u00fc Edibe Sahil &#8216;in sunumuyla yap\u0131ld\u0131.<\/p>\n<p>Dr. Burcu \u015eanl\u0131 sunumunda; Toplumsal ve biyolojik cinsiyet, k\u0131z ve erkek \u00e7ocuklar hakk\u0131nda kal\u0131pla\u015fm\u0131\u015f yarg\u0131lar, toplumsal cinsiyet e\u015fitli\u011fi ile ilgili kavramlar, k\u0131z ve erkek \u00e7ocuklar i\u00e7in oyuncak,  isim ve ders materyalleri se\u00e7iminde cinsiyet\u00e7i bak\u0131\u015f, \u00e7al\u0131\u015fma hayat\u0131nda cinsiyet temelli e\u015fitsizlikler, \u00f6nyarg\u0131lar ve ayr\u0131mc\u0131 dil, yaz\u0131l\u0131 ve g\u00f6rsel bas\u0131n ile sosyal medyada eril ve cinsiyet\u00e7i dil kullan\u0131m\u0131, e\u011fitimde cinsiyet\u00e7i ayr\u0131m, masallarda ve kitaplarda kad\u0131n\u0131n pasif g\u00f6sterilmesi konular\u0131nda bilgilendirme yapt\u0131.<\/p>\n<p>Mersin B\u00fcy\u00fck\u015fehir Belediyesi Kad\u0131n ve Aile Hizmetleri Dairesi M\u00fcd\u00fcr\u00fc Edibe Sahil ise sunumunda; E\u015fitlik\u00e7i dil, T\u00fcrkiye&#8217;de ve Mersin&#8217;de kad\u0131n-erkek temsil oran\u0131, siyaset ve kamu y\u00f6netiminde eril y\u00f6netim, istihdamda kad\u0131n ve erkek say\u0131s\u0131, yapay zek\u00e2n\u0131n kullan\u0131m\u0131nda cinsiyet e\u015fitsizli\u011fi, cinsiyet\u00e7i s\u00f6ylemler, i\u015fyerinde eril davran\u0131\u015flar, hitabet ve toplumsal cinsiyet e\u015fitsizli\u011fi \u00fcretmemek i\u00e7in neler yap\u0131lmas\u0131 gerekti\u011fi konusunda sunum yapt\u0131.<\/p>\n","protected":false},"excerpt":{"rendered":"<p>Mersin Barosu Kad\u0131n Haklar\u0131 Merkezi taraf\u0131ndan, &#8220;E\u015fitlik Dilde Ba\u015flar&#8221; konulu e\u011fitim d\u00fczenlendi. E\u011fitimde baro y\u00f6netimi, personeller ve avukatlar, e\u015fitlik\u00e7i dil kullan\u0131m\u0131 ve toplumsal cinsiyet e\u015fitsizli\u011finin \u00f6n\u00fcne ge\u00e7ilmesi i\u00e7in neler yap\u0131lmas\u0131 gerekti\u011fi konusunda bilgilendirildi. Mersin Barosu Ba\u015fkan\u0131 Av. Gazi \u00d6zdemir, y\u00f6netim kurulu \u00fcyeleri, avukatlar ve baro personellerinin kat\u0131l\u0131m\u0131yla G\u00f6kdelen hizmet biriminde d\u00fczenlenen e\u011fitim, Mersin Barosu Kad\u0131n [&hellip;]<\/p>\n","protected":false},"author":2,"featured_media":28960,"comment_status":"open","ping_status":"open","sticky":false,"template":"","format":"standard","meta":{"footnotes":""},"categories":[3],"tags":[],"class_list":["post-28959","post","type-post","status-publish","format-standard","has-post-thumbnail","hentry","category-manset"],"views":2,"_links":{"self":[{"href":"https:\/\/mersinkadingazetesi.com\/index.php?rest_route=\/wp\/v2\/posts\/28959"}],"collection":[{"href":"https:\/\/mersinkadingazetesi.com\/index.php?rest_route=\/wp\/v2\/posts"}],"about":[{"href":"https:\/\/mersinkadingazetesi.com\/index.php?rest_route=\/wp\/v2\/types\/post"}],"author":[{"embeddable":true,"href":"https:\/\/mersinkadingazetesi.com\/index.php?rest_route=\/wp\/v2\/users\/2"}],"replies":[{"embeddable":true,"href":"https:\/\/mersinkadingazetesi.com\/index.php?rest_route=%2Fwp%2Fv2%2Fcomments&post=28959"}],"version-history":[{"count":0,"href":"https:\/\/mersinkadingazetesi.com\/index.php?rest_route=\/wp\/v2\/posts\/28959\/revisions"}],"wp:featuredmedia":[{"embeddable":true,"href":"https:\/\/mersinkadingazetesi.com\/index.php?rest_route=\/wp\/v2\/media\/28960"}],"wp:attachment":[{"href":"https:\/\/mersinkadingazetesi.com\/index.php?rest_route=%2Fwp%2Fv2%2Fmedia&parent=28959"}],"wp:term":[{"taxonomy":"category","embeddable":true,"href":"https:\/\/mersinkadingazetesi.com\/index.php?rest_route=%2Fwp%2Fv2%2Fcategories&post=28959"},{"taxonomy":"post_tag","embeddable":true,"href":"https:\/\/mersinkadingazetesi.com\/index.php?rest_route=%2Fwp%2Fv2%2Ftags&post=28959"}],"curies":[{"name":"wp","href":"https:\/\/api.w.org\/{rel}","templated":true}]}}